{"id":53231,"date":"2025-04-29T09:54:58","date_gmt":"2025-04-29T12:54:58","guid":{"rendered":"https:\/\/radiorevelacionfm.cl\/?p=53231"},"modified":"2025-04-29T09:54:58","modified_gmt":"2025-04-29T12:54:58","slug":"en-la-region-presentan-el-plan-nacional-sumo-primero-para-mejorar-aprendizajes-de-matematica-de-1-a-6-basico","status":"publish","type":"post","link":"https:\/\/radiorevelacionfm.cl\/?p=53231","title":{"rendered":"En la regi\u00f3n presentan el Plan Nacional Sumo Primero para mejorar aprendizajes de matem\u00e1tica de 1\u00b0 a 6\u00b0 b\u00e1sico"},"content":{"rendered":"<div class=\"flex_column av_one_full  flex_column_div av-zero-column-padding first  avia-builder-el-0  el_before_av_one_full  avia-builder-el-first  \" style='border-radius:0px; '><div  class='avia-image-container  av-styling-    avia-builder-el-1  avia-builder-el-no-sibling  avia-align-center '  itemprop=\"image\" itemscope=\"itemscope\" itemtype=\"https:\/\/schema.org\/ImageObject\"  ><div class='avia-image-container-inner'><div class='avia-image-overlay-wrap'><img decoding=\"async\" class='wp-image-53232 avia-img-lazy-loading-not-53232 avia_image' src=\"https:\/\/radiorevelacionfm.cl\/wp-content\/uploads\/2025\/04\/Grupal-6-1-1.jpeg\" alt='' title='Grupal (6) (1) (1)' height=\"600\" width=\"898\"  itemprop=\"thumbnailUrl\" srcset=\"https:\/\/radiorevelacionfm.cl\/wp-content\/uploads\/2025\/04\/Grupal-6-1-1.jpeg 898w, https:\/\/radiorevelacionfm.cl\/wp-content\/uploads\/2025\/04\/Grupal-6-1-1-300x200.jpeg 300w, https:\/\/radiorevelacionfm.cl\/wp-content\/uploads\/2025\/04\/Grupal-6-1-1-768x513.jpeg 768w, https:\/\/radiorevelacionfm.cl\/wp-content\/uploads\/2025\/04\/Grupal-6-1-1-705x471.jpeg 705w, https:\/\/radiorevelacionfm.cl\/wp-content\/uploads\/2025\/04\/Grupal-6-1-1-450x301.jpeg 450w, https:\/\/radiorevelacionfm.cl\/wp-content\/uploads\/2025\/04\/Grupal-6-1-1-600x401.jpeg 600w\" sizes=\"(max-width: 898px) 100vw, 898px\" \/><\/div><\/div><\/div><\/div><div class=\"flex_column av_one_full  flex_column_div av-zero-column-padding first  avia-builder-el-2  el_after_av_one_full  el_before_av_one_full  column-top-margin\" style='border-radius:0px; '><section class=\"av_textblock_section \"  itemscope=\"itemscope\" itemtype=\"https:\/\/schema.org\/BlogPosting\" itemprop=\"blogPost\" ><div class='avia_textblock  '   itemprop=\"text\" ><p style=\"text-align: center;\"><strong><span style=\"font-size: 18pt;\">En la regi\u00f3n presentan el Plan Nacional Sumo Primero para mejorar aprendizajes de matem\u00e1tica de 1\u00b0 a 6\u00b0 b\u00e1sico<\/span><\/strong><\/p>\n<div id=\"gtx-trans\" style=\"position: absolute; left: -50px; top: 4.31534px;\">\n<div class=\"gtx-trans-icon\"><\/div>\n<\/div>\n<\/div><\/section><\/div><div class=\"flex_column av_one_full  flex_column_div av-zero-column-padding first  avia-builder-el-4  el_after_av_one_full  el_before_av_hr  column-top-margin\" style='border-radius:0px; '><section class=\"av_textblock_section \"  itemscope=\"itemscope\" itemtype=\"https:\/\/schema.org\/BlogPosting\" itemprop=\"blogPost\" ><div class='avia_textblock  '   itemprop=\"text\" ><p class=\"v1MsoNormal\" style=\"text-align: justify;\" align=\"center\"><em>Por primera vez, el sistema educativo chileno contar\u00e1 con un cat\u00e1logo \u00fanico de textos escolares en esa asignatura, beneficiando a m\u00e1s de 1.300.000 estudiantes y 30.000 docentes.<\/em><\/p>\n<p class=\"v1MsoNormal\" style=\"text-align: justify;\">El Ministerio de Educaci\u00f3n realiz\u00f3 el lanzamiento oficial del Plan de Acompa\u00f1amiento al texto escolar Sumo Primero, un recurso educativo que por primera vez ser\u00e1 distribuido de manera universal a estudiantes de 1\u00ba a 6\u00ba b\u00e1sico en todos los establecimientos educacionales del pa\u00eds, con el objetivo de fortalecer los aprendizajes en Matem\u00e1tica.<\/p>\n<p class=\"v1MsoNormal\" style=\"text-align: justify;\">La presentaci\u00f3n regional se realiz\u00f3 en el Liceo Josefina Aguirre Montenegro de Coyhaique y cont\u00f3 con la participaci\u00f3n del Seremi(s) Claudio Rivera, la Jefa del Departamento provincial de Educaci\u00f3n Coyhaique Michelle Grondona la Investigadora y del Laboratorio de Educaci\u00f3n del Centro de Modelamiento Matem\u00e1tico de la Universidad de Chile y Coordinadora del Plan Nacional Sumo Primero Daniela Rojas Bast\u00edas; y Bernardita Maillard Acad\u00e9mica de la Carrera de Pedagog\u00eda en Educaci\u00f3n B\u00e1sica de la Universidad Austral de Chile Campus Patagonia, instituci\u00f3n que implementar\u00e1 los talleres presenciales en la regi\u00f3n y profesoras y profesores de Matem\u00e1ticas.<\/p>\n<p class=\"v1MsoNormal\" style=\"text-align: justify;\">El texto Sumo Primero nace del material japon\u00e9s \u201cStudy with your Friends: Mathematics for Elementary School\u201d, desarrollado por la Universidad de Tsukuba, y su adaptaci\u00f3n al contexto nacional fue liderada por expertos chilenos en did\u00e1ctica de la matem\u00e1tica del Centro de Modelamiento Matem\u00e1tico de la Universidad de Chile, ofreciendo un innovador modelo probado internacionalmente para el desarrollo del pensamiento matem\u00e1tico en los primeros a\u00f1os de la trayectoria educativa.<\/p>\n<p class=\"v1MsoNormal\" style=\"text-align: justify;\">Hoy este texto escolar llega a las escuelas chilenas de la mano del\u00a0Plan Sumo Primero\u00a0impulsado por Mineduc, que se basa en la colecci\u00f3n de textos \u201cSumo Primero\u201d que durante este a\u00f1o ser\u00e1 distribuida en todos los establecimientos educacionales que reciben financiamiento estatal, beneficiando a m\u00e1s de 1.300.000 estudiantes y 30.000 docentes. Con la distribuci\u00f3n de \u201cSumo Primero\u201d, por primera vez el sistema educativo chileno contar\u00e1 con un cat\u00e1logo \u00fanico de textos escolares en ese tramo.<\/p>\n<p class=\"v1MsoNormal\" style=\"text-align: justify;\">Al respecto, Claudio Rivera destac\u00f3 que el plan Sumo Primero propone una nueva forma de relacionarnos con las Matem\u00e1ticas; es en esencia una nueva forma de relacionarnos con los n\u00fameros es por eso que invitamos a las profesoras y profesores de asignatura en la regi\u00f3n de Ays\u00e9n a informarse\u00a0 e inscribirse en las capacitaciones y talleres que se desarrollar\u00e1n durante el 2025 y 2026\u201d.<\/p>\n<p class=\"v1MsoNormal\" style=\"text-align: justify;\">Daniela Rojas al presentar la iniciativa destac\u00f3 que: \u201cEl Plan Sumo Primero tiene el prop\u00f3sito de fortalecer y potenciar el uso de la colecci\u00f3n de textos Sumo Primero de 1\u00b0 a 6\u00b0 B\u00e1sico que hoy est\u00e1 llegando a todos los establecimientos del pa\u00eds y las y los ni\u00f1os est\u00e1n aprendiendo con esta propuesta did\u00e1ctica para la ense\u00f1anza de las Matem\u00e1ticas. El plan tiene una serie de iniciativas que buscan apoyar el uso de los textos en las escuelas; capacitaci\u00f3n\u00a0 a los docentes y para jefes de Unidad T\u00e9cnico Pedag\u00f3gica y otros materiales que estar\u00e1n disponibles. Adem\u00e1s pronto se presentar\u00e1 y difundir\u00e1 un asistente de Inteligencia Artificial ChatSP especialmente dise\u00f1ado para el Plan Sumo Primera apoyar a los docentes en el uso de la colecci\u00f3n completa de textos, entre ellas responder preguntas que les faciliten la preparaci\u00f3n de sus clases\u201d.<\/p>\n<p class=\"v1MsoNormal\" style=\"text-align: justify;\">Por su parte, Bernardita Maillard manifest\u00f3 que: \u201cPara nuestra Universidad es muy relevante participar y apoyar en la implementaci\u00f3n del plan Sumo Primero junto a la Universidad de Chile en las regiones de Los R\u00edos, Los Lagos y Ays\u00e9n. Es un paso importante que el programa haya considerado a las universidades regionales en la implementaci\u00f3n ya que nosotros conocemos las particularidades del territorio y los docentes que ejercen ac\u00e1. Ays\u00e9n tiene sus complejidades y estamos disponibles como Universidad Austral de Chile Campus Patagonia y Escuela de Pedagog\u00eda en Educaci\u00f3n B\u00e1sica a apoyar con entusiasmo las actividades que permitan implementar el plan.\u201d<\/p>\n<p class=\"v1MsoNormal\" style=\"text-align: justify;\"><strong>Plan Nacional Sumo Primero<\/strong><\/p>\n<p class=\"v1MsoNormal\" style=\"text-align: justify;\">Para potenciar el uso de los textos escolares como herramienta clave de mejora, el Mineduc, con apoyo del Centro de Modelamiento Matem\u00e1tico de la Universidad de Chile, fortalecer\u00e1 el\u00a0acompa\u00f1amiento a equipos directivos y docentes. Este a\u00f1o, se desarrollar\u00e1n:<\/p>\n<ul type=\"disc\">\n<li class=\"v1MsoNormal\" style=\"text-align: justify;\">68 talleres a nivel nacional (al menos 4 por regi\u00f3n), que convocar\u00e1n a cerca de 2 mil docentes, entre abril y noviembre con foco en la difusi\u00f3n y apropiaci\u00f3n de la estrategia did\u00e1ctica de los textos Sumo Primero.<\/li>\n<li class=\"v1MsoNormal\" style=\"text-align: justify;\">Webinars para las familias, buscando intensificar los apoyos para el aprendizaje de la matem\u00e1tica.<\/li>\n<li class=\"v1MsoNormal\" style=\"text-align: justify;\">Una plataforma digital con un\u00a0asistente virtual de Inteligencia Artificial\u00a0para apoyar a los docentes en el uso de Sumo Primero. Este asistente permitir\u00e1 apoyar a los docentes en el aula, respondiendo consultas r\u00e1pidas, entregando orientaci\u00f3n sobre el uso de los textos escolares, b\u00fasqueda de recursos y sugerencias basadas en la Gu\u00eda Did\u00e1ctica Docente. Adem\u00e1s, apoyar\u00e1 al docente para abordar las brechas de aprendizaje de sus estudiantes en el aula, sugiriendo actividades de cursos previos, actividades adaptadas u otras complementarias. El recurso operar\u00e1 de manera similar a ChatGPT y podr\u00e1 atender, durante el periodo de ejecuci\u00f3n del proyecto, aproximadamente 20 mil consultas mensuales, lo que equivale a un promedio de 700 consultas diarias.<\/li>\n<li class=\"v1MsoNormal\" style=\"text-align: justify;\">Adem\u00e1s, para favorecer la trayectoria educativa desde educaci\u00f3n parvularia, se desarrollar\u00e1 la iniciativa Juego Primero, que distribuir\u00e1 m\u00e1s de 18 mil cajas con recursos did\u00e1cticos para fortalecer el pensamiento matem\u00e1tico en prek\u00ednder, beneficiando a m\u00e1s de 180 mil ni\u00f1os en m\u00e1s de 6.500 establecimientos.<\/li>\n<\/ul>\n<\/div><\/section><\/div><div  style='height:50px' class='hr hr-invisible   avia-builder-el-6  el_after_av_one_full  el_before_av_social_share '><span class='hr-inner ' ><span class='hr-inner-style'><\/span><\/span><\/div><\/p>\n<div  class='av-social-sharing-box  avia-builder-el-7  el_after_av_hr  el_before_av_hr  '><div class='av-share-box'><h5 class='av-share-link-description av-no-toc '>Compartir esta noticia<\/h5><ul class='av-share-box-list noLightbox'><li class='av-share-link av-social-link-facebook' ><a target=\"_blank\" aria-label=\"Compartir en Facebook\" href='https:\/\/www.facebook.com\/sharer.php?u=https:\/\/radiorevelacionfm.cl\/?p=53231&#038;t=En%20la%20regi%C3%B3n%20presentan%20el%20Plan%20Nacional%20Sumo%20Primero%20para%20mejorar%20aprendizajes%20de%20matem%C3%A1tica%20de%201%C2%B0%20a%206%C2%B0%20b%C3%A1sico' aria-hidden='false' data-av_icon='\ue8f3' data-av_iconfont='entypo-fontello' title='' data-avia-related-tooltip='Compartir en Facebook' rel=\"noopener\"><span class='avia_hidden_link_text'>Compartir en Facebook<\/span><\/a><\/li><li class='av-share-link av-social-link-twitter' ><a target=\"_blank\" aria-label=\"Compartir en Twitter\" href='https:\/\/twitter.com\/share?text=En%20la%20regi%C3%B3n%20presentan%20el%20Plan%20Nacional%20Sumo%20Primero%20para%20mejorar%20aprendizajes%20de%20matem%C3%A1tica%20de%201%C2%B0%20a%206%C2%B0%20b%C3%A1sico&#038;url=https:\/\/radiorevelacionfm.cl\/?p=53231' aria-hidden='false' data-av_icon='\ue8f1' data-av_iconfont='entypo-fontello' title='' data-avia-related-tooltip='Compartir en Twitter' rel=\"noopener\"><span class='avia_hidden_link_text'>Compartir en Twitter<\/span><\/a><\/li><li class='av-share-link av-social-link-whatsapp' ><a target=\"_blank\" aria-label=\"Compartir en Whatsapp\" href='https:\/\/api.whatsapp.com\/send?text=https:\/\/radiorevelacionfm.cl\/?p=53231' aria-hidden='false' data-av_icon='\uf232' data-av_iconfont='entypo-fontello' title='' data-avia-related-tooltip='Compartir en Whatsapp' rel=\"noopener\"><span class='avia_hidden_link_text'>Compartir en Whatsapp<\/span><\/a><\/li><li class='av-share-link av-social-link-linkedin' ><a target=\"_blank\" aria-label=\"Compartir en LinkedIn\" href='https:\/\/linkedin.com\/shareArticle?mini=true&#038;title=En%20la%20regi%C3%B3n%20presentan%20el%20Plan%20Nacional%20Sumo%20Primero%20para%20mejorar%20aprendizajes%20de%20matem%C3%A1tica%20de%201%C2%B0%20a%206%C2%B0%20b%C3%A1sico&#038;url=https:\/\/radiorevelacionfm.cl\/?p=53231' aria-hidden='false' data-av_icon='\ue8fc' data-av_iconfont='entypo-fontello' title='' data-avia-related-tooltip='Compartir en LinkedIn' rel=\"noopener\"><span class='avia_hidden_link_text'>Compartir en LinkedIn<\/span><\/a><\/li><li class='av-share-link av-social-link-mail' ><a  aria-label=\"Compartir por correo\" href='mailto:?subject=En%20la%20regi%C3%B3n%20presentan%20el%20Plan%20Nacional%20Sumo%20Primero%20para%20mejorar%20aprendizajes%20de%20matem%C3%A1tica%20de%201%C2%B0%20a%206%C2%B0%20b%C3%A1sico&#038;body=https:\/\/radiorevelacionfm.cl\/?p=53231' aria-hidden='false' data-av_icon='\ue805' data-av_iconfont='entypo-fontello' title='' data-avia-related-tooltip='Compartir por correo'><span class='avia_hidden_link_text'>Compartir por correo<\/span><\/a><\/li><\/ul><\/div><\/div>\n<div  style='height:50px' class='hr hr-invisible   avia-builder-el-8  el_after_av_social_share  el_before_av_comments_list '><span class='hr-inner ' ><span class='hr-inner-style'><\/span><\/span><\/div>\n<div  class='av-buildercomment  av-blog-meta-html-info-disabled av-blog-meta-tag-disabled  '><\/div>\n","protected":false},"excerpt":{"rendered":"","protected":false},"author":1,"featured_media":53232,"comment_status":"closed","ping_status":"closed","sticky":false,"template":"","format":"standard","meta":{"footnotes":""},"categories":[49],"tags":[],"class_list":["post-53231","post","type-post","status-publish","format-standard","has-post-thumbnail","hentry","category-educacion"],"jetpack_featured_media_url":"https:\/\/radiorevelacionfm.cl\/wp-content\/uploads\/2025\/04\/Grupal-6-1-1.jpeg","_links":{"self":[{"href":"https:\/\/radiorevelacionfm.cl\/index.php?rest_route=\/wp\/v2\/posts\/53231","targetHints":{"allow":["GET"]}}],"collection":[{"href":"https:\/\/radiorevelacionfm.cl\/index.php?rest_route=\/wp\/v2\/posts"}],"about":[{"href":"https:\/\/radiorevelacionfm.cl\/index.php?rest_route=\/wp\/v2\/types\/post"}],"author":[{"embeddable":true,"href":"https:\/\/radiorevelacionfm.cl\/index.php?rest_route=\/wp\/v2\/users\/1"}],"replies":[{"embeddable":true,"href":"https:\/\/radiorevelacionfm.cl\/index.php?rest_route=%2Fwp%2Fv2%2Fcomments&post=53231"}],"version-history":[{"count":2,"href":"https:\/\/radiorevelacionfm.cl\/index.php?rest_route=\/wp\/v2\/posts\/53231\/revisions"}],"predecessor-version":[{"id":53249,"href":"https:\/\/radiorevelacionfm.cl\/index.php?rest_route=\/wp\/v2\/posts\/53231\/revisions\/53249"}],"wp:featuredmedia":[{"embeddable":true,"href":"https:\/\/radiorevelacionfm.cl\/index.php?rest_route=\/wp\/v2\/media\/53232"}],"wp:attachment":[{"href":"https:\/\/radiorevelacionfm.cl\/index.php?rest_route=%2Fwp%2Fv2%2Fmedia&parent=53231"}],"wp:term":[{"taxonomy":"category","embeddable":true,"href":"https:\/\/radiorevelacionfm.cl\/index.php?rest_route=%2Fwp%2Fv2%2Fcategories&post=53231"},{"taxonomy":"post_tag","embeddable":true,"href":"https:\/\/radiorevelacionfm.cl\/index.php?rest_route=%2Fwp%2Fv2%2Ftags&post=53231"}],"curies":[{"name":"wp","href":"https:\/\/api.w.org\/{rel}","templated":true}]}}