{"id":53227,"date":"2025-04-28T18:21:56","date_gmt":"2025-04-28T21:21:56","guid":{"rendered":"https:\/\/radiorevelacionfm.cl\/?p=53227"},"modified":"2025-04-28T18:21:56","modified_gmt":"2025-04-28T21:21:56","slug":"realizan-primer-encuentro-de-organizaciones-sociales-y-consejos-de-la-sociedad-civil-de-salud","status":"publish","type":"post","link":"https:\/\/radiorevelacionfm.cl\/?p=53227","title":{"rendered":"Realizan primer encuentro de organizaciones sociales y Consejos de la Sociedad Civil de Salud"},"content":{"rendered":"<div class=\"flex_column av_one_full  flex_column_div av-zero-column-padding first  avia-builder-el-0  el_before_av_one_full  avia-builder-el-first  \" style='border-radius:0px; '><div  class='avia-image-container  av-styling-    avia-builder-el-1  avia-builder-el-no-sibling  avia-align-center '  itemprop=\"image\" itemscope=\"itemscope\" itemtype=\"https:\/\/schema.org\/ImageObject\"  ><div class='avia-image-container-inner'><div class='avia-image-overlay-wrap'><img decoding=\"async\" class='wp-image-53228 avia-img-lazy-loading-not-53228 avia_image' src=\"https:\/\/radiorevelacionfm.cl\/wp-content\/uploads\/2025\/04\/cosoc-org-sociales-3-1-1.jpeg\" alt='' title='cosoc org sociales (3) (1) (1)' height=\"600\" width=\"800\"  itemprop=\"thumbnailUrl\" srcset=\"https:\/\/radiorevelacionfm.cl\/wp-content\/uploads\/2025\/04\/cosoc-org-sociales-3-1-1.jpeg 800w, https:\/\/radiorevelacionfm.cl\/wp-content\/uploads\/2025\/04\/cosoc-org-sociales-3-1-1-300x225.jpeg 300w, https:\/\/radiorevelacionfm.cl\/wp-content\/uploads\/2025\/04\/cosoc-org-sociales-3-1-1-768x576.jpeg 768w, https:\/\/radiorevelacionfm.cl\/wp-content\/uploads\/2025\/04\/cosoc-org-sociales-3-1-1-705x529.jpeg 705w, https:\/\/radiorevelacionfm.cl\/wp-content\/uploads\/2025\/04\/cosoc-org-sociales-3-1-1-450x338.jpeg 450w, https:\/\/radiorevelacionfm.cl\/wp-content\/uploads\/2025\/04\/cosoc-org-sociales-3-1-1-600x450.jpeg 600w\" sizes=\"(max-width: 800px) 100vw, 800px\" \/><\/div><\/div><\/div><\/div><div class=\"flex_column av_one_full  flex_column_div av-zero-column-padding first  avia-builder-el-2  el_after_av_one_full  el_before_av_one_full  column-top-margin\" style='border-radius:0px; '><section class=\"av_textblock_section \"  itemscope=\"itemscope\" itemtype=\"https:\/\/schema.org\/BlogPosting\" itemprop=\"blogPost\" ><div class='avia_textblock  '   itemprop=\"text\" ><p style=\"text-align: center;\"><span style=\"font-size: 18pt;\"><b><span lang=\"ES\">Realizan primer encuentro de organizaciones sociales y Consejos de la Sociedad Civil de Salud<\/span><\/b><\/span><\/p>\n<div id=\"gtx-trans\" style=\"position: absolute; left: -50px; top: 4.31534px;\">\n<div class=\"gtx-trans-icon\"><\/div>\n<\/div>\n<\/div><\/section><\/div><div class=\"flex_column av_one_full  flex_column_div av-zero-column-padding first  avia-builder-el-4  el_after_av_one_full  el_before_av_hr  column-top-margin\" style='border-radius:0px; '><section class=\"av_textblock_section \"  itemscope=\"itemscope\" itemtype=\"https:\/\/schema.org\/BlogPosting\" itemprop=\"blogPost\" ><div class='avia_textblock  '   itemprop=\"text\" ><p style=\"font-weight: 400; text-align: justify;\">M\u00e1s de 20 organizaciones participaron en el primer encuentro regional de participaci\u00f3n social organizado por el Servicio de Salud Ays\u00e9n (SSA), y cuyo principal objetivo fue conocer las demandas, opiniones y el sentir de las comunidades en torno a la Red Asistencial.<\/p>\n<p style=\"font-weight: 400; text-align: justify;\">\u201cMe parece bastante importante este primer encuentro y agradecer a las personas que se conectaron y se unieron para escuchar lo que se est\u00e1 trabajando en salud, promover la participaci\u00f3n ciudadana tambi\u00e9n es tarea de nosotros como dirigentes y eso genera el v\u00ednculo para trabajar con los directivos de los distintos recintos de salud y esta primera instancia abre la puerta para hacer un trabajo colaborativo\u201d, indic\u00f3 Ximena Ru\u00edz, vicepresidenta del COSOC del Servicio de Salud.<\/p>\n<p style=\"font-weight: 400; text-align: justify;\">El espacio permiti\u00f3 que varias organizaciones se conectaran virtualmente, mientras una veintena de dirigentes lo hizo de manera presencial de las localidades de Puerto Cisnes, Ma\u00f1ihuales, Puerto Ays\u00e9n, Cochrane y Coyhaique.<\/p>\n<p style=\"font-weight: 400; text-align: justify;\">\u201cPara poder abordar distintos temas relevantes que estamos haciendo en salud, pero lo m\u00e1s importante para escuchar a las comunidades que est\u00e1n trabajando en todo el territorio, porque son ellos los que nos pueden contar a nosotros cu\u00e1les son los principales problemas, necesidades y las mejores estrategias para trabajar en salud y mejorar en resolutividad en la regi\u00f3n de Ays\u00e9n\u201d, manifest\u00f3 Carmen Su\u00e1rez, encargada de participaci\u00f3n social del Servicio.<\/p>\n<p style=\"font-weight: 400; text-align: justify;\">Los temas que se abordaron fueron el dise\u00f1o de la Red Asistencial vigente, perfil epidemiol\u00f3gico regional, cartera de Inversiones, estrategias de Salud Digital y el Estudio Preinversional del nuevo Hospital Regional Coyhaique.<\/p>\n<p style=\"font-weight: 400; text-align: justify;\">\u201cSe nos muestra lo que es la red hoy y lo que se proyecta, el crecimiento en las localidades, en cuanto a atenciones y recursos humanos. Por otro lado, tambi\u00e9n se nos mostraron las estad\u00edsticas que son de sumo inter\u00e9s para quienes son dirigentes sociales, porque son justamente ellos quienes pueden actuar a favor de estos indicadores dentro de sus agrupaciones y fortalecer la educaci\u00f3n en salud y trabajar en promoci\u00f3n y prevenci\u00f3n que es muy importante para evitar la enfermedad\u201d, mencion\u00f3 Ana Mar\u00eda Navarrete, concejala de Coyhaique, quien tambi\u00e9n fue parte de la reuni\u00f3n.<\/p>\n<p style=\"font-weight: 400; text-align: justify;\">Finalmente, cabe se\u00f1alar que estas reuniones se realizar\u00e1n cada dos meses y que las organizaciones se comprometieron a enviar sus consultas y sugerencias a trav\u00e9s de los canales dispuestos por la Red Asistencial para aquello.<\/p>\n<\/div><\/section><\/div><div  style='height:50px' class='hr hr-invisible   avia-builder-el-6  el_after_av_one_full  el_before_av_social_share '><span class='hr-inner ' ><span class='hr-inner-style'><\/span><\/span><\/div><\/p>\n<div  class='av-social-sharing-box  avia-builder-el-7  el_after_av_hr  el_before_av_hr  '><div class='av-share-box'><h5 class='av-share-link-description av-no-toc '>Compartir esta noticia<\/h5><ul class='av-share-box-list noLightbox'><li class='av-share-link av-social-link-facebook' ><a target=\"_blank\" aria-label=\"Compartir en Facebook\" href='https:\/\/www.facebook.com\/sharer.php?u=https:\/\/radiorevelacionfm.cl\/?p=53227&#038;t=Realizan%20primer%20encuentro%20de%20organizaciones%20sociales%20y%20Consejos%20de%20la%20Sociedad%20Civil%20de%20Salud' aria-hidden='false' data-av_icon='\ue8f3' data-av_iconfont='entypo-fontello' title='' data-avia-related-tooltip='Compartir en Facebook' rel=\"noopener\"><span class='avia_hidden_link_text'>Compartir en Facebook<\/span><\/a><\/li><li class='av-share-link av-social-link-twitter' ><a target=\"_blank\" aria-label=\"Compartir en Twitter\" href='https:\/\/twitter.com\/share?text=Realizan%20primer%20encuentro%20de%20organizaciones%20sociales%20y%20Consejos%20de%20la%20Sociedad%20Civil%20de%20Salud&#038;url=https:\/\/radiorevelacionfm.cl\/?p=53227' aria-hidden='false' data-av_icon='\ue8f1' data-av_iconfont='entypo-fontello' title='' data-avia-related-tooltip='Compartir en Twitter' rel=\"noopener\"><span class='avia_hidden_link_text'>Compartir en Twitter<\/span><\/a><\/li><li class='av-share-link av-social-link-whatsapp' ><a target=\"_blank\" aria-label=\"Compartir en Whatsapp\" href='https:\/\/api.whatsapp.com\/send?text=https:\/\/radiorevelacionfm.cl\/?p=53227' aria-hidden='false' data-av_icon='\uf232' data-av_iconfont='entypo-fontello' title='' data-avia-related-tooltip='Compartir en Whatsapp' rel=\"noopener\"><span class='avia_hidden_link_text'>Compartir en Whatsapp<\/span><\/a><\/li><li class='av-share-link av-social-link-linkedin' ><a target=\"_blank\" aria-label=\"Compartir en LinkedIn\" href='https:\/\/linkedin.com\/shareArticle?mini=true&#038;title=Realizan%20primer%20encuentro%20de%20organizaciones%20sociales%20y%20Consejos%20de%20la%20Sociedad%20Civil%20de%20Salud&#038;url=https:\/\/radiorevelacionfm.cl\/?p=53227' aria-hidden='false' data-av_icon='\ue8fc' data-av_iconfont='entypo-fontello' title='' data-avia-related-tooltip='Compartir en LinkedIn' rel=\"noopener\"><span class='avia_hidden_link_text'>Compartir en LinkedIn<\/span><\/a><\/li><li class='av-share-link av-social-link-mail' ><a  aria-label=\"Compartir por correo\" href='mailto:?subject=Realizan%20primer%20encuentro%20de%20organizaciones%20sociales%20y%20Consejos%20de%20la%20Sociedad%20Civil%20de%20Salud&#038;body=https:\/\/radiorevelacionfm.cl\/?p=53227' aria-hidden='false' data-av_icon='\ue805' data-av_iconfont='entypo-fontello' title='' data-avia-related-tooltip='Compartir por correo'><span class='avia_hidden_link_text'>Compartir por correo<\/span><\/a><\/li><\/ul><\/div><\/div>\n<div  style='height:50px' class='hr hr-invisible   avia-builder-el-8  el_after_av_social_share  el_before_av_comments_list '><span class='hr-inner ' ><span class='hr-inner-style'><\/span><\/span><\/div>\n<div  class='av-buildercomment  av-blog-meta-html-info-disabled av-blog-meta-tag-disabled  '><\/div>\n","protected":false},"excerpt":{"rendered":"","protected":false},"author":1,"featured_media":53228,"comment_status":"closed","ping_status":"closed","sticky":false,"template":"","format":"standard","meta":{"footnotes":""},"categories":[46],"tags":[],"class_list":["post-53227","post","type-post","status-publish","format-standard","has-post-thumbnail","hentry","category-salud"],"jetpack_featured_media_url":"https:\/\/radiorevelacionfm.cl\/wp-content\/uploads\/2025\/04\/cosoc-org-sociales-3-1-1.jpeg","_links":{"self":[{"href":"https:\/\/radiorevelacionfm.cl\/index.php?rest_route=\/wp\/v2\/posts\/53227","targetHints":{"allow":["GET"]}}],"collection":[{"href":"https:\/\/radiorevelacionfm.cl\/index.php?rest_route=\/wp\/v2\/posts"}],"about":[{"href":"https:\/\/radiorevelacionfm.cl\/index.php?rest_route=\/wp\/v2\/types\/post"}],"author":[{"embeddable":true,"href":"https:\/\/radiorevelacionfm.cl\/index.php?rest_route=\/wp\/v2\/users\/1"}],"replies":[{"embeddable":true,"href":"https:\/\/radiorevelacionfm.cl\/index.php?rest_route=%2Fwp%2Fv2%2Fcomments&post=53227"}],"version-history":[{"count":2,"href":"https:\/\/radiorevelacionfm.cl\/index.php?rest_route=\/wp\/v2\/posts\/53227\/revisions"}],"predecessor-version":[{"id":53234,"href":"https:\/\/radiorevelacionfm.cl\/index.php?rest_route=\/wp\/v2\/posts\/53227\/revisions\/53234"}],"wp:featuredmedia":[{"embeddable":true,"href":"https:\/\/radiorevelacionfm.cl\/index.php?rest_route=\/wp\/v2\/media\/53228"}],"wp:attachment":[{"href":"https:\/\/radiorevelacionfm.cl\/index.php?rest_route=%2Fwp%2Fv2%2Fmedia&parent=53227"}],"wp:term":[{"taxonomy":"category","embeddable":true,"href":"https:\/\/radiorevelacionfm.cl\/index.php?rest_route=%2Fwp%2Fv2%2Fcategories&post=53227"},{"taxonomy":"post_tag","embeddable":true,"href":"https:\/\/radiorevelacionfm.cl\/index.php?rest_route=%2Fwp%2Fv2%2Ftags&post=53227"}],"curies":[{"name":"wp","href":"https:\/\/api.w.org\/{rel}","templated":true}]}}