{"id":53221,"date":"2025-04-28T20:35:46","date_gmt":"2025-04-28T23:35:46","guid":{"rendered":"https:\/\/radiorevelacionfm.cl\/?p=53221"},"modified":"2025-04-28T20:35:46","modified_gmt":"2025-04-28T23:35:46","slug":"diputada-raphael-exige-renuncia-del-director-nacional-del-servicio-de-proteccion-especializada-a-la-ninez-y-adolescencia-por-denuncias-de-probidad","status":"publish","type":"post","link":"https:\/\/radiorevelacionfm.cl\/?p=53221","title":{"rendered":"Diputada Raphael exige renuncia del director nacional del Servicio de Protecci\u00f3n Especializada a la Ni\u00f1ez y Adolescencia por denuncias de probidad"},"content":{"rendered":"<div class=\"flex_column av_one_full  flex_column_div av-zero-column-padding first  avia-builder-el-0  el_before_av_one_full  avia-builder-el-first  \" style='border-radius:0px; '><div  class='avia-image-container  av-styling-    avia-builder-el-1  avia-builder-el-no-sibling  avia-align-center '  itemprop=\"image\" itemscope=\"itemscope\" itemtype=\"https:\/\/schema.org\/ImageObject\"  ><div class='avia-image-container-inner'><div class='avia-image-overlay-wrap'><img decoding=\"async\" class='wp-image-53222 avia-img-lazy-loading-not-53222 avia_image' src=\"https:\/\/radiorevelacionfm.cl\/wp-content\/uploads\/2025\/04\/Diputada-M.-Raphael-1-1.jpeg\" alt='' title='Diputada M. Raphael (1) (1)' height=\"600\" width=\"924\"  itemprop=\"thumbnailUrl\" srcset=\"https:\/\/radiorevelacionfm.cl\/wp-content\/uploads\/2025\/04\/Diputada-M.-Raphael-1-1.jpeg 924w, https:\/\/radiorevelacionfm.cl\/wp-content\/uploads\/2025\/04\/Diputada-M.-Raphael-1-1-300x195.jpeg 300w, https:\/\/radiorevelacionfm.cl\/wp-content\/uploads\/2025\/04\/Diputada-M.-Raphael-1-1-768x499.jpeg 768w, https:\/\/radiorevelacionfm.cl\/wp-content\/uploads\/2025\/04\/Diputada-M.-Raphael-1-1-705x458.jpeg 705w, https:\/\/radiorevelacionfm.cl\/wp-content\/uploads\/2025\/04\/Diputada-M.-Raphael-1-1-450x292.jpeg 450w, https:\/\/radiorevelacionfm.cl\/wp-content\/uploads\/2025\/04\/Diputada-M.-Raphael-1-1-600x390.jpeg 600w\" sizes=\"(max-width: 924px) 100vw, 924px\" \/><\/div><\/div><\/div><\/div><div class=\"flex_column av_one_full  flex_column_div av-zero-column-padding first  avia-builder-el-2  el_after_av_one_full  el_before_av_one_full  column-top-margin\" style='border-radius:0px; '><section class=\"av_textblock_section \"  itemscope=\"itemscope\" itemtype=\"https:\/\/schema.org\/BlogPosting\" itemprop=\"blogPost\" ><div class='avia_textblock  '   itemprop=\"text\" ><p style=\"text-align: center;\"><strong><span style=\"font-size: 18pt;\">Diputada Raphael exige renuncia del director nacional del Servicio de Protecci\u00f3n Especializada a la Ni\u00f1ez y Adolescencia por denuncias de probidad<\/span><\/strong><\/p>\n<div id=\"gtx-trans\" style=\"position: absolute; left: -50px; top: 4.31534px;\">\n<div class=\"gtx-trans-icon\"><\/div>\n<\/div>\n<\/div><\/section><\/div><div class=\"flex_column av_one_full  flex_column_div av-zero-column-padding first  avia-builder-el-4  el_after_av_one_full  el_before_av_hr  column-top-margin\" style='border-radius:0px; '><section class=\"av_textblock_section \"  itemscope=\"itemscope\" itemtype=\"https:\/\/schema.org\/BlogPosting\" itemprop=\"blogPost\" ><div class='avia_textblock  '   itemprop=\"text\" ><p style=\"text-align: justify;\">La parlamentaria manifest\u00f3 su apoyo a la denuncia realizada por ANFUSEPNA y pidi\u00f3 la renuncia del director nacional del Servicio de Protecci\u00f3n Especializada a la Ni\u00f1ez y Adolescencia, Claudio Castillo, tras revelarse graves irregularidades en licitaciones p\u00fablicas.<\/p>\n<p style=\"text-align: justify;\">La diputada RN Marcia Raphael pidi\u00f3 la renuncia del director nacional del Servicio de Protecci\u00f3n Especializada a la Ni\u00f1ez y Adolescencia, Claudio Castillo, tras la reciente denuncia que revel\u00f3 la entrega anticipada de bases de licitaci\u00f3n a fundaciones que posteriormente resultaron adjudicadas. Adem\u00e1s, respald\u00f3 la solicitud de una investigaci\u00f3n exhaustiva por parte de la Contralor\u00eda General de la Rep\u00fablica.<\/p>\n<p style=\"text-align: justify;\">\u201cLos hechos denunciados son grav\u00edsimos y atentan contra los principios de probidad y transparencia que deben regir en toda instituci\u00f3n p\u00fablica, especialmente en aquellas que trabajan con ni\u00f1os, ni\u00f1as y adolescentes gravemente vulnerados. Por ello, solicito con firmeza la renuncia del se\u00f1or Castillo y su equipo asesor mientras se esclarecen los antecedentes\u201d, manifest\u00f3 la diputada Raphael.<\/p>\n<p style=\"text-align: justify;\">Seg\u00fan el reporte del medio CIPER Chile, Claudio Castillo habr\u00eda compartido un borrador t\u00e9cnico de un concurso a\u00fan no publicado con la Mesa de Residencias, grupo compuesto por fundaciones colaboradoras del servicio. Este documento conten\u00eda observaciones que fueron incorporadas en la versi\u00f3n final, beneficiando posteriormente a dichas fundaciones en las licitaciones realizadas en las regiones Metropolitana y de Valpara\u00edso.<\/p>\n<p style=\"text-align: justify;\">En ese contexto, Raphael subray\u00f3 la gravedad del caso: \u201cNo podemos permitir que pr\u00e1cticas de esta naturaleza pongan en tela de juicio la integridad de las instituciones que deben proteger a los m\u00e1s vulnerables. Es indispensable que la Contralor\u00eda investigue a fondo y determine las responsabilidades administrativas y legales pertinentes\u201d, dijo la congresista.<\/p>\n<p style=\"text-align: justify;\">La Asociaci\u00f3n de Funcionarios del Servicio (ANFUSEPNA) tambi\u00e9n ha solicitado la renuncia del director, enfatizando que esta situaci\u00f3n vulnera principios establecidos en la Constituci\u00f3n y diversas leyes sobre probidad administrativa. Ante esto, la congresista expres\u00f3 su apoyo total a la denuncia: \u201cEl da\u00f1o que estos actos generan a la confianza p\u00fablica es incalculable. Exijo medidas concretas y ejemplares para restablecer la credibilidad del servicio\u201d, concluy\u00f3.<\/p>\n<p style=\"text-align: justify;\">La pol\u00e9mica pone nuevamente en discusi\u00f3n la necesidad de reforzar los mecanismos de fiscalizaci\u00f3n y control en instituciones p\u00fablicas, particularmente aquellas dedicadas a la protecci\u00f3n de la ni\u00f1ez.<\/p>\n<\/div><\/section><\/div><div  style='height:50px' class='hr hr-invisible   avia-builder-el-6  el_after_av_one_full  el_before_av_social_share '><span class='hr-inner ' ><span class='hr-inner-style'><\/span><\/span><\/div><\/p>\n<div  class='av-social-sharing-box  avia-builder-el-7  el_after_av_hr  el_before_av_hr  '><div class='av-share-box'><h5 class='av-share-link-description av-no-toc '>Compartir esta noticia<\/h5><ul class='av-share-box-list noLightbox'><li class='av-share-link av-social-link-facebook' ><a target=\"_blank\" aria-label=\"Compartir en Facebook\" href='https:\/\/www.facebook.com\/sharer.php?u=https:\/\/radiorevelacionfm.cl\/?p=53221&#038;t=Diputada%20Raphael%20exige%20renuncia%20del%20director%20nacional%20del%20Servicio%20de%20Protecci%C3%B3n%20Especializada%20a%20la%20Ni%C3%B1ez%20y%20Adolescencia%20por%20denuncias%20de%20probidad' aria-hidden='false' data-av_icon='\ue8f3' data-av_iconfont='entypo-fontello' title='' data-avia-related-tooltip='Compartir en Facebook' rel=\"noopener\"><span class='avia_hidden_link_text'>Compartir en Facebook<\/span><\/a><\/li><li class='av-share-link av-social-link-twitter' ><a target=\"_blank\" aria-label=\"Compartir en Twitter\" href='https:\/\/twitter.com\/share?text=Diputada%20Raphael%20exige%20renuncia%20del%20director%20nacional%20del%20Servicio%20de%20Protecci%C3%B3n%20Especializada%20a%20la%20Ni%C3%B1ez%20y%20Adolescencia%20por%20denuncias%20de%20probidad&#038;url=https:\/\/radiorevelacionfm.cl\/?p=53221' aria-hidden='false' data-av_icon='\ue8f1' data-av_iconfont='entypo-fontello' title='' data-avia-related-tooltip='Compartir en Twitter' rel=\"noopener\"><span class='avia_hidden_link_text'>Compartir en Twitter<\/span><\/a><\/li><li class='av-share-link av-social-link-whatsapp' ><a target=\"_blank\" aria-label=\"Compartir en Whatsapp\" href='https:\/\/api.whatsapp.com\/send?text=https:\/\/radiorevelacionfm.cl\/?p=53221' aria-hidden='false' data-av_icon='\uf232' data-av_iconfont='entypo-fontello' title='' data-avia-related-tooltip='Compartir en Whatsapp' rel=\"noopener\"><span class='avia_hidden_link_text'>Compartir en Whatsapp<\/span><\/a><\/li><li class='av-share-link av-social-link-linkedin' ><a target=\"_blank\" aria-label=\"Compartir en LinkedIn\" href='https:\/\/linkedin.com\/shareArticle?mini=true&#038;title=Diputada%20Raphael%20exige%20renuncia%20del%20director%20nacional%20del%20Servicio%20de%20Protecci%C3%B3n%20Especializada%20a%20la%20Ni%C3%B1ez%20y%20Adolescencia%20por%20denuncias%20de%20probidad&#038;url=https:\/\/radiorevelacionfm.cl\/?p=53221' aria-hidden='false' data-av_icon='\ue8fc' data-av_iconfont='entypo-fontello' title='' data-avia-related-tooltip='Compartir en LinkedIn' rel=\"noopener\"><span class='avia_hidden_link_text'>Compartir en LinkedIn<\/span><\/a><\/li><li class='av-share-link av-social-link-mail' ><a  aria-label=\"Compartir por correo\" href='mailto:?subject=Diputada%20Raphael%20exige%20renuncia%20del%20director%20nacional%20del%20Servicio%20de%20Protecci%C3%B3n%20Especializada%20a%20la%20Ni%C3%B1ez%20y%20Adolescencia%20por%20denuncias%20de%20probidad&#038;body=https:\/\/radiorevelacionfm.cl\/?p=53221' aria-hidden='false' data-av_icon='\ue805' data-av_iconfont='entypo-fontello' title='' data-avia-related-tooltip='Compartir por correo'><span class='avia_hidden_link_text'>Compartir por correo<\/span><\/a><\/li><\/ul><\/div><\/div>\n<div  style='height:50px' class='hr hr-invisible   avia-builder-el-8  el_after_av_social_share  el_before_av_comments_list '><span class='hr-inner ' ><span class='hr-inner-style'><\/span><\/span><\/div>\n<div  class='av-buildercomment  av-blog-meta-html-info-disabled av-blog-meta-tag-disabled  '><\/div>\n","protected":false},"excerpt":{"rendered":"","protected":false},"author":1,"featured_media":53222,"comment_status":"closed","ping_status":"closed","sticky":false,"template":"","format":"standard","meta":{"footnotes":""},"categories":[35],"tags":[],"class_list":["post-53221","post","type-post","status-publish","format-standard","has-post-thumbnail","hentry","category-politica"],"jetpack_featured_media_url":"https:\/\/radiorevelacionfm.cl\/wp-content\/uploads\/2025\/04\/Diputada-M.-Raphael-1-1.jpeg","_links":{"self":[{"href":"https:\/\/radiorevelacionfm.cl\/index.php?rest_route=\/wp\/v2\/posts\/53221","targetHints":{"allow":["GET"]}}],"collection":[{"href":"https:\/\/radiorevelacionfm.cl\/index.php?rest_route=\/wp\/v2\/posts"}],"about":[{"href":"https:\/\/radiorevelacionfm.cl\/index.php?rest_route=\/wp\/v2\/types\/post"}],"author":[{"embeddable":true,"href":"https:\/\/radiorevelacionfm.cl\/index.php?rest_route=\/wp\/v2\/users\/1"}],"replies":[{"embeddable":true,"href":"https:\/\/radiorevelacionfm.cl\/index.php?rest_route=%2Fwp%2Fv2%2Fcomments&post=53221"}],"version-history":[{"count":2,"href":"https:\/\/radiorevelacionfm.cl\/index.php?rest_route=\/wp\/v2\/posts\/53221\/revisions"}],"predecessor-version":[{"id":53242,"href":"https:\/\/radiorevelacionfm.cl\/index.php?rest_route=\/wp\/v2\/posts\/53221\/revisions\/53242"}],"wp:featuredmedia":[{"embeddable":true,"href":"https:\/\/radiorevelacionfm.cl\/index.php?rest_route=\/wp\/v2\/media\/53222"}],"wp:attachment":[{"href":"https:\/\/radiorevelacionfm.cl\/index.php?rest_route=%2Fwp%2Fv2%2Fmedia&parent=53221"}],"wp:term":[{"taxonomy":"category","embeddable":true,"href":"https:\/\/radiorevelacionfm.cl\/index.php?rest_route=%2Fwp%2Fv2%2Fcategories&post=53221"},{"taxonomy":"post_tag","embeddable":true,"href":"https:\/\/radiorevelacionfm.cl\/index.php?rest_route=%2Fwp%2Fv2%2Ftags&post=53221"}],"curies":[{"name":"wp","href":"https:\/\/api.w.org\/{rel}","templated":true}]}}