{"id":53217,"date":"2025-04-28T16:18:06","date_gmt":"2025-04-28T19:18:06","guid":{"rendered":"https:\/\/radiorevelacionfm.cl\/?p=53217"},"modified":"2025-04-28T21:03:39","modified_gmt":"2025-04-29T00:03:39","slug":"mujeres-del-sector-justicia-fueron-reconocidas-por-su-destacada-labor-al-interior-de-sus-servicios","status":"publish","type":"post","link":"https:\/\/radiorevelacionfm.cl\/?p=53217","title":{"rendered":"Mujeres del sector Justicia fueron reconocidas por su destacada labor al interior de sus servicios"},"content":{"rendered":"<div class=\"flex_column av_one_full  flex_column_div av-zero-column-padding first  avia-builder-el-0  el_before_av_one_full  avia-builder-el-first  \" style='border-radius:0px; '><div  class='avia-image-container  av-styling-    avia-builder-el-1  avia-builder-el-no-sibling  avia-align-center '  itemprop=\"image\" itemscope=\"itemscope\" itemtype=\"https:\/\/schema.org\/ImageObject\"  ><div class='avia-image-container-inner'><div class='avia-image-overlay-wrap'><img decoding=\"async\" class='wp-image-53218 avia-img-lazy-loading-not-53218 avia_image' src=\"https:\/\/radiorevelacionfm.cl\/wp-content\/uploads\/2025\/04\/reconocimiento-mujeres-1-1_optimized.jpg\" alt='' title='reconocimiento-mujeres-1-(1)_optimized' height=\"600\" width=\"1111\"  itemprop=\"thumbnailUrl\" srcset=\"https:\/\/radiorevelacionfm.cl\/wp-content\/uploads\/2025\/04\/reconocimiento-mujeres-1-1_optimized.jpg 1111w, https:\/\/radiorevelacionfm.cl\/wp-content\/uploads\/2025\/04\/reconocimiento-mujeres-1-1_optimized-300x162.jpg 300w, https:\/\/radiorevelacionfm.cl\/wp-content\/uploads\/2025\/04\/reconocimiento-mujeres-1-1_optimized-1030x556.jpg 1030w, https:\/\/radiorevelacionfm.cl\/wp-content\/uploads\/2025\/04\/reconocimiento-mujeres-1-1_optimized-768x415.jpg 768w, https:\/\/radiorevelacionfm.cl\/wp-content\/uploads\/2025\/04\/reconocimiento-mujeres-1-1_optimized-705x381.jpg 705w, https:\/\/radiorevelacionfm.cl\/wp-content\/uploads\/2025\/04\/reconocimiento-mujeres-1-1_optimized-450x243.jpg 450w, https:\/\/radiorevelacionfm.cl\/wp-content\/uploads\/2025\/04\/reconocimiento-mujeres-1-1_optimized-600x324.jpg 600w\" sizes=\"(max-width: 1111px) 100vw, 1111px\" \/><\/div><\/div><\/div><\/div>\n<div class=\"flex_column av_one_full  flex_column_div av-zero-column-padding first  avia-builder-el-2  el_after_av_one_full  el_before_av_one_full  column-top-margin\" style='border-radius:0px; '><section class=\"av_textblock_section \"  itemscope=\"itemscope\" itemtype=\"https:\/\/schema.org\/BlogPosting\" itemprop=\"blogPost\" ><div class='avia_textblock  '   itemprop=\"text\" ><p style=\"text-align: center;\"><strong><span style=\"font-size: 18pt;\">Mujeres del sector Justicia fueron reconocidas por su destacada labor al interior de sus servicios<\/span><\/strong><\/p>\n<div id=\"gtx-trans\" style=\"position: absolute; left: -50px; top: 4.31534px;\">\n<div class=\"gtx-trans-icon\"><\/div>\n<\/div>\n<\/div><\/section><\/div>\n<div class=\"flex_column av_one_full  flex_column_div av-zero-column-padding first  avia-builder-el-4  el_after_av_one_full  el_before_av_hr  column-top-margin\" style='border-radius:0px; '><section class=\"av_textblock_section \"  itemscope=\"itemscope\" itemtype=\"https:\/\/schema.org\/BlogPosting\" itemprop=\"blogPost\" ><div class='avia_textblock  '   itemprop=\"text\" ><p style=\"text-align: justify;\"><em>En la oportunidad fueron reconocidas trabajadoras del Servicio de Registro Civil e Identificaci\u00f3n, Defensor\u00eda Penal P\u00fablica, Servicio M\u00e9dico Legal, Servicio de Reinserci\u00f3n Social Juvenil, CAJ, Gendarmer\u00eda de Chile y de la Secretar\u00eda Regional Ministerial de Justicia y DD.HH.<\/em><\/p>\n<p style=\"text-align: justify;\">Por tercer a\u00f1o consecutivo y en una emotiva ceremonia realizada en dependencias del auditorio del MOP, la Secretar\u00eda Regional Ministerial de Justicia y DD.HH hizo entrega de un reconocimiento a la labor destacada de las funcionarias del sector Justicia, instancia encabezada por el Seremi de la cartera Samuel Navarro Castro y que cont\u00f3 con la presencia de la Directora Regional del Servicio de la Mujer y Equidad de G\u00e9nero Patricia Baeza Cabezas, los directores de los seis servicios dependientes y relacionados, funcionarios\/as, invitados especiales y familiares de las homenajeadas.<\/p>\n<p style=\"text-align: justify;\">En la oportunidad fueron reconocidas, Br\u00edgida D\u00edaz C\u00e1rdenas (Servicio de Registro Civil e Identificaci\u00f3n), Lorena Mansilla V\u00e1squez (Corporaci\u00f3n de Asistencia Judicial del B\u00edo B\u00edo) Mar\u00eda Jos\u00e9 Alezcano Soto (Servicio de Reinserci\u00f3n Social Juvenil) Mar\u00eda Ang\u00e9lica Mu\u00f1oz M\u00e9ndez (Gendarmer\u00eda de Chile), Mariela Salazar Vidal (Secretar\u00eda Regional Ministerial de Justicia y DDHH), Yolett Bilbao B\u00f3rquez (Servicio M\u00e9dico Legal) y Marianela Molina Mansilla (Defensor\u00eda Penal P\u00fablica).<\/p>\n<p style=\"text-align: justify;\">Respecto a la importancia de este reconocimiento, el Seremi de Justicia y Derechos Humanos, Samuel Navarro Castro destac\u00f3 que \u201cbueno hemos querido homenajear\u00a0 principalmente a las mujeres que trabajan y participan en los servicios p\u00fablicos dependientes y relacionados del Ministerio de Justicia y tambi\u00e9n del propio ministerio donde se reconoce el valor, el aporte de esta a veces doble labor o doble funci\u00f3n que tienen las mujeres y que en el sector justicia adem\u00e1s se hace con mucha responsabilidad, con mucho trabajo, mucho coraz\u00f3n y mucho cari\u00f1o a lo largo y ancho de territorio, en ese sentido el aporte que hacen las mujeres es invaluable, hay servicios que tienen m\u00e1s cantidad de mujeres que\u00a0 hombres trabajando, pero independiente de la cantidad, es el aporte y la calidad que ellas dan al servicio que prestamos como se reconoce en este caso a la funci\u00f3n p\u00fablica a las funcionarias, a las trabajadoras, y esperamos que esta tradici\u00f3n que hemos instalado podamos seguir repiti\u00e9ndola en los pr\u00f3ximos a\u00f1os\u201d.<\/p>\n<p style=\"text-align: justify;\">A su vez, Mar\u00eda Jos\u00e9 Alezcano, funcionaria del Servicio de Reinserci\u00f3n Social Juvenil se refiri\u00f3 a este reconocimiento se\u00f1alando que \u201cun agradecimiento enorme de que haya sido la persona en esta oportunidad reconocida, no solo por la seremi de Justicia sino que, por mis propios compa\u00f1eros, por el director regional, por quienes forman parte del equipo, han sido a\u00f1os sin duda de gran labor al servicio p\u00fablico, pero me siento sumamente orgullosa y muy agradecida que hayan pensado en mi\u201d.<\/p>\n<p style=\"text-align: justify;\">Una vez terminada la entrega de reconocimiento a las homenajeadas, quienes estuvieron a cargo de amenizar esta importante ceremonia, fueron el Conjunto de Proyecci\u00f3n Folcl\u00f3rica de la Escuela V\u00edctor Domingo Silva, compuesto por ni\u00f1os y ni\u00f1as de este establecimiento educacional, quienes deleitaron a todos los presentes con su m\u00fasica y baile.<\/p>\n<p style=\"text-align: justify;\">Finalmente, mencionar que la idea es realizar esta actividad todos los a\u00f1os, esto con el objetivo de reconocer y poner el valor de las mujeres en el ejercicio de sus funciones al interior de los servicios del sector Justicia.<\/p>\n<\/div><\/section><\/div><div  style='height:50px' class='hr hr-invisible   avia-builder-el-6  el_after_av_one_full  el_before_av_social_share '><span class='hr-inner ' ><span class='hr-inner-style'><\/span><\/span><\/div><\/p>\n<div  class='av-social-sharing-box  avia-builder-el-7  el_after_av_hr  el_before_av_hr  '><div class='av-share-box'><h5 class='av-share-link-description av-no-toc '>Compartir esta noticia<\/h5><ul class='av-share-box-list noLightbox'><li class='av-share-link av-social-link-facebook' ><a target=\"_blank\" aria-label=\"Compartir en Facebook\" href='https:\/\/www.facebook.com\/sharer.php?u=https:\/\/radiorevelacionfm.cl\/?p=53217&#038;t=Mujeres%20del%20sector%20Justicia%20fueron%20reconocidas%20por%20su%20destacada%20labor%20al%20interior%20de%20sus%20servicios' aria-hidden='false' data-av_icon='\ue8f3' data-av_iconfont='entypo-fontello' title='' data-avia-related-tooltip='Compartir en Facebook' rel=\"noopener\"><span class='avia_hidden_link_text'>Compartir en Facebook<\/span><\/a><\/li><li class='av-share-link av-social-link-twitter' ><a target=\"_blank\" aria-label=\"Compartir en Twitter\" href='https:\/\/twitter.com\/share?text=Mujeres%20del%20sector%20Justicia%20fueron%20reconocidas%20por%20su%20destacada%20labor%20al%20interior%20de%20sus%20servicios&#038;url=https:\/\/radiorevelacionfm.cl\/?p=53217' aria-hidden='false' data-av_icon='\ue8f1' data-av_iconfont='entypo-fontello' title='' data-avia-related-tooltip='Compartir en Twitter' rel=\"noopener\"><span class='avia_hidden_link_text'>Compartir en Twitter<\/span><\/a><\/li><li class='av-share-link av-social-link-whatsapp' ><a target=\"_blank\" aria-label=\"Compartir en Whatsapp\" href='https:\/\/api.whatsapp.com\/send?text=https:\/\/radiorevelacionfm.cl\/?p=53217' aria-hidden='false' data-av_icon='\uf232' data-av_iconfont='entypo-fontello' title='' data-avia-related-tooltip='Compartir en Whatsapp' rel=\"noopener\"><span class='avia_hidden_link_text'>Compartir en Whatsapp<\/span><\/a><\/li><li class='av-share-link av-social-link-linkedin' ><a target=\"_blank\" aria-label=\"Compartir en LinkedIn\" href='https:\/\/linkedin.com\/shareArticle?mini=true&#038;title=Mujeres%20del%20sector%20Justicia%20fueron%20reconocidas%20por%20su%20destacada%20labor%20al%20interior%20de%20sus%20servicios&#038;url=https:\/\/radiorevelacionfm.cl\/?p=53217' aria-hidden='false' data-av_icon='\ue8fc' data-av_iconfont='entypo-fontello' title='' data-avia-related-tooltip='Compartir en LinkedIn' rel=\"noopener\"><span class='avia_hidden_link_text'>Compartir en LinkedIn<\/span><\/a><\/li><li class='av-share-link av-social-link-mail' ><a  aria-label=\"Compartir por correo\" href='mailto:?subject=Mujeres%20del%20sector%20Justicia%20fueron%20reconocidas%20por%20su%20destacada%20labor%20al%20interior%20de%20sus%20servicios&#038;body=https:\/\/radiorevelacionfm.cl\/?p=53217' aria-hidden='false' data-av_icon='\ue805' data-av_iconfont='entypo-fontello' title='' data-avia-related-tooltip='Compartir por correo'><span class='avia_hidden_link_text'>Compartir por correo<\/span><\/a><\/li><\/ul><\/div><\/div>\n<div  style='height:50px' class='hr hr-invisible   avia-builder-el-8  el_after_av_social_share  el_before_av_comments_list '><span class='hr-inner ' ><span class='hr-inner-style'><\/span><\/span><\/div>\n<div  class='av-buildercomment  av-blog-meta-html-info-disabled av-blog-meta-tag-disabled  '><\/div>\n","protected":false},"excerpt":{"rendered":"","protected":false},"author":1,"featured_media":53218,"comment_status":"closed","ping_status":"closed","sticky":false,"template":"","format":"standard","meta":{"footnotes":""},"categories":[55],"tags":[],"class_list":["post-53217","post","type-post","status-publish","format-standard","has-post-thumbnail","hentry","category-justicia"],"jetpack_featured_media_url":"https:\/\/radiorevelacionfm.cl\/wp-content\/uploads\/2025\/04\/reconocimiento-mujeres-1-1_optimized.jpg","_links":{"self":[{"href":"https:\/\/radiorevelacionfm.cl\/index.php?rest_route=\/wp\/v2\/posts\/53217","targetHints":{"allow":["GET"]}}],"collection":[{"href":"https:\/\/radiorevelacionfm.cl\/index.php?rest_route=\/wp\/v2\/posts"}],"about":[{"href":"https:\/\/radiorevelacionfm.cl\/index.php?rest_route=\/wp\/v2\/types\/post"}],"author":[{"embeddable":true,"href":"https:\/\/radiorevelacionfm.cl\/index.php?rest_route=\/wp\/v2\/users\/1"}],"replies":[{"embeddable":true,"href":"https:\/\/radiorevelacionfm.cl\/index.php?rest_route=%2Fwp%2Fv2%2Fcomments&post=53217"}],"version-history":[{"count":3,"href":"https:\/\/radiorevelacionfm.cl\/index.php?rest_route=\/wp\/v2\/posts\/53217\/revisions"}],"predecessor-version":[{"id":53246,"href":"https:\/\/radiorevelacionfm.cl\/index.php?rest_route=\/wp\/v2\/posts\/53217\/revisions\/53246"}],"wp:featuredmedia":[{"embeddable":true,"href":"https:\/\/radiorevelacionfm.cl\/index.php?rest_route=\/wp\/v2\/media\/53218"}],"wp:attachment":[{"href":"https:\/\/radiorevelacionfm.cl\/index.php?rest_route=%2Fwp%2Fv2%2Fmedia&parent=53217"}],"wp:term":[{"taxonomy":"category","embeddable":true,"href":"https:\/\/radiorevelacionfm.cl\/index.php?rest_route=%2Fwp%2Fv2%2Fcategories&post=53217"},{"taxonomy":"post_tag","embeddable":true,"href":"https:\/\/radiorevelacionfm.cl\/index.php?rest_route=%2Fwp%2Fv2%2Ftags&post=53217"}],"curies":[{"name":"wp","href":"https:\/\/api.w.org\/{rel}","templated":true}]}}