{"id":53214,"date":"2025-04-28T15:23:01","date_gmt":"2025-04-28T18:23:01","guid":{"rendered":"https:\/\/radiorevelacionfm.cl\/?p=53214"},"modified":"2025-04-28T15:23:01","modified_gmt":"2025-04-28T18:23:01","slug":"bibliobus-aysen-treinta-anos-por-los-caminos-de-la-lectura-en-la-region","status":"publish","type":"post","link":"https:\/\/radiorevelacionfm.cl\/?p=53214","title":{"rendered":"Bibliob\u00fas Ays\u00e9n: Treinta a\u00f1os por los caminos de la lectura en la regi\u00f3n"},"content":{"rendered":"<div class=\"flex_column av_one_full  flex_column_div av-zero-column-padding first  avia-builder-el-0  el_before_av_one_full  avia-builder-el-first  \" style='border-radius:0px; '><div  class='avia-image-container  av-styling-    avia-builder-el-1  avia-builder-el-no-sibling  avia-align-center '  itemprop=\"image\" itemscope=\"itemscope\" itemtype=\"https:\/\/schema.org\/ImageObject\"  ><div class='avia-image-container-inner'><div class='avia-image-overlay-wrap'><img decoding=\"async\" class='wp-image-53215 avia-img-lazy-loading-not-53215 avia_image' src=\"https:\/\/radiorevelacionfm.cl\/wp-content\/uploads\/2025\/04\/gira-1-1_optimized.jpeg\" alt='' title='gira-1-(1)_optimized' height=\"615\" width=\"801\"  itemprop=\"thumbnailUrl\" srcset=\"https:\/\/radiorevelacionfm.cl\/wp-content\/uploads\/2025\/04\/gira-1-1_optimized.jpeg 801w, https:\/\/radiorevelacionfm.cl\/wp-content\/uploads\/2025\/04\/gira-1-1_optimized-300x230.jpeg 300w, https:\/\/radiorevelacionfm.cl\/wp-content\/uploads\/2025\/04\/gira-1-1_optimized-768x590.jpeg 768w, https:\/\/radiorevelacionfm.cl\/wp-content\/uploads\/2025\/04\/gira-1-1_optimized-705x541.jpeg 705w, https:\/\/radiorevelacionfm.cl\/wp-content\/uploads\/2025\/04\/gira-1-1_optimized-450x346.jpeg 450w, https:\/\/radiorevelacionfm.cl\/wp-content\/uploads\/2025\/04\/gira-1-1_optimized-600x461.jpeg 600w\" sizes=\"(max-width: 801px) 100vw, 801px\" \/><\/div><\/div><\/div><\/div><div class=\"flex_column av_one_full  flex_column_div av-zero-column-padding first  avia-builder-el-2  el_after_av_one_full  el_before_av_one_full  column-top-margin\" style='border-radius:0px; '><section class=\"av_textblock_section \"  itemscope=\"itemscope\" itemtype=\"https:\/\/schema.org\/BlogPosting\" itemprop=\"blogPost\" ><div class='avia_textblock  '   itemprop=\"text\" ><p style=\"text-align: center;\"><strong><span style=\"font-size: 18pt;\">Bibliob\u00fas Ays\u00e9n: Treinta a\u00f1os por los caminos de la lectura en la regi\u00f3n<\/span><\/strong><\/p>\n<div id=\"gtx-trans\" style=\"position: absolute; left: -50px; top: 4.31534px;\">\n<div class=\"gtx-trans-icon\"><\/div>\n<\/div>\n<\/div><\/section><\/div><div class=\"flex_column av_one_full  flex_column_div av-zero-column-padding first  avia-builder-el-4  el_after_av_one_full  el_before_av_hr  column-top-margin\" style='border-radius:0px; '><section class=\"av_textblock_section \"  itemscope=\"itemscope\" itemtype=\"https:\/\/schema.org\/BlogPosting\" itemprop=\"blogPost\" ><div class='avia_textblock  '   itemprop=\"text\" ><p style=\"text-align: justify;\">Durante la semana del 21 al 25 de abril, el Bibliob\u00fas recorri\u00f3 las localidades de Bah\u00eda Murta, Cochrane y Caleta Tortel, con el objeto de relevar su presencia durante 30 a\u00f1os en la regi\u00f3n de Ays\u00e9n. Aquello inici\u00f3 gracias a la Direcci\u00f3n de bibliotecas, Archivos y Museos, en la d\u00e9cada del 90 del siglo pasado. En aquellos tiempos con la gesti\u00f3n de la Coordinadora Regional de Bibliotecas, Sra. Mar\u00eda Victoria Peni Swart y su equipo, obtuvieron del Gobierno Regional, un primer Bibliob\u00fas en el a\u00f1o 1995. Es as\u00ed que su primer viaje inaugural se hizo hasta el Sector Vagabundo, y desde all\u00ed, su primer Bibliotecario se traslad\u00f3\u00a0 en lancha hasta Caleta Tortel, en una demostraci\u00f3n de alcance territorial, que dura hasta hoy, a trav\u00e9s de esta gira que ha contado con el apoyo financiero del Fondo del Libro y el patrocinio del Servicio del Patrimonio Cultural .<\/p>\n<p style=\"text-align: justify;\">El primer conductor y bibliotecario de este Bibliob\u00fas, fue Don Alfredo Fica Andrade, quien estuvo a cargo de esta Biblioteca M\u00f3vil, durante 25 a\u00f1os. Actualmente, quien cumple estas funciones es Don Marcos Almonacid Rivera, que por espacio de cinco a\u00f1os, le ha dado continuidad a esta iniciativa cultural.<\/p>\n<p style=\"text-align: justify;\">En Bah\u00eda Murta, los ni\u00f1os de esa localidad y de\u00a0 Puerto S\u00e1nchez, disfrutaron de las narraciones orales y cuentos de \u00a0Juan Romero \u201cJuan Cuentamares\u201d. Lo mismo ocurri\u00f3 con los estudiantes de la Escuela P\u00fablica de Cochrane, donde m\u00e1s de un centenar de estudiantes, escucharon y participaron activamente de cada narraci\u00f3n.<\/p>\n<p style=\"text-align: justify;\">Durante el d\u00eda 23 abril de abril de 2025, el Bibliob\u00fas y el equipo que lo acompa\u00f1a, estuvieron en la Escuela Comandante Luis Bravo de Caleta Tortel. All\u00ed los estudiantes conocieron el Bibliob\u00fas y tuvieron la oportunidad de conocer el funcionamiento de \u00e9ste,\u00a0 y tambi\u00e9n entretenerse las historias de \u201cJuan Cuentamares\u201d, quien en un despliegue verbal y esc\u00e9nico, atrajo los intereses de ni\u00f1as, ni\u00f1os y adultos, a trav\u00e9s de relatos que emocionaron y encendieron la imaginaci\u00f3n. En la tarde, se desarroll\u00f3 una presentaci\u00f3n para el p\u00fablico en general y se relev\u00f3 la importancia del d\u00eda, que nominado por Unesco, se celebra como el D\u00eda Internacional del Libro, la lectura, los Derechos de Autor y del Idioma Castellano.<\/p>\n<p style=\"text-align: justify;\">El Bibliob\u00fas, es un programa cultural para el incentivo de la lectura y el desarrollo de las comunidades en torno al libro y sus diversas manifestaciones. A trav\u00e9s de la Coordinaci\u00f3n de Bibliotecas de Ays\u00e9n, entregamos servicios de pr\u00e9stamos de libros y actividades culturales a trav\u00e9s de 24 bibliotecas (donde se incluye el Bibliob\u00fas) presentes en toda la regi\u00f3n. Aquello porque los libros son bienes culturales que se entregan a los ciudadanos lectores sin costo alguno.<\/p>\n<p style=\"text-align: justify;\">Asimismo, pronto esperamos contar con un nuevo Bibliob\u00fas que fue aprobado por acuerdo de los Consejeros Regionales en mayo de 2024, m\u00f3vil que nos permitir\u00e1 llegar a m\u00e1s localidades de Ays\u00e9n Continental, especialmente donde no existen Bibliotecas P\u00fablicas.<\/p>\n<p style=\"text-align: justify;\">El Bibliob\u00fas y la Coordinaci\u00f3n de Bibliotecas, son unidades dependientes del Servicio Nacional del Patrimonio Cultural de Ays\u00e9n.<\/p>\n<\/div><\/section><\/div><div  style='height:50px' class='hr hr-invisible   avia-builder-el-6  el_after_av_one_full  el_before_av_social_share '><span class='hr-inner ' ><span class='hr-inner-style'><\/span><\/span><\/div><\/p>\n<div  class='av-social-sharing-box  avia-builder-el-7  el_after_av_hr  el_before_av_hr  '><div class='av-share-box'><h5 class='av-share-link-description av-no-toc '>Compartir esta noticia<\/h5><ul class='av-share-box-list noLightbox'><li class='av-share-link av-social-link-facebook' ><a target=\"_blank\" aria-label=\"Compartir en Facebook\" href='https:\/\/www.facebook.com\/sharer.php?u=https:\/\/radiorevelacionfm.cl\/?p=53214&#038;t=Bibliob%C3%BAs%20Ays%C3%A9n%3A%20Treinta%20a%C3%B1os%20por%20los%20caminos%20de%20la%20lectura%20en%20la%20regi%C3%B3n' aria-hidden='false' data-av_icon='\ue8f3' data-av_iconfont='entypo-fontello' title='' data-avia-related-tooltip='Compartir en Facebook' rel=\"noopener\"><span class='avia_hidden_link_text'>Compartir en Facebook<\/span><\/a><\/li><li class='av-share-link av-social-link-twitter' ><a target=\"_blank\" aria-label=\"Compartir en Twitter\" href='https:\/\/twitter.com\/share?text=Bibliob%C3%BAs%20Ays%C3%A9n%3A%20Treinta%20a%C3%B1os%20por%20los%20caminos%20de%20la%20lectura%20en%20la%20regi%C3%B3n&#038;url=https:\/\/radiorevelacionfm.cl\/?p=53214' aria-hidden='false' data-av_icon='\ue8f1' data-av_iconfont='entypo-fontello' title='' data-avia-related-tooltip='Compartir en Twitter' rel=\"noopener\"><span class='avia_hidden_link_text'>Compartir en Twitter<\/span><\/a><\/li><li class='av-share-link av-social-link-whatsapp' ><a target=\"_blank\" aria-label=\"Compartir en Whatsapp\" href='https:\/\/api.whatsapp.com\/send?text=https:\/\/radiorevelacionfm.cl\/?p=53214' aria-hidden='false' data-av_icon='\uf232' data-av_iconfont='entypo-fontello' title='' data-avia-related-tooltip='Compartir en Whatsapp' rel=\"noopener\"><span class='avia_hidden_link_text'>Compartir en Whatsapp<\/span><\/a><\/li><li class='av-share-link av-social-link-linkedin' ><a target=\"_blank\" aria-label=\"Compartir en LinkedIn\" href='https:\/\/linkedin.com\/shareArticle?mini=true&#038;title=Bibliob%C3%BAs%20Ays%C3%A9n%3A%20Treinta%20a%C3%B1os%20por%20los%20caminos%20de%20la%20lectura%20en%20la%20regi%C3%B3n&#038;url=https:\/\/radiorevelacionfm.cl\/?p=53214' aria-hidden='false' data-av_icon='\ue8fc' data-av_iconfont='entypo-fontello' title='' data-avia-related-tooltip='Compartir en LinkedIn' rel=\"noopener\"><span class='avia_hidden_link_text'>Compartir en LinkedIn<\/span><\/a><\/li><li class='av-share-link av-social-link-mail' ><a  aria-label=\"Compartir por correo\" href='mailto:?subject=Bibliob%C3%BAs%20Ays%C3%A9n%3A%20Treinta%20a%C3%B1os%20por%20los%20caminos%20de%20la%20lectura%20en%20la%20regi%C3%B3n&#038;body=https:\/\/radiorevelacionfm.cl\/?p=53214' aria-hidden='false' data-av_icon='\ue805' data-av_iconfont='entypo-fontello' title='' data-avia-related-tooltip='Compartir por correo'><span class='avia_hidden_link_text'>Compartir por correo<\/span><\/a><\/li><\/ul><\/div><\/div>\n<div  style='height:50px' class='hr hr-invisible   avia-builder-el-8  el_after_av_social_share  el_before_av_comments_list '><span class='hr-inner ' ><span class='hr-inner-style'><\/span><\/span><\/div>\n<div  class='av-buildercomment  av-blog-meta-html-info-disabled av-blog-meta-tag-disabled  '><\/div>\n","protected":false},"excerpt":{"rendered":"","protected":false},"author":1,"featured_media":53215,"comment_status":"closed","ping_status":"closed","sticky":false,"template":"","format":"standard","meta":{"footnotes":""},"categories":[52],"tags":[],"class_list":["post-53214","post","type-post","status-publish","format-standard","has-post-thumbnail","hentry","category-cultura"],"jetpack_featured_media_url":"https:\/\/radiorevelacionfm.cl\/wp-content\/uploads\/2025\/04\/gira-1-1_optimized.jpeg","_links":{"self":[{"href":"https:\/\/radiorevelacionfm.cl\/index.php?rest_route=\/wp\/v2\/posts\/53214","targetHints":{"allow":["GET"]}}],"collection":[{"href":"https:\/\/radiorevelacionfm.cl\/index.php?rest_route=\/wp\/v2\/posts"}],"about":[{"href":"https:\/\/radiorevelacionfm.cl\/index.php?rest_route=\/wp\/v2\/types\/post"}],"author":[{"embeddable":true,"href":"https:\/\/radiorevelacionfm.cl\/index.php?rest_route=\/wp\/v2\/users\/1"}],"replies":[{"embeddable":true,"href":"https:\/\/radiorevelacionfm.cl\/index.php?rest_route=%2Fwp%2Fv2%2Fcomments&post=53214"}],"version-history":[{"count":2,"href":"https:\/\/radiorevelacionfm.cl\/index.php?rest_route=\/wp\/v2\/posts\/53214\/revisions"}],"predecessor-version":[{"id":53220,"href":"https:\/\/radiorevelacionfm.cl\/index.php?rest_route=\/wp\/v2\/posts\/53214\/revisions\/53220"}],"wp:featuredmedia":[{"embeddable":true,"href":"https:\/\/radiorevelacionfm.cl\/index.php?rest_route=\/wp\/v2\/media\/53215"}],"wp:attachment":[{"href":"https:\/\/radiorevelacionfm.cl\/index.php?rest_route=%2Fwp%2Fv2%2Fmedia&parent=53214"}],"wp:term":[{"taxonomy":"category","embeddable":true,"href":"https:\/\/radiorevelacionfm.cl\/index.php?rest_route=%2Fwp%2Fv2%2Fcategories&post=53214"},{"taxonomy":"post_tag","embeddable":true,"href":"https:\/\/radiorevelacionfm.cl\/index.php?rest_route=%2Fwp%2Fv2%2Ftags&post=53214"}],"curies":[{"name":"wp","href":"https:\/\/api.w.org\/{rel}","templated":true}]}}