{"id":53211,"date":"2025-04-28T14:34:27","date_gmt":"2025-04-28T17:34:27","guid":{"rendered":"https:\/\/radiorevelacionfm.cl\/?p=53211"},"modified":"2025-04-28T14:34:27","modified_gmt":"2025-04-28T17:34:27","slug":"corte-ordena-a-municipio-de-lago-verde-reintegro-de-funcionario-despedido-tras-7-anos-en-el-cargo","status":"publish","type":"post","link":"https:\/\/radiorevelacionfm.cl\/?p=53211","title":{"rendered":"Corte ordena a municipio de Lago Verde reintegro de funcionario despedido tras 7 a\u00f1os en el cargo"},"content":{"rendered":"<div class=\"flex_column av_one_full  flex_column_div av-zero-column-padding first  avia-builder-el-0  el_before_av_one_full  avia-builder-el-first  \" style='border-radius:0px; '><div  class='avia-image-container  av-styling-    avia-builder-el-1  avia-builder-el-no-sibling  avia-align-center '  itemprop=\"image\" itemscope=\"itemscope\" itemtype=\"https:\/\/schema.org\/ImageObject\"  ><div class='avia-image-container-inner'><div class='avia-image-overlay-wrap'><img decoding=\"async\" class='wp-image-10710 avia-img-lazy-loading-not-10710 avia_image' src=\"https:\/\/radiorevelacionfm.cl\/wp-content\/uploads\/2021\/11\/municipalidad-lago-verde-2-1_optimized.jpg\" alt='' title='municipalidad-lago-verde-2-(1)_optimized' height=\"600\" width=\"800\"  itemprop=\"thumbnailUrl\" srcset=\"https:\/\/radiorevelacionfm.cl\/wp-content\/uploads\/2021\/11\/municipalidad-lago-verde-2-1_optimized.jpg 800w, https:\/\/radiorevelacionfm.cl\/wp-content\/uploads\/2021\/11\/municipalidad-lago-verde-2-1_optimized-300x225.jpg 300w, https:\/\/radiorevelacionfm.cl\/wp-content\/uploads\/2021\/11\/municipalidad-lago-verde-2-1_optimized-768x576.jpg 768w, https:\/\/radiorevelacionfm.cl\/wp-content\/uploads\/2021\/11\/municipalidad-lago-verde-2-1_optimized-705x529.jpg 705w, https:\/\/radiorevelacionfm.cl\/wp-content\/uploads\/2021\/11\/municipalidad-lago-verde-2-1_optimized-600x450.jpg 600w\" sizes=\"(max-width: 800px) 100vw, 800px\" \/><\/div><\/div><\/div><\/div><div class=\"flex_column av_one_full  flex_column_div av-zero-column-padding first  avia-builder-el-2  el_after_av_one_full  el_before_av_one_full  column-top-margin\" style='border-radius:0px; '><section class=\"av_textblock_section \"  itemscope=\"itemscope\" itemtype=\"https:\/\/schema.org\/BlogPosting\" itemprop=\"blogPost\" ><div class='avia_textblock  '   itemprop=\"text\" ><p style=\"text-align: center;\"><strong><span style=\"font-size: 18pt;\">Corte ordena a municipio de Lago Verde reintegro de funcionario despedido tras 7 a\u00f1os en el cargo<\/span><\/strong><\/p>\n<div id=\"gtx-trans\" style=\"position: absolute; left: -50px; top: 4.31534px;\">\n<div class=\"gtx-trans-icon\"><\/div>\n<\/div>\n<\/div><\/section><\/div><div class=\"flex_column av_one_full  flex_column_div av-zero-column-padding first  avia-builder-el-4  el_after_av_one_full  el_before_av_hr  column-top-margin\" style='border-radius:0px; '><section class=\"av_textblock_section \"  itemscope=\"itemscope\" itemtype=\"https:\/\/schema.org\/BlogPosting\" itemprop=\"blogPost\" ><div class='avia_textblock  '   itemprop=\"text\" ><p class=\"v1MsoNormal\" style=\"text-align: justify;\">La Corte de Apelaciones de Coyhaique acogi\u00f3 el recurso de protecci\u00f3n deducido en representaci\u00f3n de funcionario y le orden\u00f3 a la Municipalidad de Lago Verde renovar contrata, por considerar que cumple con el principio de confianza leg\u00edtima, tras permanecer en el cargo por 7 a\u00f1os continuos.<\/p>\n<p class=\"v1MsoNormal\" style=\"text-align: justify;\">En fallo un\u00e1nime (causa rol 39-2025), la Primera Sala del Tribunal de alzada \u2013integrada por los ministros Pedro Castro Espinoza, Luis Aedo Mora y el fiscal judicial Juan Patricio Silva \u2013acogi\u00f3 la acci\u00f3n constitucional, tras establecer el actuar arbitrario del municipio recurrido.<\/p>\n<p class=\"v1MsoNormal\" style=\"text-align: justify;\">\u00abQue, en consecuencia, la resoluci\u00f3n administrativa impugnada mediante esta acci\u00f3n de protecci\u00f3n, se constituye en arbitraria, desde que al ser infundada, seg\u00fan antes se indic\u00f3, infringe los art\u00edculos 11 y 41, ambos de la Ley 19.880. Sin perjuicio de lo anterior, tal car\u00e1cter, el de arbitraria, aparece adem\u00e1s de manifiesto, desde que previamente a la dictaci\u00f3n del acto recurrido, se le notific\u00f3 una carta de 28 de noviembre de 2024, emitida por do\u00f1a Viviana Rivera Peralta, alcaldesa de la Municipalidad de Lago Verde, mediante la cual se le informa al recurrente que atendido su buen \u00a0desempe\u00f1o laboral, se ha decidido prorrogar su contrataci\u00f3n para el periodo comprendido entre el 01 de enero y el 31 de diciembre de 2025, sin que por su parte se incluya en el acto posterior que pone t\u00e9rmino a la contrata, alguna menci\u00f3n a esta misiva, en orden a dejarla sin efecto, esgrimiendo antecedentes comprobables que controviertan su buen desempe\u00f1o laboral y que sirvi\u00f3 justamente como fundamento de la referida carta de aviso de renovaci\u00f3n\u00bb, sostiene el fallo.<\/p>\n<p class=\"v1MsoNormal\" style=\"text-align: justify;\">La resoluci\u00f3n agrega: \u00abQue, de este modo, la actuaci\u00f3n de la recurrida infringe el derecho a la igualdad ante la ley, consagrado en el art\u00edculo 19 N\u00b02 de la Constituci\u00f3n Pol\u00edtica de la Rep\u00fablica, al ser discriminado arbitrariamente en comparaci\u00f3n a otros empleados, que desempe\u00f1\u00e1ndose en cargos bajo la modalidad de contrata, permanecen en ellos en la municipalidad recurrida, sin perjuicio de que el deber de motivaci\u00f3n del acto administrativo debe emplearse para todas las personas que se encuentren en la misma situaci\u00f3n y en el presente caso ello no se cumple\u00bb.<\/p>\n<p class=\"v1MsoNormal\" style=\"text-align: justify;\">\u00abIgualmente se ha vulnerado el derecho de propiedad, estatuido en el art\u00edculo 19 N\u00b024 del nuestra Carta Magna, desde que priva de manera ileg\u00edtima al recurrente de las remuneraciones a las que ten\u00eda derecho a percibir durante su desempe\u00f1o laboral, en ejercicio del principio de confianza leg\u00edtima\u00bb, a\u00f1ade.<\/p>\n<p class=\"v1MsoNormal\" style=\"text-align: justify;\">Por tanto, se resuelve que: \u00ab<b>SE ACOGE<\/b>, con costas, el recurso de protecci\u00f3n deducido por Carlos Emiliano Oyarzo Vidal, en contra de la Municipalidad de Lago Verde representada legalmente por su alcaldesa, Claudia Andrea Vald\u00e9s V\u00e1squez, y, en consecuencia, se deja sin efecto el Decreto Alcaldicio N\u00b01076\/1076, de fecha 27 de diciembre de 2024, mediante la cual la recurrida dispuso no renovar para el periodo 2025 su nombramiento a contrata. Asimismo, se ordena el reintegro inmediato a sus funciones y el pago de las remuneraciones devengadas durante el tiempo que el recurrente ha estado separado de su cargo hasta su efectiva reincorporaci\u00f3n, debiendo la recurrida disponer la inmediata renovaci\u00f3n de su contrata por todo el a\u00f1o 2025&#8243;.<\/p>\n<p class=\"v1MsoNormal\" style=\"text-align: justify;\"><span lang=\"ES-TRAD\">\u00a0<\/span><\/p>\n<\/div><\/section><\/div><div  style='height:50px' class='hr hr-invisible   avia-builder-el-6  el_after_av_one_full  el_before_av_social_share '><span class='hr-inner ' ><span class='hr-inner-style'><\/span><\/span><\/div><\/p>\n<div  class='av-social-sharing-box  avia-builder-el-7  el_after_av_hr  el_before_av_hr  '><div class='av-share-box'><h5 class='av-share-link-description av-no-toc '>Compartir esta noticia<\/h5><ul class='av-share-box-list noLightbox'><li class='av-share-link av-social-link-facebook' ><a target=\"_blank\" aria-label=\"Compartir en Facebook\" href='https:\/\/www.facebook.com\/sharer.php?u=https:\/\/radiorevelacionfm.cl\/?p=53211&#038;t=Corte%20ordena%20a%20municipio%20de%20Lago%20Verde%20reintegro%20de%20funcionario%20despedido%20tras%207%20a%C3%B1os%20en%20el%20cargo' aria-hidden='false' data-av_icon='\ue8f3' data-av_iconfont='entypo-fontello' title='' data-avia-related-tooltip='Compartir en Facebook' rel=\"noopener\"><span class='avia_hidden_link_text'>Compartir en Facebook<\/span><\/a><\/li><li class='av-share-link av-social-link-twitter' ><a target=\"_blank\" aria-label=\"Compartir en Twitter\" href='https:\/\/twitter.com\/share?text=Corte%20ordena%20a%20municipio%20de%20Lago%20Verde%20reintegro%20de%20funcionario%20despedido%20tras%207%20a%C3%B1os%20en%20el%20cargo&#038;url=https:\/\/radiorevelacionfm.cl\/?p=53211' aria-hidden='false' data-av_icon='\ue8f1' data-av_iconfont='entypo-fontello' title='' data-avia-related-tooltip='Compartir en Twitter' rel=\"noopener\"><span class='avia_hidden_link_text'>Compartir en Twitter<\/span><\/a><\/li><li class='av-share-link av-social-link-whatsapp' ><a target=\"_blank\" aria-label=\"Compartir en Whatsapp\" href='https:\/\/api.whatsapp.com\/send?text=https:\/\/radiorevelacionfm.cl\/?p=53211' aria-hidden='false' data-av_icon='\uf232' data-av_iconfont='entypo-fontello' title='' data-avia-related-tooltip='Compartir en Whatsapp' rel=\"noopener\"><span class='avia_hidden_link_text'>Compartir en Whatsapp<\/span><\/a><\/li><li class='av-share-link av-social-link-linkedin' ><a target=\"_blank\" aria-label=\"Compartir en LinkedIn\" href='https:\/\/linkedin.com\/shareArticle?mini=true&#038;title=Corte%20ordena%20a%20municipio%20de%20Lago%20Verde%20reintegro%20de%20funcionario%20despedido%20tras%207%20a%C3%B1os%20en%20el%20cargo&#038;url=https:\/\/radiorevelacionfm.cl\/?p=53211' aria-hidden='false' data-av_icon='\ue8fc' data-av_iconfont='entypo-fontello' title='' data-avia-related-tooltip='Compartir en LinkedIn' rel=\"noopener\"><span class='avia_hidden_link_text'>Compartir en LinkedIn<\/span><\/a><\/li><li class='av-share-link av-social-link-mail' ><a  aria-label=\"Compartir por correo\" href='mailto:?subject=Corte%20ordena%20a%20municipio%20de%20Lago%20Verde%20reintegro%20de%20funcionario%20despedido%20tras%207%20a%C3%B1os%20en%20el%20cargo&#038;body=https:\/\/radiorevelacionfm.cl\/?p=53211' aria-hidden='false' data-av_icon='\ue805' data-av_iconfont='entypo-fontello' title='' data-avia-related-tooltip='Compartir por correo'><span class='avia_hidden_link_text'>Compartir por correo<\/span><\/a><\/li><\/ul><\/div><\/div>\n<div  style='height:50px' class='hr hr-invisible   avia-builder-el-8  el_after_av_social_share  el_before_av_comments_list '><span class='hr-inner ' ><span class='hr-inner-style'><\/span><\/span><\/div>\n<div  class='av-buildercomment  av-blog-meta-html-info-disabled av-blog-meta-tag-disabled  '><\/div>\n","protected":false},"excerpt":{"rendered":"","protected":false},"author":1,"featured_media":10710,"comment_status":"closed","ping_status":"closed","sticky":false,"template":"","format":"standard","meta":{"footnotes":""},"categories":[55],"tags":[],"class_list":["post-53211","post","type-post","status-publish","format-standard","has-post-thumbnail","hentry","category-justicia"],"jetpack_featured_media_url":"https:\/\/radiorevelacionfm.cl\/wp-content\/uploads\/2021\/11\/municipalidad-lago-verde-2-1_optimized.jpg","_links":{"self":[{"href":"https:\/\/radiorevelacionfm.cl\/index.php?rest_route=\/wp\/v2\/posts\/53211","targetHints":{"allow":["GET"]}}],"collection":[{"href":"https:\/\/radiorevelacionfm.cl\/index.php?rest_route=\/wp\/v2\/posts"}],"about":[{"href":"https:\/\/radiorevelacionfm.cl\/index.php?rest_route=\/wp\/v2\/types\/post"}],"author":[{"embeddable":true,"href":"https:\/\/radiorevelacionfm.cl\/index.php?rest_route=\/wp\/v2\/users\/1"}],"replies":[{"embeddable":true,"href":"https:\/\/radiorevelacionfm.cl\/index.php?rest_route=%2Fwp%2Fv2%2Fcomments&post=53211"}],"version-history":[{"count":2,"href":"https:\/\/radiorevelacionfm.cl\/index.php?rest_route=\/wp\/v2\/posts\/53211\/revisions"}],"predecessor-version":[{"id":53213,"href":"https:\/\/radiorevelacionfm.cl\/index.php?rest_route=\/wp\/v2\/posts\/53211\/revisions\/53213"}],"wp:featuredmedia":[{"embeddable":true,"href":"https:\/\/radiorevelacionfm.cl\/index.php?rest_route=\/wp\/v2\/media\/10710"}],"wp:attachment":[{"href":"https:\/\/radiorevelacionfm.cl\/index.php?rest_route=%2Fwp%2Fv2%2Fmedia&parent=53211"}],"wp:term":[{"taxonomy":"category","embeddable":true,"href":"https:\/\/radiorevelacionfm.cl\/index.php?rest_route=%2Fwp%2Fv2%2Fcategories&post=53211"},{"taxonomy":"post_tag","embeddable":true,"href":"https:\/\/radiorevelacionfm.cl\/index.php?rest_route=%2Fwp%2Fv2%2Ftags&post=53211"}],"curies":[{"name":"wp","href":"https:\/\/api.w.org\/{rel}","templated":true}]}}