{"id":5321,"date":"2021-06-16T12:02:26","date_gmt":"2021-06-16T15:02:26","guid":{"rendered":"https:\/\/radiorevelacionfm.cl\/?p=5321"},"modified":"2021-06-16T12:02:26","modified_gmt":"2021-06-16T15:02:26","slug":"comercio-y-gremios-rechazan-propuesta-del-colegio-medico-sobre-cierre-por-3-semanas-de-actividades-productivas-en-aysen","status":"publish","type":"post","link":"https:\/\/radiorevelacionfm.cl\/?p=5321","title":{"rendered":"Comercio y gremios rechazan propuesta del Colegio M\u00e9dico sobre cierre por 3 semanas de actividades productivas en Ays\u00e9n"},"content":{"rendered":"<div class=\"flex_column av_one_full  flex_column_div av-zero-column-padding first  avia-builder-el-0  el_before_av_one_full  avia-builder-el-first  \" style='border-radius:0px; '><div  class='avia-image-container  av-styling-    avia-builder-el-1  avia-builder-el-no-sibling  avia-align-center '  itemprop=\"image\" itemscope=\"itemscope\" itemtype=\"https:\/\/schema.org\/ImageObject\"  ><div class='avia-image-container-inner'><div class='avia-image-overlay-wrap'><img decoding=\"async\" class='wp-image-5326 avia-img-lazy-loading-not-5326 avia_image' src=\"https:\/\/radiorevelacionfm.cl\/wp-content\/uploads\/2021\/06\/Comercio-cerrado-1-1.jpg\" alt='' title='Comercio cerrado (1) (1)' height=\"600\" width=\"991\"  itemprop=\"thumbnailUrl\" srcset=\"https:\/\/radiorevelacionfm.cl\/wp-content\/uploads\/2021\/06\/Comercio-cerrado-1-1.jpg 991w, https:\/\/radiorevelacionfm.cl\/wp-content\/uploads\/2021\/06\/Comercio-cerrado-1-1-300x182.jpg 300w, https:\/\/radiorevelacionfm.cl\/wp-content\/uploads\/2021\/06\/Comercio-cerrado-1-1-768x465.jpg 768w, https:\/\/radiorevelacionfm.cl\/wp-content\/uploads\/2021\/06\/Comercio-cerrado-1-1-705x427.jpg 705w, https:\/\/radiorevelacionfm.cl\/wp-content\/uploads\/2021\/06\/Comercio-cerrado-1-1-600x363.jpg 600w\" sizes=\"(max-width: 991px) 100vw, 991px\" \/><\/div><\/div><\/div><\/div><div class=\"flex_column av_one_full  flex_column_div av-zero-column-padding first  avia-builder-el-2  el_after_av_one_full  el_before_av_one_full  column-top-margin\" style='border-radius:0px; '><section class=\"av_textblock_section \"  itemscope=\"itemscope\" itemtype=\"https:\/\/schema.org\/BlogPosting\" itemprop=\"blogPost\" ><div class='avia_textblock  '   itemprop=\"text\" ><p style=\"text-align: center;\"><strong><span style=\"font-size: 18pt;\">Comercio y gremios rechazan propuesta del Colegio M\u00e9dico sobre cierre por 3 semanas de actividades productivas en Ays\u00e9n<\/span><\/strong><\/p>\n<div id=\"gtx-trans\" style=\"position: absolute; left: -50px; top: 4.31534px;\">\n<div class=\"gtx-trans-icon\"><\/div>\n<\/div>\n<\/div><\/section><\/div><div class=\"flex_column av_one_full  flex_column_div av-zero-column-padding first  avia-builder-el-4  el_after_av_one_full  el_before_av_hr  column-top-margin\" style='border-radius:0px; '><section class=\"av_textblock_section \"  itemscope=\"itemscope\" itemtype=\"https:\/\/schema.org\/BlogPosting\" itemprop=\"blogPost\" ><div class='avia_textblock  '   itemprop=\"text\" ><p style=\"text-align: justify;\"><span style=\"font-family: georgia, palatino, serif;\"><em>A trav\u00e9s de una Declaraci\u00f3n P\u00fablica, la C\u00e1mara Chilena de la Construcci\u00f3n, C\u00e1mara de Comercio Coyhaique, C\u00e1mara Turismo Coyhaique, C\u00e1mara de Turismo Puerto Ays\u00e9n, AG de la Belleza, AG de las Pymes Coyhaique, AG Todos por Turismo, AG Gastron\u00f3micos regi\u00f3n de Ays\u00e9n, representantes de gimnasios y representantes del turismo de la regi\u00f3n de Ays\u00e9n, manifestaron su rechazo.<\/em><\/span><\/p>\n<p style=\"text-align: justify;\">En relaci\u00f3n a la propuesta dada a conocer por el Colegio M\u00e9dico sobre el cierre de actividades productivas por tres semanas, suspensi\u00f3n del pase de movilidad y cambios al Paso a Paso, los sectores econ\u00f3micos, productivos y gremiales de la regi\u00f3n de Ays\u00e9n declaran lo siguiente:<\/p>\n<p style=\"text-align: justify;\">Hemos tomado conocimiento de una reciente propuesta del Colegio M\u00e9dico (Colmed) para hacer frente a la pandemia de Covid-19 que afecta a nuestro pa\u00eds.<\/p>\n<p style=\"text-align: justify;\">Como bien sabemos, llevamos m\u00e1s de un a\u00f1o enfrentados a una grave crisis sanitaria. Pero tambi\u00e9n a una severa crisis econ\u00f3mica, que ha afectado contundentemente a las familias m\u00e1s vulnerables de la regi\u00f3n y fundamentalmente a un gran n\u00famero de peque\u00f1as y medianas empresas (Pymes), que de implementarse la propuesta del Colmed \u201cCovid Cero\u201d o el plan \u201cVivos Nos Necesitamos\u201d, ser\u00eda una l\u00e1pida para los emprendedores regionales que detonar\u00eda en una eventual quiebra o cierre de operaciones, lo que traer\u00eda consigo la p\u00e9rdida de puestos de trabajo.<\/p>\n<p style=\"text-align: justify;\">Como sectores econ\u00f3micos, productivos y gremiales de la regi\u00f3n de Ays\u00e9n, hemos implementado potentes Protocolos Sanitarios para operar con todas las medidas de prevenci\u00f3n ante el Covid-19 exigidas por el ministerio de Salud, logrando tasas de contagio muy por debajo en los centros y espacios de trabajo. Por consiguiente, postulamos que econom\u00eda y salud no deben enfrentarse y que cerrar todas las actividades productivas no esenciales del pa\u00eds tampoco es la soluci\u00f3n.<\/p>\n<p style=\"text-align: justify;\">En consecuencia, manifestamos nuestro total rechazo con la estrategia planteada por el Colegio M\u00e9dico, ya que creemos que cualquier nueva propuesta para combatir la pandemia debe considerar la experiencia regional anteriormente citada. Y, por lo mismo, sugerir perfeccionamientos, pero no retrocesos, puesto que con ello solo aumentar\u00eda la incertidumbre que est\u00e1 provocando la crisis sanitaria y econ\u00f3mica que afecta a Chile y a nuestra regi\u00f3n.<\/p>\n<p style=\"text-align: justify;\">Si bien todos buscamos superar la crisis sanitaria, actualmente estamos convencidos que las cuarentenas no tienen impacto en la disminuci\u00f3n de los casos nuevos de Covid-19, as\u00ed como tambi\u00e9n estamos convencidos que cada territorio puede decidir qu\u00e9 medidas tomar seg\u00fan sus particularidades, y no acatar recomendaciones centralistas que no guardan relaci\u00f3n con la realidad local y regional. Por lo mismo, creemos que debemos continuar avanzando en el plan de vacunaci\u00f3n y seguir manteniendo las medidas de autocuidado: lavado de manos, uso de mascarilla y distanciamiento f\u00edsico.<\/p>\n<p style=\"text-align: justify;\">Pese a nuestra postura, como sectores econ\u00f3micos, productivos y gremiales aqu\u00ed firmantes de la regi\u00f3n de Ays\u00e9n, siempre tendremos la disposici\u00f3n para sentarnos a conversar y trabajar con absoluto compromiso y cooperaci\u00f3n por la protecci\u00f3n de la salud de las personas y el bienestar de nuestros trabajadores y sus familias.<\/p>\n<\/div><\/section><\/div><div  style='height:50px' class='hr hr-invisible   avia-builder-el-6  el_after_av_one_full  el_before_av_social_share '><span class='hr-inner ' ><span class='hr-inner-style'><\/span><\/span><\/div><\/p>\n<div  class='av-social-sharing-box  avia-builder-el-7  el_after_av_hr  el_before_av_hr  '><div class='av-share-box'><h5 class='av-share-link-description av-no-toc '>Compartir esta noticia<\/h5><ul class='av-share-box-list noLightbox'><li class='av-share-link av-social-link-facebook' ><a target=\"_blank\" aria-label=\"Compartir en Facebook\" href='https:\/\/www.facebook.com\/sharer.php?u=https:\/\/radiorevelacionfm.cl\/?p=5321&#038;t=Comercio%20y%20gremios%20rechazan%20propuesta%20del%20Colegio%20M%C3%A9dico%20sobre%20cierre%20por%203%20semanas%20de%20actividades%20productivas%20en%20Ays%C3%A9n' aria-hidden='false' data-av_icon='\ue8f3' data-av_iconfont='entypo-fontello' title='' data-avia-related-tooltip='Compartir en Facebook' rel=\"noopener\"><span class='avia_hidden_link_text'>Compartir en Facebook<\/span><\/a><\/li><li class='av-share-link av-social-link-twitter' ><a target=\"_blank\" aria-label=\"Compartir en Twitter\" href='https:\/\/twitter.com\/share?text=Comercio%20y%20gremios%20rechazan%20propuesta%20del%20Colegio%20M%C3%A9dico%20sobre%20cierre%20por%203%20semanas%20de%20actividades%20productivas%20en%20Ays%C3%A9n&#038;url=https:\/\/radiorevelacionfm.cl\/?p=5321' aria-hidden='false' data-av_icon='\ue8f1' data-av_iconfont='entypo-fontello' title='' data-avia-related-tooltip='Compartir en Twitter' rel=\"noopener\"><span class='avia_hidden_link_text'>Compartir en Twitter<\/span><\/a><\/li><li class='av-share-link av-social-link-whatsapp' ><a target=\"_blank\" aria-label=\"Compartir en Whatsapp\" href='https:\/\/api.whatsapp.com\/send?text=https:\/\/radiorevelacionfm.cl\/?p=5321' aria-hidden='false' data-av_icon='\uf232' data-av_iconfont='entypo-fontello' title='' data-avia-related-tooltip='Compartir en Whatsapp' rel=\"noopener\"><span class='avia_hidden_link_text'>Compartir en Whatsapp<\/span><\/a><\/li><li class='av-share-link av-social-link-linkedin' ><a target=\"_blank\" aria-label=\"Compartir en LinkedIn\" href='https:\/\/linkedin.com\/shareArticle?mini=true&#038;title=Comercio%20y%20gremios%20rechazan%20propuesta%20del%20Colegio%20M%C3%A9dico%20sobre%20cierre%20por%203%20semanas%20de%20actividades%20productivas%20en%20Ays%C3%A9n&#038;url=https:\/\/radiorevelacionfm.cl\/?p=5321' aria-hidden='false' data-av_icon='\ue8fc' data-av_iconfont='entypo-fontello' title='' data-avia-related-tooltip='Compartir en LinkedIn' rel=\"noopener\"><span class='avia_hidden_link_text'>Compartir en LinkedIn<\/span><\/a><\/li><li class='av-share-link av-social-link-mail' ><a  aria-label=\"Compartir por correo\" href='mailto:?subject=Comercio%20y%20gremios%20rechazan%20propuesta%20del%20Colegio%20M%C3%A9dico%20sobre%20cierre%20por%203%20semanas%20de%20actividades%20productivas%20en%20Ays%C3%A9n&#038;body=https:\/\/radiorevelacionfm.cl\/?p=5321' aria-hidden='false' data-av_icon='\ue805' data-av_iconfont='entypo-fontello' title='' data-avia-related-tooltip='Compartir por correo'><span class='avia_hidden_link_text'>Compartir por correo<\/span><\/a><\/li><\/ul><\/div><\/div>\n<div  style='height:50px' class='hr hr-invisible   avia-builder-el-8  el_after_av_social_share  el_before_av_comments_list '><span class='hr-inner ' ><span class='hr-inner-style'><\/span><\/span><\/div>\n<div  class='av-buildercomment  av-blog-meta-html-info-disabled av-blog-meta-tag-disabled  '><\/div>\n","protected":false},"excerpt":{"rendered":"","protected":false},"author":1,"featured_media":5326,"comment_status":"open","ping_status":"open","sticky":false,"template":"","format":"standard","meta":{"footnotes":""},"categories":[45],"tags":[],"class_list":["post-5321","post","type-post","status-publish","format-standard","has-post-thumbnail","hentry","category-comercio"],"jetpack_featured_media_url":"https:\/\/radiorevelacionfm.cl\/wp-content\/uploads\/2021\/06\/Comercio-cerrado-1-1.jpg","_links":{"self":[{"href":"https:\/\/radiorevelacionfm.cl\/index.php?rest_route=\/wp\/v2\/posts\/5321","targetHints":{"allow":["GET"]}}],"collection":[{"href":"https:\/\/radiorevelacionfm.cl\/index.php?rest_route=\/wp\/v2\/posts"}],"about":[{"href":"https:\/\/radiorevelacionfm.cl\/index.php?rest_route=\/wp\/v2\/types\/post"}],"author":[{"embeddable":true,"href":"https:\/\/radiorevelacionfm.cl\/index.php?rest_route=\/wp\/v2\/users\/1"}],"replies":[{"embeddable":true,"href":"https:\/\/radiorevelacionfm.cl\/index.php?rest_route=%2Fwp%2Fv2%2Fcomments&post=5321"}],"version-history":[{"count":3,"href":"https:\/\/radiorevelacionfm.cl\/index.php?rest_route=\/wp\/v2\/posts\/5321\/revisions"}],"predecessor-version":[{"id":5327,"href":"https:\/\/radiorevelacionfm.cl\/index.php?rest_route=\/wp\/v2\/posts\/5321\/revisions\/5327"}],"wp:featuredmedia":[{"embeddable":true,"href":"https:\/\/radiorevelacionfm.cl\/index.php?rest_route=\/wp\/v2\/media\/5326"}],"wp:attachment":[{"href":"https:\/\/radiorevelacionfm.cl\/index.php?rest_route=%2Fwp%2Fv2%2Fmedia&parent=5321"}],"wp:term":[{"taxonomy":"category","embeddable":true,"href":"https:\/\/radiorevelacionfm.cl\/index.php?rest_route=%2Fwp%2Fv2%2Fcategories&post=5321"},{"taxonomy":"post_tag","embeddable":true,"href":"https:\/\/radiorevelacionfm.cl\/index.php?rest_route=%2Fwp%2Fv2%2Ftags&post=5321"}],"curies":[{"name":"wp","href":"https:\/\/api.w.org\/{rel}","templated":true}]}}