{"id":53206,"date":"2025-04-28T12:33:19","date_gmt":"2025-04-28T15:33:19","guid":{"rendered":"https:\/\/radiorevelacionfm.cl\/?p=53206"},"modified":"2025-04-28T12:33:19","modified_gmt":"2025-04-28T15:33:19","slug":"dan-inicio-al-programa-escuela-con-energia-2025-en-la-escuela-hamburgo-de-puyuhuapi","status":"publish","type":"post","link":"https:\/\/radiorevelacionfm.cl\/?p=53206","title":{"rendered":"Dan inicio al programa \u201cEscuela con Energ\u00eda\u201d 2025 en la Escuela Hamburgo de Puyuhuapi"},"content":{"rendered":"<div class=\"flex_column av_one_full  flex_column_div av-zero-column-padding first  avia-builder-el-0  el_before_av_one_full  avia-builder-el-first  \" style='border-radius:0px; '><div  class='avia-image-container  av-styling-    avia-builder-el-1  avia-builder-el-no-sibling  avia-align-center '  itemprop=\"image\" itemscope=\"itemscope\" itemtype=\"https:\/\/schema.org\/ImageObject\"  ><div class='avia-image-container-inner'><div class='avia-image-overlay-wrap'><img decoding=\"async\" class='wp-image-53207 avia-img-lazy-loading-not-53207 avia_image' src=\"https:\/\/radiorevelacionfm.cl\/wp-content\/uploads\/2025\/04\/escuela-hamburgo-4-1_optimized.jpeg\" alt='' title='escuela-hamburgo-(4)-(1)_optimized' height=\"600\" width=\"891\"  itemprop=\"thumbnailUrl\" srcset=\"https:\/\/radiorevelacionfm.cl\/wp-content\/uploads\/2025\/04\/escuela-hamburgo-4-1_optimized.jpeg 891w, https:\/\/radiorevelacionfm.cl\/wp-content\/uploads\/2025\/04\/escuela-hamburgo-4-1_optimized-300x202.jpeg 300w, https:\/\/radiorevelacionfm.cl\/wp-content\/uploads\/2025\/04\/escuela-hamburgo-4-1_optimized-768x517.jpeg 768w, https:\/\/radiorevelacionfm.cl\/wp-content\/uploads\/2025\/04\/escuela-hamburgo-4-1_optimized-705x475.jpeg 705w, https:\/\/radiorevelacionfm.cl\/wp-content\/uploads\/2025\/04\/escuela-hamburgo-4-1_optimized-450x303.jpeg 450w, https:\/\/radiorevelacionfm.cl\/wp-content\/uploads\/2025\/04\/escuela-hamburgo-4-1_optimized-600x404.jpeg 600w\" sizes=\"(max-width: 891px) 100vw, 891px\" \/><\/div><\/div><\/div><\/div><div class=\"flex_column av_one_full  flex_column_div av-zero-column-padding first  avia-builder-el-2  el_after_av_one_full  el_before_av_one_full  column-top-margin\" style='border-radius:0px; '><section class=\"av_textblock_section \"  itemscope=\"itemscope\" itemtype=\"https:\/\/schema.org\/BlogPosting\" itemprop=\"blogPost\" ><div class='avia_textblock  '   itemprop=\"text\" ><p style=\"text-align: center;\"><strong><span style=\"font-size: 18pt;\">Dan inicio al programa \u201cEscuela con Energ\u00eda\u201d 2025 en la Escuela Hamburgo de Puyuhuapi<\/span><\/strong><\/p>\n<div id=\"gtx-trans\" style=\"position: absolute; left: -50px; top: 4.31534px;\">\n<div class=\"gtx-trans-icon\"><\/div>\n<\/div>\n<\/div><\/section><\/div><div class=\"flex_column av_one_full  flex_column_div av-zero-column-padding first  avia-builder-el-4  el_after_av_one_full  el_before_av_hr  column-top-margin\" style='border-radius:0px; '><section class=\"av_textblock_section \"  itemscope=\"itemscope\" itemtype=\"https:\/\/schema.org\/BlogPosting\" itemprop=\"blogPost\" ><div class='avia_textblock  '   itemprop=\"text\" ><p style=\"text-align: justify;\"><em>Con una entretenida ma\u00f1ana para los ni\u00f1os, la el\u00e9ctrica comenz\u00f3 un nuevo ciclo de actividades con estudiantes de la regi\u00f3n para promover el uso eficiente de la energ\u00eda.<\/em><\/p>\n<p style=\"text-align: justify;\">Con una jornada llena de entusiasmo y participaci\u00f3n, Edelaysen dio inicio al programa \u201cEscuelas con Energ\u00eda\u201d de este a\u00f1o, comenzando en la Escuela Hamburgo de la localidad de Puyuhuapi en la comuna de Cisnes, donde los ni\u00f1os fueron protagonistas de una ma\u00f1ana educativa, centrada en el cuidado y uso eficiente de la energ\u00eda, adem\u00e1s de recibir botas de agua y capas de cara a la temporada invernal en la regi\u00f3n.<\/p>\n<p style=\"text-align: justify;\">Juan Cifra, jefe de distribuci\u00f3n de Edelaysen destac\u00f3 que: \u201cEstamos en Puyuhuapi, participando con la gente de la escuela, con los ni\u00f1os que est\u00e1n con mucha energ\u00eda, donde les entregamos un peque\u00f1o presente para que puedan desarrollar sus actividades en este colegio que es un lugar bien apartado en la regi\u00f3n, dando inicio tambi\u00e9n al proceso de campa\u00f1a de eficiencia energ\u00e9tica, donde este colegio es uno de los 5 que est\u00e1n compitiendo este a\u00f1o por lograr el premio a la eficiencia energ\u00e9tica. Muy agradecidos por el recibimiento de tanto ni\u00f1os como docentes\u201d.<\/p>\n<p style=\"text-align: justify;\">Durante la visita, el equipo de Edelaysen comparti\u00f3 contenidos sobre eficiencia energ\u00e9tica, explicando c\u00f3mo cuidar la electricidad en la escuela y en el hogar. Como parte del compromiso con la comunidad educativa, la el\u00e9ctrica tambi\u00e9n hizo entrega de un proyector data show para apoyar el desarrollo de las clases en el establecimiento.<\/p>\n<p style=\"text-align: justify;\">\u201cEstamos super agradecidos con la entrega de Edelaysen que fue un data y botas para los ni\u00f1os que son demasiado \u00fatiles para nuestro quehacer pedag\u00f3gico. El data para poder hacer distintas actividades en las clases y las botas y capas de agua para nuestras salidas educativas, el trabajo en invernadero o si queremos hacer alguna salida al medio ambiente donde aqu\u00ed, espec\u00edficamente en Puyuhuapi llueve mucho, as\u00ed que muy agradecidos de esa entrega de material que va a ser muy beneficiosa para nuestros estudiantes\u201d, se\u00f1al\u00f3 Evelyn Rozas, profesora diferencial y encargada de medio ambiente del establecimiento.<\/p>\n<p style=\"text-align: justify;\">Hay que destacar que este a\u00f1o, Edelaysen visitar\u00e1\u00a0a cinco\u00a0escuelas en toda la regi\u00f3n. La visita incluir\u00e1 actividades para los m\u00e1s peque\u00f1os, adem\u00e1s de sorpresas y una breve inducci\u00f3n en el correcto uso de la energ\u00eda.<\/p>\n<p style=\"text-align: justify;\"><strong>\u00a0<\/strong><\/p>\n<p style=\"text-align: justify;\"><strong>\u00a0<\/strong><\/p>\n<p style=\"text-align: justify;\"><strong>\u00a0<\/strong><\/p>\n<\/div><\/section><\/div><div  style='height:50px' class='hr hr-invisible   avia-builder-el-6  el_after_av_one_full  el_before_av_social_share '><span class='hr-inner ' ><span class='hr-inner-style'><\/span><\/span><\/div><\/p>\n<div  class='av-social-sharing-box  avia-builder-el-7  el_after_av_hr  el_before_av_hr  '><div class='av-share-box'><h5 class='av-share-link-description av-no-toc '>Compartir esta noticia<\/h5><ul class='av-share-box-list noLightbox'><li class='av-share-link av-social-link-facebook' ><a target=\"_blank\" aria-label=\"Compartir en Facebook\" href='https:\/\/www.facebook.com\/sharer.php?u=https:\/\/radiorevelacionfm.cl\/?p=53206&#038;t=Dan%20inicio%20al%20programa%20%E2%80%9CEscuela%20con%20Energ%C3%ADa%E2%80%9D%202025%20en%20la%20Escuela%20Hamburgo%20de%20Puyuhuapi' aria-hidden='false' data-av_icon='\ue8f3' data-av_iconfont='entypo-fontello' title='' data-avia-related-tooltip='Compartir en Facebook' rel=\"noopener\"><span class='avia_hidden_link_text'>Compartir en Facebook<\/span><\/a><\/li><li class='av-share-link av-social-link-twitter' ><a target=\"_blank\" aria-label=\"Compartir en Twitter\" href='https:\/\/twitter.com\/share?text=Dan%20inicio%20al%20programa%20%E2%80%9CEscuela%20con%20Energ%C3%ADa%E2%80%9D%202025%20en%20la%20Escuela%20Hamburgo%20de%20Puyuhuapi&#038;url=https:\/\/radiorevelacionfm.cl\/?p=53206' aria-hidden='false' data-av_icon='\ue8f1' data-av_iconfont='entypo-fontello' title='' data-avia-related-tooltip='Compartir en Twitter' rel=\"noopener\"><span class='avia_hidden_link_text'>Compartir en Twitter<\/span><\/a><\/li><li class='av-share-link av-social-link-whatsapp' ><a target=\"_blank\" aria-label=\"Compartir en Whatsapp\" href='https:\/\/api.whatsapp.com\/send?text=https:\/\/radiorevelacionfm.cl\/?p=53206' aria-hidden='false' data-av_icon='\uf232' data-av_iconfont='entypo-fontello' title='' data-avia-related-tooltip='Compartir en Whatsapp' rel=\"noopener\"><span class='avia_hidden_link_text'>Compartir en Whatsapp<\/span><\/a><\/li><li class='av-share-link av-social-link-linkedin' ><a target=\"_blank\" aria-label=\"Compartir en LinkedIn\" href='https:\/\/linkedin.com\/shareArticle?mini=true&#038;title=Dan%20inicio%20al%20programa%20%E2%80%9CEscuela%20con%20Energ%C3%ADa%E2%80%9D%202025%20en%20la%20Escuela%20Hamburgo%20de%20Puyuhuapi&#038;url=https:\/\/radiorevelacionfm.cl\/?p=53206' aria-hidden='false' data-av_icon='\ue8fc' data-av_iconfont='entypo-fontello' title='' data-avia-related-tooltip='Compartir en LinkedIn' rel=\"noopener\"><span class='avia_hidden_link_text'>Compartir en LinkedIn<\/span><\/a><\/li><li class='av-share-link av-social-link-mail' ><a  aria-label=\"Compartir por correo\" href='mailto:?subject=Dan%20inicio%20al%20programa%20%E2%80%9CEscuela%20con%20Energ%C3%ADa%E2%80%9D%202025%20en%20la%20Escuela%20Hamburgo%20de%20Puyuhuapi&#038;body=https:\/\/radiorevelacionfm.cl\/?p=53206' aria-hidden='false' data-av_icon='\ue805' data-av_iconfont='entypo-fontello' title='' data-avia-related-tooltip='Compartir por correo'><span class='avia_hidden_link_text'>Compartir por correo<\/span><\/a><\/li><\/ul><\/div><\/div>\n<div  style='height:50px' class='hr hr-invisible   avia-builder-el-8  el_after_av_social_share  el_before_av_comments_list '><span class='hr-inner ' ><span class='hr-inner-style'><\/span><\/span><\/div>\n<div  class='av-buildercomment  av-blog-meta-html-info-disabled av-blog-meta-tag-disabled  '><\/div>\n","protected":false},"excerpt":{"rendered":"","protected":false},"author":1,"featured_media":53207,"comment_status":"closed","ping_status":"closed","sticky":false,"template":"","format":"standard","meta":{"footnotes":""},"categories":[38],"tags":[],"class_list":["post-53206","post","type-post","status-publish","format-standard","has-post-thumbnail","hentry","category-regional"],"jetpack_featured_media_url":"https:\/\/radiorevelacionfm.cl\/wp-content\/uploads\/2025\/04\/escuela-hamburgo-4-1_optimized.jpeg","_links":{"self":[{"href":"https:\/\/radiorevelacionfm.cl\/index.php?rest_route=\/wp\/v2\/posts\/53206","targetHints":{"allow":["GET"]}}],"collection":[{"href":"https:\/\/radiorevelacionfm.cl\/index.php?rest_route=\/wp\/v2\/posts"}],"about":[{"href":"https:\/\/radiorevelacionfm.cl\/index.php?rest_route=\/wp\/v2\/types\/post"}],"author":[{"embeddable":true,"href":"https:\/\/radiorevelacionfm.cl\/index.php?rest_route=\/wp\/v2\/users\/1"}],"replies":[{"embeddable":true,"href":"https:\/\/radiorevelacionfm.cl\/index.php?rest_route=%2Fwp%2Fv2%2Fcomments&post=53206"}],"version-history":[{"count":2,"href":"https:\/\/radiorevelacionfm.cl\/index.php?rest_route=\/wp\/v2\/posts\/53206\/revisions"}],"predecessor-version":[{"id":53209,"href":"https:\/\/radiorevelacionfm.cl\/index.php?rest_route=\/wp\/v2\/posts\/53206\/revisions\/53209"}],"wp:featuredmedia":[{"embeddable":true,"href":"https:\/\/radiorevelacionfm.cl\/index.php?rest_route=\/wp\/v2\/media\/53207"}],"wp:attachment":[{"href":"https:\/\/radiorevelacionfm.cl\/index.php?rest_route=%2Fwp%2Fv2%2Fmedia&parent=53206"}],"wp:term":[{"taxonomy":"category","embeddable":true,"href":"https:\/\/radiorevelacionfm.cl\/index.php?rest_route=%2Fwp%2Fv2%2Fcategories&post=53206"},{"taxonomy":"post_tag","embeddable":true,"href":"https:\/\/radiorevelacionfm.cl\/index.php?rest_route=%2Fwp%2Fv2%2Ftags&post=53206"}],"curies":[{"name":"wp","href":"https:\/\/api.w.org\/{rel}","templated":true}]}}