{"id":53202,"date":"2025-04-28T12:19:14","date_gmt":"2025-04-28T15:19:14","guid":{"rendered":"https:\/\/radiorevelacionfm.cl\/?p=53202"},"modified":"2025-04-28T12:19:14","modified_gmt":"2025-04-28T15:19:14","slug":"hiper-patagonico-se-convierte-en-el-primer-punto-de-venta-de-yo-compro-local","status":"publish","type":"post","link":"https:\/\/radiorevelacionfm.cl\/?p=53202","title":{"rendered":"Hiper Patag\u00f3nico se convierte en el primer punto de venta de \u201cYo Compro Local\u201d"},"content":{"rendered":"<div class=\"flex_column av_one_full  flex_column_div av-zero-column-padding first  avia-builder-el-0  el_before_av_one_full  avia-builder-el-first  \" style='border-radius:0px; '><div  class='avia-image-container  av-styling-    avia-builder-el-1  avia-builder-el-no-sibling  avia-align-center '  itemprop=\"image\" itemscope=\"itemscope\" itemtype=\"https:\/\/schema.org\/ImageObject\"  ><div class='avia-image-container-inner'><div class='avia-image-overlay-wrap'><img decoding=\"async\" class='wp-image-53203 avia-img-lazy-loading-not-53203 avia_image' src=\"https:\/\/radiorevelacionfm.cl\/wp-content\/uploads\/2025\/04\/yo-compro-local-1_optimized-1.jpg\" alt='' title='yo-compro-local-(1)_optimized (1)' height=\"600\" width=\"1062\"  itemprop=\"thumbnailUrl\" srcset=\"https:\/\/radiorevelacionfm.cl\/wp-content\/uploads\/2025\/04\/yo-compro-local-1_optimized-1.jpg 1062w, https:\/\/radiorevelacionfm.cl\/wp-content\/uploads\/2025\/04\/yo-compro-local-1_optimized-1-300x169.jpg 300w, https:\/\/radiorevelacionfm.cl\/wp-content\/uploads\/2025\/04\/yo-compro-local-1_optimized-1-1030x582.jpg 1030w, https:\/\/radiorevelacionfm.cl\/wp-content\/uploads\/2025\/04\/yo-compro-local-1_optimized-1-768x434.jpg 768w, https:\/\/radiorevelacionfm.cl\/wp-content\/uploads\/2025\/04\/yo-compro-local-1_optimized-1-705x398.jpg 705w, https:\/\/radiorevelacionfm.cl\/wp-content\/uploads\/2025\/04\/yo-compro-local-1_optimized-1-450x254.jpg 450w, https:\/\/radiorevelacionfm.cl\/wp-content\/uploads\/2025\/04\/yo-compro-local-1_optimized-1-600x339.jpg 600w\" sizes=\"(max-width: 1062px) 100vw, 1062px\" \/><\/div><\/div><\/div><\/div><div class=\"flex_column av_one_full  flex_column_div av-zero-column-padding first  avia-builder-el-2  el_after_av_one_full  el_before_av_one_full  column-top-margin\" style='border-radius:0px; '><section class=\"av_textblock_section \"  itemscope=\"itemscope\" itemtype=\"https:\/\/schema.org\/BlogPosting\" itemprop=\"blogPost\" ><div class='avia_textblock  '   itemprop=\"text\" ><p style=\"text-align: center;\"><strong><span style=\"font-size: 18pt;\">Hiper Patag\u00f3nico se convierte en el primer punto de venta de \u201cYo Compro Local\u201d<\/span><\/strong><\/p>\n<div id=\"gtx-trans\" style=\"position: absolute; left: -50px; top: 4.31534px;\">\n<div class=\"gtx-trans-icon\"><\/div>\n<\/div>\n<\/div><\/section><\/div><div class=\"flex_column av_one_full  flex_column_div av-zero-column-padding first  avia-builder-el-4  el_after_av_one_full  el_before_av_hr  column-top-margin\" style='border-radius:0px; '><section class=\"av_textblock_section \"  itemscope=\"itemscope\" itemtype=\"https:\/\/schema.org\/BlogPosting\" itemprop=\"blogPost\" ><div class='avia_textblock  '   itemprop=\"text\" ><p style=\"text-align: justify;\">\u201cYo Compro Local\u201d es una iniciativa liderada por los Centros de Negocios SERCOTEC de Puerto Ays\u00e9n y Coyhaique que busca potenciar la comercializaci\u00f3n y visibilidad de productos locales con identidad patag\u00f3nica, mediante formaci\u00f3n especializada, asesor\u00edas t\u00e9cnicas y ruedas de negocios que conecten a las y los emprendedores con potenciales compradores del territorio. Este programa fomenta el consumo local, la econom\u00eda circular, el comercio justo y el encadenamiento productivo regional, integrando capacitaciones t\u00e9cnicas, herramientas digitales y redes colaborativas para micro y peque\u00f1as empresas.<\/p>\n<p style=\"text-align: justify;\">En este contexto en <em>Supermercado Hiper Patag\u00f3nico<\/em>, se realiz\u00f3 el lanzamiento del primer punto de venta del Programa \u201cYo Compro Local\u201d, que abre la posibilidad de que grandes empresas de nuestra regi\u00f3n se conviertan en punto de venta de productos creados por empresas m\u00e1s peque\u00f1as, con el fin \u00faltimo de que estos productos tengan mayor visibilidad y mayor cantidad de personas accedan a ellos.<\/p>\n<p style=\"text-align: justify;\">La Directora de Sercotec Ays\u00e9n, Nelly Vargas Mansilla valor\u00f3 la importancia de este primer a\u00f1o de implementaci\u00f3n del Programa Yo Compro Local: <em>\u201cComo Sercotec estamos muy contentos por esta vinculaci\u00f3n que se realiza a trav\u00e9s de nuestro programa Yo Compro Local, de los Centros de Negocios con la mediana empresa. Nos sentimos muy contentos por el compromiso que existe por parte del Hiper Patag\u00f3nico para recibir a nuestras micro y peque\u00f1as empresas para contar con un canal de distribuci\u00f3n regional\u201d.<\/em><\/p>\n<p style=\"text-align: justify;\">Por su parte Patricia Gonz\u00e1lez, de Buen Punto Patagonia, beneficiaria de Yo compro Local, relat\u00f3 la importancia de poder abrir mercado gracias a este instrumento proporcionado por Sercotec, a trav\u00e9s de los Centros de Negocio de Coyhaique y Puerto Ays\u00e9n: <em>\u201cEs s\u00faper interesante e importante esta alianza de los empresarios locales junto con los distintos servicios para\u00a0 abrir estos espacios. Sin duda que nos abre el espectro y va mucho m\u00e1s all\u00e1 de elaborar un producto, sino que nos permite tener la seguridad para nuestra econom\u00eda familiar\u201d.<\/em><\/p>\n<p style=\"text-align: justify;\">Rodrigo Canales, Gerente de Hiper Patag\u00f3nico estuvo presente en este importante hito y manifest\u00f3 que: <em>\u201cEstamos encantados de participar, hemos logrado acuerdos con cuatro o cinco proveedores locales y reforzado con algunos que ya ten\u00edamos acuerdos comerciales y fruto de eso es que hoy est\u00e1n visibles en nuestro supermercado o han aumentado su presencia en nuestra sala de ventas\u201d.<\/em><\/p>\n<p style=\"text-align: justify;\">Finalmente, el Seremi de Econom\u00eda de la Regi\u00f3n de Ays\u00e9n, Felipe Rojas Pizarro, relev\u00f3 la importancia para la econom\u00eda local, iniciativas asociativas como esta: <em>\u201cSabemos que para las micro y peque\u00f1as empresas es importante el proceso de comercializaci\u00f3n y vincularse con empresas grandes particularmente. En este caso Hiper Patag\u00f3nico, con su experiencia y su contribuci\u00f3n al desarrollo econ\u00f3mico y social de la Regi\u00f3n de Ays\u00e9n contribuye enlazando productores locales con clientes finales de Coyhaique, generando un gran aporte a las econom\u00edas locales\u201d.<\/em><\/p>\n<p style=\"text-align: justify;\">15 micro y peque\u00f1as empresas regionales, participaron de esta primera convocatoria de Yo Compro Local 2024, donde recibieron una serie de herramientas para robustecer su trabajo y ampliar sus horizontes comerciales. La convocatoria 2025 abrir\u00e1 la primera semana de mayo y las postulaciones podr\u00e1n hacerse en el correo <a href=\"mailto:yocomprolocalaysen@gmail.com\">yocomprolocalaysen@gmail.com<\/a> adjuntando documentaci\u00f3n solicitada seg\u00fan bases del programa.<\/p>\n<\/div><\/section><\/div><div  style='height:50px' class='hr hr-invisible   avia-builder-el-6  el_after_av_one_full  el_before_av_social_share '><span class='hr-inner ' ><span class='hr-inner-style'><\/span><\/span><\/div><\/p>\n<div  class='av-social-sharing-box  avia-builder-el-7  el_after_av_hr  el_before_av_hr  '><div class='av-share-box'><h5 class='av-share-link-description av-no-toc '>Compartir esta noticia<\/h5><ul class='av-share-box-list noLightbox'><li class='av-share-link av-social-link-facebook' ><a target=\"_blank\" aria-label=\"Compartir en Facebook\" href='https:\/\/www.facebook.com\/sharer.php?u=https:\/\/radiorevelacionfm.cl\/?p=53202&#038;t=Hiper%20Patag%C3%B3nico%20se%20convierte%20en%20el%20primer%20punto%20de%20venta%20de%20%E2%80%9CYo%20Compro%20Local%E2%80%9D' aria-hidden='false' data-av_icon='\ue8f3' data-av_iconfont='entypo-fontello' title='' data-avia-related-tooltip='Compartir en Facebook' rel=\"noopener\"><span class='avia_hidden_link_text'>Compartir en Facebook<\/span><\/a><\/li><li class='av-share-link av-social-link-twitter' ><a target=\"_blank\" aria-label=\"Compartir en Twitter\" href='https:\/\/twitter.com\/share?text=Hiper%20Patag%C3%B3nico%20se%20convierte%20en%20el%20primer%20punto%20de%20venta%20de%20%E2%80%9CYo%20Compro%20Local%E2%80%9D&#038;url=https:\/\/radiorevelacionfm.cl\/?p=53202' aria-hidden='false' data-av_icon='\ue8f1' data-av_iconfont='entypo-fontello' title='' data-avia-related-tooltip='Compartir en Twitter' rel=\"noopener\"><span class='avia_hidden_link_text'>Compartir en Twitter<\/span><\/a><\/li><li class='av-share-link av-social-link-whatsapp' ><a target=\"_blank\" aria-label=\"Compartir en Whatsapp\" href='https:\/\/api.whatsapp.com\/send?text=https:\/\/radiorevelacionfm.cl\/?p=53202' aria-hidden='false' data-av_icon='\uf232' data-av_iconfont='entypo-fontello' title='' data-avia-related-tooltip='Compartir en Whatsapp' rel=\"noopener\"><span class='avia_hidden_link_text'>Compartir en Whatsapp<\/span><\/a><\/li><li class='av-share-link av-social-link-linkedin' ><a target=\"_blank\" aria-label=\"Compartir en LinkedIn\" href='https:\/\/linkedin.com\/shareArticle?mini=true&#038;title=Hiper%20Patag%C3%B3nico%20se%20convierte%20en%20el%20primer%20punto%20de%20venta%20de%20%E2%80%9CYo%20Compro%20Local%E2%80%9D&#038;url=https:\/\/radiorevelacionfm.cl\/?p=53202' aria-hidden='false' data-av_icon='\ue8fc' data-av_iconfont='entypo-fontello' title='' data-avia-related-tooltip='Compartir en LinkedIn' rel=\"noopener\"><span class='avia_hidden_link_text'>Compartir en LinkedIn<\/span><\/a><\/li><li class='av-share-link av-social-link-mail' ><a  aria-label=\"Compartir por correo\" href='mailto:?subject=Hiper%20Patag%C3%B3nico%20se%20convierte%20en%20el%20primer%20punto%20de%20venta%20de%20%E2%80%9CYo%20Compro%20Local%E2%80%9D&#038;body=https:\/\/radiorevelacionfm.cl\/?p=53202' aria-hidden='false' data-av_icon='\ue805' data-av_iconfont='entypo-fontello' title='' data-avia-related-tooltip='Compartir por correo'><span class='avia_hidden_link_text'>Compartir por correo<\/span><\/a><\/li><\/ul><\/div><\/div>\n<div  style='height:50px' class='hr hr-invisible   avia-builder-el-8  el_after_av_social_share  el_before_av_comments_list '><span class='hr-inner ' ><span class='hr-inner-style'><\/span><\/span><\/div>\n<div  class='av-buildercomment  av-blog-meta-html-info-disabled av-blog-meta-tag-disabled  '><\/div>\n","protected":false},"excerpt":{"rendered":"","protected":false},"author":1,"featured_media":53203,"comment_status":"closed","ping_status":"closed","sticky":false,"template":"","format":"standard","meta":{"footnotes":""},"categories":[38],"tags":[],"class_list":["post-53202","post","type-post","status-publish","format-standard","has-post-thumbnail","hentry","category-regional"],"jetpack_featured_media_url":"https:\/\/radiorevelacionfm.cl\/wp-content\/uploads\/2025\/04\/yo-compro-local-1_optimized-1.jpg","_links":{"self":[{"href":"https:\/\/radiorevelacionfm.cl\/index.php?rest_route=\/wp\/v2\/posts\/53202","targetHints":{"allow":["GET"]}}],"collection":[{"href":"https:\/\/radiorevelacionfm.cl\/index.php?rest_route=\/wp\/v2\/posts"}],"about":[{"href":"https:\/\/radiorevelacionfm.cl\/index.php?rest_route=\/wp\/v2\/types\/post"}],"author":[{"embeddable":true,"href":"https:\/\/radiorevelacionfm.cl\/index.php?rest_route=\/wp\/v2\/users\/1"}],"replies":[{"embeddable":true,"href":"https:\/\/radiorevelacionfm.cl\/index.php?rest_route=%2Fwp%2Fv2%2Fcomments&post=53202"}],"version-history":[{"count":2,"href":"https:\/\/radiorevelacionfm.cl\/index.php?rest_route=\/wp\/v2\/posts\/53202\/revisions"}],"predecessor-version":[{"id":53205,"href":"https:\/\/radiorevelacionfm.cl\/index.php?rest_route=\/wp\/v2\/posts\/53202\/revisions\/53205"}],"wp:featuredmedia":[{"embeddable":true,"href":"https:\/\/radiorevelacionfm.cl\/index.php?rest_route=\/wp\/v2\/media\/53203"}],"wp:attachment":[{"href":"https:\/\/radiorevelacionfm.cl\/index.php?rest_route=%2Fwp%2Fv2%2Fmedia&parent=53202"}],"wp:term":[{"taxonomy":"category","embeddable":true,"href":"https:\/\/radiorevelacionfm.cl\/index.php?rest_route=%2Fwp%2Fv2%2Fcategories&post=53202"},{"taxonomy":"post_tag","embeddable":true,"href":"https:\/\/radiorevelacionfm.cl\/index.php?rest_route=%2Fwp%2Fv2%2Ftags&post=53202"}],"curies":[{"name":"wp","href":"https:\/\/api.w.org\/{rel}","templated":true}]}}