{"id":53197,"date":"2025-04-28T11:54:06","date_gmt":"2025-04-28T14:54:06","guid":{"rendered":"https:\/\/radiorevelacionfm.cl\/?p=53197"},"modified":"2025-04-28T11:54:06","modified_gmt":"2025-04-28T14:54:06","slug":"subsecretario-de-bienes-nacionales-entrego-concesion-de-inmueble-fiscal-al-club-hipico-de-bahia-murta","status":"publish","type":"post","link":"https:\/\/radiorevelacionfm.cl\/?p=53197","title":{"rendered":"Subsecretario de Bienes Nacionales entreg\u00f3 concesi\u00f3n de inmueble fiscal al Club H\u00edpico de Bah\u00eda Murta"},"content":{"rendered":"<div class=\"flex_column av_one_full  flex_column_div av-zero-column-padding first  avia-builder-el-0  el_before_av_one_full  avia-builder-el-first  \" style='border-radius:0px; '><div  class='avia-image-container  av-styling-    avia-builder-el-1  avia-builder-el-no-sibling  avia-align-center '  itemprop=\"image\" itemscope=\"itemscope\" itemtype=\"https:\/\/schema.org\/ImageObject\"  ><div class='avia-image-container-inner'><div class='avia-image-overlay-wrap'><img decoding=\"async\" class='wp-image-53198 avia-img-lazy-loading-not-53198 avia_image' src=\"https:\/\/radiorevelacionfm.cl\/wp-content\/uploads\/2025\/04\/cb6240d1-63cf-4d9f-8ee8-8cfe51862e52-1-1.jpg\" alt='' title='cb6240d1-63cf-4d9f-8ee8-8cfe51862e52 (1) (1)' height=\"600\" width=\"900\"  itemprop=\"thumbnailUrl\" srcset=\"https:\/\/radiorevelacionfm.cl\/wp-content\/uploads\/2025\/04\/cb6240d1-63cf-4d9f-8ee8-8cfe51862e52-1-1.jpg 900w, https:\/\/radiorevelacionfm.cl\/wp-content\/uploads\/2025\/04\/cb6240d1-63cf-4d9f-8ee8-8cfe51862e52-1-1-300x200.jpg 300w, https:\/\/radiorevelacionfm.cl\/wp-content\/uploads\/2025\/04\/cb6240d1-63cf-4d9f-8ee8-8cfe51862e52-1-1-768x512.jpg 768w, https:\/\/radiorevelacionfm.cl\/wp-content\/uploads\/2025\/04\/cb6240d1-63cf-4d9f-8ee8-8cfe51862e52-1-1-705x470.jpg 705w, https:\/\/radiorevelacionfm.cl\/wp-content\/uploads\/2025\/04\/cb6240d1-63cf-4d9f-8ee8-8cfe51862e52-1-1-450x300.jpg 450w, https:\/\/radiorevelacionfm.cl\/wp-content\/uploads\/2025\/04\/cb6240d1-63cf-4d9f-8ee8-8cfe51862e52-1-1-600x400.jpg 600w\" sizes=\"(max-width: 900px) 100vw, 900px\" \/><\/div><\/div><\/div><\/div><div class=\"flex_column av_one_full  flex_column_div av-zero-column-padding first  avia-builder-el-2  el_after_av_one_full  el_before_av_one_full  column-top-margin\" style='border-radius:0px; '><section class=\"av_textblock_section \"  itemscope=\"itemscope\" itemtype=\"https:\/\/schema.org\/BlogPosting\" itemprop=\"blogPost\" ><div class='avia_textblock  '   itemprop=\"text\" ><p style=\"text-align: center;\"><span style=\"font-size: 18pt;\"><strong>Subsecretario de Bienes Nacionales entreg\u00f3 concesi\u00f3n de inmueble fiscal al Club H\u00edpico de Bah\u00eda Murta<\/strong><\/span><\/p>\n<div id=\"gtx-trans\" style=\"position: absolute; left: -50px; top: 4.31534px;\">\n<div class=\"gtx-trans-icon\"><\/div>\n<\/div>\n<\/div><\/section><\/div><div class=\"flex_column av_one_full  flex_column_div av-zero-column-padding first  avia-builder-el-4  el_after_av_one_full  el_before_av_hr  column-top-margin\" style='border-radius:0px; '><section class=\"av_textblock_section \"  itemscope=\"itemscope\" itemtype=\"https:\/\/schema.org\/BlogPosting\" itemprop=\"blogPost\" ><div class='avia_textblock  '   itemprop=\"text\" ><p style=\"text-align: justify;\"><em>La instancia fue muy esperada por la comunidad local, quienes celebraron la recuperaci\u00f3n de terrenos fiscales tras largo proceso judicial.<\/em><\/p>\n<p style=\"text-align: justify;\">La disposici\u00f3n de territorio fiscal al servicio de las necesidades sociales, ambientales, culturales y econ\u00f3micas del pa\u00eds, es uno de los objetivos del Ministerio de Bienes Nacionales. Siguiendo esta l\u00ednea, en su visita a la regi\u00f3n de Ays\u00e9n, el subsecretario de Bienes Nacionales, Sebasti\u00e1n Vergara, junto a la seremi Irina Morend, el delegado provincial de General Carrera, Crist\u00f3bal Barcel\u00f3 y el alcalde de R\u00edo Ib\u00e1\u00f1ez, Marcelo Jelvez, entreg\u00f3 en concesi\u00f3n un terreno fiscal de 3,98 ha. al Club H\u00edpico de Bah\u00eda Murta para potenciar el desarrollo de las actividades tradicionales de la localidad que, a su vez, impulsan el turismo y la econom\u00eda.<\/p>\n<p style=\"text-align: justify;\">En la actividad, la autoridad ministerial argument\u00f3 que la ampliaci\u00f3n y fortalecimiento de los usos sociales y comunitarios del patrimonio fiscal es el objetivo que Bienes Nacionales ha dispuesto por aquellos terrenos e inmuebles que se encuentran en desuso y que diferentes organizaciones o instituciones pueden adquirir mediante concesi\u00f3n para beneficiar a la comunidad. \u201cEn este caso, la concesi\u00f3n va para el Club H\u00edpico de Bah\u00eda Murta, una organizaci\u00f3n que presta servicio durante todo el a\u00f1o a sus vecinos y en verano, enfocados en recibir y mostrar estas tradiciones rescatando la cultura chilena de la Patagonia para que todo el mundo conozca lo bonito que es nuestro pa\u00eds\u201d, afirm\u00f3 el subsecretario.<\/p>\n<p style=\"text-align: justify;\">El delegado presidencial de General Carrera, Cristobal Barcel\u00f3, relev\u00f3 la instancia, expresando que, al contar con la concesi\u00f3n, \u201cva a significar poder invertir en las organizaciones sociales para que esto finalmente atraiga a m\u00e1s turistas y tenga un sentido beneficio para todos, por lo que agradecemos al Ministerio de Bienes Nacionales y al subsecretario que hoy nos acompa\u00f1a\u201d.<\/p>\n<p style=\"text-align: justify;\"><strong>Hito de recuperaci\u00f3n de inmueble<\/strong><\/p>\n<p style=\"text-align: justify;\">La entrega de esta concesi\u00f3n se ha levantado como un hito relevante tanto para la comunidad como para el Ministerio de Bienes Nacionales, ya que se trata de una parte de una superficie mayor a 30 hect\u00e1reas que, tras un largo proceso judicial fueron recuperadas por el Fisco con el apoyo de los propios vecinos, quienes desde el a\u00f1o 2021 esperaron por la ejecuci\u00f3n del fallo de Tribunales, acci\u00f3n que esta administraci\u00f3n decidi\u00f3 concretar, lo que hoy permite disponer de suelo fiscal, principalmente, para la \u00a0administraci\u00f3n de las organizaciones locales de la mano con el municipio de R\u00edo Ib\u00e1\u00f1ez, tal como relev\u00f3 su alcalde, Marcelo Jelvez.<\/p>\n<p style=\"text-align: justify;\">\u201c\u2026Fueron a\u00f1os de esfuerzo y de trabajo liderados por Bienes Nacionales que hoy ven una concreci\u00f3n y ven en la felicidad de los vecinos la conformidad de poder contar con este espacio. Agradezco significativamente la presencia del subsecretario porque da un realce importante que una autoridad nacional venga a la comuna m\u00e1s hermosa de la regi\u00f3n de Ays\u00e9n\u201d, dijo el jefe comunal.<\/p>\n<p style=\"text-align: justify;\">Por su lado, la seremi Irina Morend, resalt\u00f3 que \u201ctrabajamos articuladamente para recuperar este inmueble fiscal y lo que hicimos primero fue, separar lo fiscal de lo particular\u2026luego, lo que hizo el Club H\u00edpico fue presentar una solicitud de concesi\u00f3n\u2026, y hoy ya se la otorgamos para que ellos puedan seguir realizando las actividades que son s\u00faper relevantes para este territorio. Destacamos algo que no es menor, la comunidad para poder habilitar este espacio y realizar las actividades t\u00edpicas, estuvieron trabajando codo a codo hasta largas horas de la noche\u2026. \u00a1c\u00f3mo no vamos a estar felices como Ministerio de Bienes Nacionales, de disponer del suelo fiscal para un buen uso!\u201d, dijo la autoridad regional.<\/p>\n<p style=\"text-align: justify;\">En nombre de los socios del Club H\u00edpico, su presidente Eduardo Vas, expres\u00f3 con emoci\u00f3n que \u201ces un momento que se estuvo esperando por mucho tiempo porque es un buen ingreso econ\u00f3mico para la localidad en general y el Club H\u00edpico se va a ver bastante beneficiado porque vamos a traer carreras m\u00e1s grandes lo que nos traer\u00e1 m\u00e1s fama. Es algo que hemos esperado mucho y cualquier palabra que utilicemos va a quedar peque\u00f1a para reflejar lo que significa para el pueblo y club H\u00edpico\u201d, finaliz\u00f3 el dirigente.<\/p>\n<\/div><\/section><\/div><div  style='height:50px' class='hr hr-invisible   avia-builder-el-6  el_after_av_one_full  el_before_av_social_share '><span class='hr-inner ' ><span class='hr-inner-style'><\/span><\/span><\/div><\/p>\n<div  class='av-social-sharing-box  avia-builder-el-7  el_after_av_hr  el_before_av_hr  '><div class='av-share-box'><h5 class='av-share-link-description av-no-toc '>Compartir esta noticia<\/h5><ul class='av-share-box-list noLightbox'><li class='av-share-link av-social-link-facebook' ><a target=\"_blank\" aria-label=\"Compartir en Facebook\" href='https:\/\/www.facebook.com\/sharer.php?u=https:\/\/radiorevelacionfm.cl\/?p=53197&#038;t=Subsecretario%20de%20Bienes%20Nacionales%20entreg%C3%B3%20concesi%C3%B3n%20de%20inmueble%20fiscal%20al%20Club%20H%C3%ADpico%20de%20Bah%C3%ADa%20Murta' aria-hidden='false' data-av_icon='\ue8f3' data-av_iconfont='entypo-fontello' title='' data-avia-related-tooltip='Compartir en Facebook' rel=\"noopener\"><span class='avia_hidden_link_text'>Compartir en Facebook<\/span><\/a><\/li><li class='av-share-link av-social-link-twitter' ><a target=\"_blank\" aria-label=\"Compartir en Twitter\" href='https:\/\/twitter.com\/share?text=Subsecretario%20de%20Bienes%20Nacionales%20entreg%C3%B3%20concesi%C3%B3n%20de%20inmueble%20fiscal%20al%20Club%20H%C3%ADpico%20de%20Bah%C3%ADa%20Murta&#038;url=https:\/\/radiorevelacionfm.cl\/?p=53197' aria-hidden='false' data-av_icon='\ue8f1' data-av_iconfont='entypo-fontello' title='' data-avia-related-tooltip='Compartir en Twitter' rel=\"noopener\"><span class='avia_hidden_link_text'>Compartir en Twitter<\/span><\/a><\/li><li class='av-share-link av-social-link-whatsapp' ><a target=\"_blank\" aria-label=\"Compartir en Whatsapp\" href='https:\/\/api.whatsapp.com\/send?text=https:\/\/radiorevelacionfm.cl\/?p=53197' aria-hidden='false' data-av_icon='\uf232' data-av_iconfont='entypo-fontello' title='' data-avia-related-tooltip='Compartir en Whatsapp' rel=\"noopener\"><span class='avia_hidden_link_text'>Compartir en Whatsapp<\/span><\/a><\/li><li class='av-share-link av-social-link-linkedin' ><a target=\"_blank\" aria-label=\"Compartir en LinkedIn\" href='https:\/\/linkedin.com\/shareArticle?mini=true&#038;title=Subsecretario%20de%20Bienes%20Nacionales%20entreg%C3%B3%20concesi%C3%B3n%20de%20inmueble%20fiscal%20al%20Club%20H%C3%ADpico%20de%20Bah%C3%ADa%20Murta&#038;url=https:\/\/radiorevelacionfm.cl\/?p=53197' aria-hidden='false' data-av_icon='\ue8fc' data-av_iconfont='entypo-fontello' title='' data-avia-related-tooltip='Compartir en LinkedIn' rel=\"noopener\"><span class='avia_hidden_link_text'>Compartir en LinkedIn<\/span><\/a><\/li><li class='av-share-link av-social-link-mail' ><a  aria-label=\"Compartir por correo\" href='mailto:?subject=Subsecretario%20de%20Bienes%20Nacionales%20entreg%C3%B3%20concesi%C3%B3n%20de%20inmueble%20fiscal%20al%20Club%20H%C3%ADpico%20de%20Bah%C3%ADa%20Murta&#038;body=https:\/\/radiorevelacionfm.cl\/?p=53197' aria-hidden='false' data-av_icon='\ue805' data-av_iconfont='entypo-fontello' title='' data-avia-related-tooltip='Compartir por correo'><span class='avia_hidden_link_text'>Compartir por correo<\/span><\/a><\/li><\/ul><\/div><\/div>\n<div  style='height:50px' class='hr hr-invisible   avia-builder-el-8  el_after_av_social_share  el_before_av_comments_list '><span class='hr-inner ' ><span class='hr-inner-style'><\/span><\/span><\/div>\n<div  class='av-buildercomment  av-blog-meta-html-info-disabled av-blog-meta-tag-disabled  '><\/div>\n","protected":false},"excerpt":{"rendered":"","protected":false},"author":1,"featured_media":53198,"comment_status":"closed","ping_status":"closed","sticky":false,"template":"","format":"standard","meta":{"footnotes":""},"categories":[38],"tags":[],"class_list":["post-53197","post","type-post","status-publish","format-standard","has-post-thumbnail","hentry","category-regional"],"jetpack_featured_media_url":"https:\/\/radiorevelacionfm.cl\/wp-content\/uploads\/2025\/04\/cb6240d1-63cf-4d9f-8ee8-8cfe51862e52-1-1.jpg","_links":{"self":[{"href":"https:\/\/radiorevelacionfm.cl\/index.php?rest_route=\/wp\/v2\/posts\/53197","targetHints":{"allow":["GET"]}}],"collection":[{"href":"https:\/\/radiorevelacionfm.cl\/index.php?rest_route=\/wp\/v2\/posts"}],"about":[{"href":"https:\/\/radiorevelacionfm.cl\/index.php?rest_route=\/wp\/v2\/types\/post"}],"author":[{"embeddable":true,"href":"https:\/\/radiorevelacionfm.cl\/index.php?rest_route=\/wp\/v2\/users\/1"}],"replies":[{"embeddable":true,"href":"https:\/\/radiorevelacionfm.cl\/index.php?rest_route=%2Fwp%2Fv2%2Fcomments&post=53197"}],"version-history":[{"count":2,"href":"https:\/\/radiorevelacionfm.cl\/index.php?rest_route=\/wp\/v2\/posts\/53197\/revisions"}],"predecessor-version":[{"id":53200,"href":"https:\/\/radiorevelacionfm.cl\/index.php?rest_route=\/wp\/v2\/posts\/53197\/revisions\/53200"}],"wp:featuredmedia":[{"embeddable":true,"href":"https:\/\/radiorevelacionfm.cl\/index.php?rest_route=\/wp\/v2\/media\/53198"}],"wp:attachment":[{"href":"https:\/\/radiorevelacionfm.cl\/index.php?rest_route=%2Fwp%2Fv2%2Fmedia&parent=53197"}],"wp:term":[{"taxonomy":"category","embeddable":true,"href":"https:\/\/radiorevelacionfm.cl\/index.php?rest_route=%2Fwp%2Fv2%2Fcategories&post=53197"},{"taxonomy":"post_tag","embeddable":true,"href":"https:\/\/radiorevelacionfm.cl\/index.php?rest_route=%2Fwp%2Fv2%2Ftags&post=53197"}],"curies":[{"name":"wp","href":"https:\/\/api.w.org\/{rel}","templated":true}]}}