{"id":53186,"date":"2025-04-28T10:32:29","date_gmt":"2025-04-28T13:32:29","guid":{"rendered":"https:\/\/radiorevelacionfm.cl\/?p=53186"},"modified":"2025-04-28T10:32:29","modified_gmt":"2025-04-28T13:32:29","slug":"comuna-de-rio-ibanez-apuesta-por-el-reciclaje-para-preservar-su-entorno-natural-y-turistico","status":"publish","type":"post","link":"https:\/\/radiorevelacionfm.cl\/?p=53186","title":{"rendered":"Comuna de R\u00edo Ib\u00e1\u00f1ez apuesta por el reciclaje para preservar su entorno natural y tur\u00edstico"},"content":{"rendered":"<div class=\"flex_column av_one_full  flex_column_div av-zero-column-padding first  avia-builder-el-0  el_before_av_one_full  avia-builder-el-first  \" style='border-radius:0px; '><div  class='avia-image-container  av-styling-    avia-builder-el-1  avia-builder-el-no-sibling  avia-align-center '  itemprop=\"image\" itemscope=\"itemscope\" itemtype=\"https:\/\/schema.org\/ImageObject\"  ><div class='avia-image-container-inner'><div class='avia-image-overlay-wrap'><img decoding=\"async\" class='wp-image-53187 avia-img-lazy-loading-not-53187 avia_image' src=\"https:\/\/radiorevelacionfm.cl\/wp-content\/uploads\/2025\/04\/reciclaje-ibanez-2-1_optimized-1.jpg\" alt='' title='reciclaje-ib\u00e1\u00f1ez-2-(1)_optimized (1)' height=\"600\" width=\"1067\"  itemprop=\"thumbnailUrl\" srcset=\"https:\/\/radiorevelacionfm.cl\/wp-content\/uploads\/2025\/04\/reciclaje-ibanez-2-1_optimized-1.jpg 1067w, https:\/\/radiorevelacionfm.cl\/wp-content\/uploads\/2025\/04\/reciclaje-ibanez-2-1_optimized-1-300x169.jpg 300w, https:\/\/radiorevelacionfm.cl\/wp-content\/uploads\/2025\/04\/reciclaje-ibanez-2-1_optimized-1-1030x579.jpg 1030w, https:\/\/radiorevelacionfm.cl\/wp-content\/uploads\/2025\/04\/reciclaje-ibanez-2-1_optimized-1-768x432.jpg 768w, https:\/\/radiorevelacionfm.cl\/wp-content\/uploads\/2025\/04\/reciclaje-ibanez-2-1_optimized-1-705x396.jpg 705w, https:\/\/radiorevelacionfm.cl\/wp-content\/uploads\/2025\/04\/reciclaje-ibanez-2-1_optimized-1-450x253.jpg 450w, https:\/\/radiorevelacionfm.cl\/wp-content\/uploads\/2025\/04\/reciclaje-ibanez-2-1_optimized-1-600x337.jpg 600w\" sizes=\"(max-width: 1067px) 100vw, 1067px\" \/><\/div><\/div><\/div><\/div><div class=\"flex_column av_one_full  flex_column_div av-zero-column-padding first  avia-builder-el-2  el_after_av_one_full  el_before_av_one_full  column-top-margin\" style='border-radius:0px; '><section class=\"av_textblock_section \"  itemscope=\"itemscope\" itemtype=\"https:\/\/schema.org\/BlogPosting\" itemprop=\"blogPost\" ><div class='avia_textblock  '   itemprop=\"text\" ><p style=\"text-align: center;\"><strong><span style=\"font-size: 18pt;\">Comuna de R\u00edo Ib\u00e1\u00f1ez apuesta por el reciclaje para preservar su entorno natural y tur\u00edstico<\/span><\/strong><\/p>\n<div id=\"gtx-trans\" style=\"position: absolute; left: -50px; top: 4.31534px;\">\n<div class=\"gtx-trans-icon\"><\/div>\n<\/div>\n<\/div><\/section><\/div><div class=\"flex_column av_one_full  flex_column_div av-zero-column-padding first  avia-builder-el-4  el_after_av_one_full  el_before_av_hr  column-top-margin\" style='border-radius:0px; '><section class=\"av_textblock_section \"  itemscope=\"itemscope\" itemtype=\"https:\/\/schema.org\/BlogPosting\" itemprop=\"blogPost\" ><div class='avia_textblock  '   itemprop=\"text\" ><p style=\"text-align: justify;\">En un esfuerzo conjunto por proteger el Medio Ambiente y los ecosistemas de un territorio de alto valor tur\u00edstico en la Regi\u00f3n de Ays\u00e9n, la Municipalidad de R\u00edo Ib\u00e1\u00f1ez y la Planta de Tratamiento de Residuos S\u00f3lidos Inorg\u00e1nicos Domiciliarios e Industriales \u201cReciclajes Martino\u201d, contin\u00faan fortaleciendo su alianza de colaboraci\u00f3n para un adecuado y\u00a0 correcto tratamiento de los residuos.<\/p>\n<p style=\"text-align: justify;\">Durante el presente mes de abril, el Departamento de Medio Ambiente del municipio lacustre, arrib\u00f3\u00a0 hasta la ciudad de Puerto Ays\u00e9n con un cargamento de dos camiones en el que se transportaron\u00a0 latas de aluminio, botellas PET, botellas de vidrio, papel y cart\u00f3n, entre otros elementos reciclables, dispuestos en los puntos limpios de\u00a0 la comuna de R\u00edo Ib\u00e1\u00f1ez, para recepcionar los residuos de \u00a0turistas que recorren la zona\u00a0 y de los propios \u00a0pobladores de la localidad.<\/p>\n<p style=\"text-align: justify;\">La comuna de R\u00edo Ib\u00e1\u00f1ez, es conocida por su belleza natural y su riqueza tur\u00edstica; destino obligado de\u00a0 visitantes que recorren el Parque Nacional Cerro Castillo, el lago General Carrera,\u00a0 las catedrales y capillas de m\u00e1rmol, entre otros atractivos. Sin embargo, el aumento de turistas tambi\u00e9n genera una mayor cantidad de residuos, por lo que esta alianza en el programa de reciclaje, busca, a juicio del Encargado de la Unidad de Medio Ambiente de la Municipalidad, Carlos Quintul, concientizar sobre la importancia del reciclaje y la protecci\u00f3n \u00a0del entorno natural que atrae a una gran cantidad de turistas.<\/p>\n<p style=\"text-align: justify;\">\u201cComo comunidad, queremos ser un aporte para el medio ambiente y para eso estamos comprometidos, junto a las personas de nuestras distintas localidades\u00a0 que conforman la comuna de R\u00edo Ib\u00e1\u00f1ez, como Bah\u00eda Murta, Puerto Tranquilo, Puerto\u00a0 Ib\u00e1\u00f1ez, Cerro Castillo\u00a0 y Puerto S\u00e1nchez, entre otros. De igual modo, apelamos a la colaboraci\u00f3n de todos los turistas que acuden hasta los puntos limpios de estos sectores\u00a0 para dejar sus residuos, los que posteriormente trasladamos hasta la planta de reciclaje de\u00a0 Don Christian Martino en Puerto Ays\u00e9n, del cual\u00a0 estamos muy agradecidos por la gran cantidad de a\u00f1os que lleva colaborando con\u00a0 nuestra comuna en esta causa\u201d, expres\u00f3 el representante de la Municipalidad de R\u00edo Ib\u00e1\u00f1ez.<\/p>\n<p style=\"text-align: justify;\">En la Planta de Reciclajes Martino, los residuos recepcionados se acopian temporalmente y se les brinda un tratamiento adecuado para su posterior reciclaje en distintas plantas recicladoras del pa\u00eds, seg\u00fan explica Christian Martino, con 20 a\u00f1os de trayectoria en el rubro. \u201cHemos establecido un acuerdo de larga data con el municipio de Ib\u00e1\u00f1ez y sus comunidades, para desarrollar un correcto tratamiento de los residuos que se recolectan en esa linda zona de nuestra Regi\u00f3n de Ays\u00e9n\u201d, indic\u00f3 Martino.<\/p>\n<p style=\"text-align: justify;\">Tambi\u00e9n agreg\u00f3 que el proceso consiste en minimizar al m\u00e1ximo los residuos que llegan desde las distintas localidades de la Regi\u00f3n de Ays\u00e9n hasta la Planta de Tratamiento, ubicada entre Puerto Ays\u00e9n y Puerto Chacabuco,\u00a0 luego, se\u00a0 acopian\u00a0 temporalmente\u00a0 y son\u00a0 despachados a distintas empresas recicladoras ubicadas en el resto de Chile. \u201cEn dichas plantas de reciclaje,\u00a0 el cart\u00f3n despachado\u00a0 hasta Coronel se convierte en bandejas de huevos; el pl\u00e1stico despachado\u00a0 hasta Valpara\u00edso, luego de ser triturado y peletizado, se convierte en bolsas de aseo superior, mientras que el vidrio es enviado cristaler\u00edas de Chile para su reutilizaci\u00f3n. De ese modo, certificamos la correcta disposici\u00f3n final de esos residuos\u201d, sentenci\u00f3.<\/p>\n<p style=\"text-align: justify;\">Con estas acciones, la comuna de R\u00edo Ib\u00e1\u00f1ez se posiciona como un ejemplo en la preservaci\u00f3n de su entorno natural y comunitario, demostrando que el turismo y la conservaci\u00f3n del medio ambiente pueden ir de la mano. La planta de Reciclajes Martino, por su parte, reafirma su compromiso con el reciclaje y la gesti\u00f3n responsable de residuos en la Regi\u00f3n de Ays\u00e9n.<\/p>\n<\/div><\/section><\/div><div  style='height:50px' class='hr hr-invisible   avia-builder-el-6  el_after_av_one_full  el_before_av_social_share '><span class='hr-inner ' ><span class='hr-inner-style'><\/span><\/span><\/div><\/p>\n<div  class='av-social-sharing-box  avia-builder-el-7  el_after_av_hr  el_before_av_hr  '><div class='av-share-box'><h5 class='av-share-link-description av-no-toc '>Compartir esta noticia<\/h5><ul class='av-share-box-list noLightbox'><li class='av-share-link av-social-link-facebook' ><a target=\"_blank\" aria-label=\"Compartir en Facebook\" href='https:\/\/www.facebook.com\/sharer.php?u=https:\/\/radiorevelacionfm.cl\/?p=53186&#038;t=Comuna%20de%20R%C3%ADo%20Ib%C3%A1%C3%B1ez%20apuesta%20por%20el%20reciclaje%20para%20preservar%20su%20entorno%20natural%20y%20tur%C3%ADstico' aria-hidden='false' data-av_icon='\ue8f3' data-av_iconfont='entypo-fontello' title='' data-avia-related-tooltip='Compartir en Facebook' rel=\"noopener\"><span class='avia_hidden_link_text'>Compartir en Facebook<\/span><\/a><\/li><li class='av-share-link av-social-link-twitter' ><a target=\"_blank\" aria-label=\"Compartir en Twitter\" href='https:\/\/twitter.com\/share?text=Comuna%20de%20R%C3%ADo%20Ib%C3%A1%C3%B1ez%20apuesta%20por%20el%20reciclaje%20para%20preservar%20su%20entorno%20natural%20y%20tur%C3%ADstico&#038;url=https:\/\/radiorevelacionfm.cl\/?p=53186' aria-hidden='false' data-av_icon='\ue8f1' data-av_iconfont='entypo-fontello' title='' data-avia-related-tooltip='Compartir en Twitter' rel=\"noopener\"><span class='avia_hidden_link_text'>Compartir en Twitter<\/span><\/a><\/li><li class='av-share-link av-social-link-whatsapp' ><a target=\"_blank\" aria-label=\"Compartir en Whatsapp\" href='https:\/\/api.whatsapp.com\/send?text=https:\/\/radiorevelacionfm.cl\/?p=53186' aria-hidden='false' data-av_icon='\uf232' data-av_iconfont='entypo-fontello' title='' data-avia-related-tooltip='Compartir en Whatsapp' rel=\"noopener\"><span class='avia_hidden_link_text'>Compartir en Whatsapp<\/span><\/a><\/li><li class='av-share-link av-social-link-linkedin' ><a target=\"_blank\" aria-label=\"Compartir en LinkedIn\" href='https:\/\/linkedin.com\/shareArticle?mini=true&#038;title=Comuna%20de%20R%C3%ADo%20Ib%C3%A1%C3%B1ez%20apuesta%20por%20el%20reciclaje%20para%20preservar%20su%20entorno%20natural%20y%20tur%C3%ADstico&#038;url=https:\/\/radiorevelacionfm.cl\/?p=53186' aria-hidden='false' data-av_icon='\ue8fc' data-av_iconfont='entypo-fontello' title='' data-avia-related-tooltip='Compartir en LinkedIn' rel=\"noopener\"><span class='avia_hidden_link_text'>Compartir en LinkedIn<\/span><\/a><\/li><li class='av-share-link av-social-link-mail' ><a  aria-label=\"Compartir por correo\" href='mailto:?subject=Comuna%20de%20R%C3%ADo%20Ib%C3%A1%C3%B1ez%20apuesta%20por%20el%20reciclaje%20para%20preservar%20su%20entorno%20natural%20y%20tur%C3%ADstico&#038;body=https:\/\/radiorevelacionfm.cl\/?p=53186' aria-hidden='false' data-av_icon='\ue805' data-av_iconfont='entypo-fontello' title='' data-avia-related-tooltip='Compartir por correo'><span class='avia_hidden_link_text'>Compartir por correo<\/span><\/a><\/li><\/ul><\/div><\/div>\n<div  style='height:50px' class='hr hr-invisible   avia-builder-el-8  el_after_av_social_share  el_before_av_comments_list '><span class='hr-inner ' ><span class='hr-inner-style'><\/span><\/span><\/div>\n<div  class='av-buildercomment  av-blog-meta-html-info-disabled av-blog-meta-tag-disabled  '><\/div>\n","protected":false},"excerpt":{"rendered":"","protected":false},"author":1,"featured_media":53187,"comment_status":"closed","ping_status":"closed","sticky":false,"template":"","format":"standard","meta":{"footnotes":""},"categories":[38],"tags":[],"class_list":["post-53186","post","type-post","status-publish","format-standard","has-post-thumbnail","hentry","category-regional"],"jetpack_featured_media_url":"https:\/\/radiorevelacionfm.cl\/wp-content\/uploads\/2025\/04\/reciclaje-ibanez-2-1_optimized-1.jpg","_links":{"self":[{"href":"https:\/\/radiorevelacionfm.cl\/index.php?rest_route=\/wp\/v2\/posts\/53186","targetHints":{"allow":["GET"]}}],"collection":[{"href":"https:\/\/radiorevelacionfm.cl\/index.php?rest_route=\/wp\/v2\/posts"}],"about":[{"href":"https:\/\/radiorevelacionfm.cl\/index.php?rest_route=\/wp\/v2\/types\/post"}],"author":[{"embeddable":true,"href":"https:\/\/radiorevelacionfm.cl\/index.php?rest_route=\/wp\/v2\/users\/1"}],"replies":[{"embeddable":true,"href":"https:\/\/radiorevelacionfm.cl\/index.php?rest_route=%2Fwp%2Fv2%2Fcomments&post=53186"}],"version-history":[{"count":2,"href":"https:\/\/radiorevelacionfm.cl\/index.php?rest_route=\/wp\/v2\/posts\/53186\/revisions"}],"predecessor-version":[{"id":53192,"href":"https:\/\/radiorevelacionfm.cl\/index.php?rest_route=\/wp\/v2\/posts\/53186\/revisions\/53192"}],"wp:featuredmedia":[{"embeddable":true,"href":"https:\/\/radiorevelacionfm.cl\/index.php?rest_route=\/wp\/v2\/media\/53187"}],"wp:attachment":[{"href":"https:\/\/radiorevelacionfm.cl\/index.php?rest_route=%2Fwp%2Fv2%2Fmedia&parent=53186"}],"wp:term":[{"taxonomy":"category","embeddable":true,"href":"https:\/\/radiorevelacionfm.cl\/index.php?rest_route=%2Fwp%2Fv2%2Fcategories&post=53186"},{"taxonomy":"post_tag","embeddable":true,"href":"https:\/\/radiorevelacionfm.cl\/index.php?rest_route=%2Fwp%2Fv2%2Ftags&post=53186"}],"curies":[{"name":"wp","href":"https:\/\/api.w.org\/{rel}","templated":true}]}}