{"id":53184,"date":"2025-04-28T10:14:05","date_gmt":"2025-04-28T13:14:05","guid":{"rendered":"https:\/\/radiorevelacionfm.cl\/?p=53184"},"modified":"2025-04-28T10:14:05","modified_gmt":"2025-04-28T13:14:05","slug":"mas-de-400-estudiantes-del-colegio-butina-participaron-en-encuentro-formativo-deportivo-escuela-modelo-del-programa-crecer-en-movimiento","status":"publish","type":"post","link":"https:\/\/radiorevelacionfm.cl\/?p=53184","title":{"rendered":"M\u00e1s de 400 estudiantes del Colegio Buti\u00f1\u00e1 participaron en Encuentro Formativo Deportivo \u00abEscuela Modelo\u00bb del Programa Crecer en Movimiento"},"content":{"rendered":"<div class=\"flex_column av_one_full  flex_column_div av-zero-column-padding first  avia-builder-el-0  el_before_av_one_full  avia-builder-el-first  \" style='border-radius:0px; '><div  class='avia-image-container  av-styling-    avia-builder-el-1  avia-builder-el-no-sibling  avia-align-center '  itemprop=\"image\" itemscope=\"itemscope\" itemtype=\"https:\/\/schema.org\/ImageObject\"  ><div class='avia-image-container-inner'><div class='avia-image-overlay-wrap'><img decoding=\"async\" class='wp-image-53189 avia-img-lazy-loading-not-53189 avia_image' src=\"https:\/\/radiorevelacionfm.cl\/wp-content\/uploads\/2025\/04\/whatsapp-image-2025-04-27-at-5_optimized.37.59-pm-2-1.jpeg\" alt='' title='whatsapp-image-2025-04-27-at-5_optimized.37.59-pm-(2)-(1)' height=\"600\" width=\"800\"  itemprop=\"thumbnailUrl\" srcset=\"https:\/\/radiorevelacionfm.cl\/wp-content\/uploads\/2025\/04\/whatsapp-image-2025-04-27-at-5_optimized.37.59-pm-2-1.jpeg 800w, https:\/\/radiorevelacionfm.cl\/wp-content\/uploads\/2025\/04\/whatsapp-image-2025-04-27-at-5_optimized.37.59-pm-2-1-300x225.jpeg 300w, https:\/\/radiorevelacionfm.cl\/wp-content\/uploads\/2025\/04\/whatsapp-image-2025-04-27-at-5_optimized.37.59-pm-2-1-768x576.jpeg 768w, https:\/\/radiorevelacionfm.cl\/wp-content\/uploads\/2025\/04\/whatsapp-image-2025-04-27-at-5_optimized.37.59-pm-2-1-705x529.jpeg 705w, https:\/\/radiorevelacionfm.cl\/wp-content\/uploads\/2025\/04\/whatsapp-image-2025-04-27-at-5_optimized.37.59-pm-2-1-450x338.jpeg 450w, https:\/\/radiorevelacionfm.cl\/wp-content\/uploads\/2025\/04\/whatsapp-image-2025-04-27-at-5_optimized.37.59-pm-2-1-600x450.jpeg 600w\" sizes=\"(max-width: 800px) 100vw, 800px\" \/><\/div><\/div><\/div><\/div><div class=\"flex_column av_one_full  flex_column_div av-zero-column-padding first  avia-builder-el-2  el_after_av_one_full  el_before_av_one_full  column-top-margin\" style='border-radius:0px; '><section class=\"av_textblock_section \"  itemscope=\"itemscope\" itemtype=\"https:\/\/schema.org\/BlogPosting\" itemprop=\"blogPost\" ><div class='avia_textblock  '   itemprop=\"text\" ><p style=\"text-align: center;\"><strong><span style=\"font-size: 18pt;\">M\u00e1s de 400 estudiantes del Colegio Buti\u00f1\u00e1 participaron en Encuentro Formativo Deportivo \u00abEscuela Modelo\u00bb del Programa Crecer en Movimiento<\/span><\/strong><\/p>\n<div id=\"gtx-trans\" style=\"position: absolute; left: -50px; top: 4.31534px;\">\n<div class=\"gtx-trans-icon\"><\/div>\n<\/div>\n<\/div><\/section><\/div><\/p>\n<div class=\"flex_column av_one_full  flex_column_div av-zero-column-padding first  avia-builder-el-4  el_after_av_one_full  el_before_av_hr  column-top-margin\" style='border-radius:0px; '><section class=\"av_textblock_section \"  itemscope=\"itemscope\" itemtype=\"https:\/\/schema.org\/BlogPosting\" itemprop=\"blogPost\" ><div class='avia_textblock  '   itemprop=\"text\" ><p style=\"text-align: justify;\"><em>La actividad deportiva, adem\u00e1s se enmarca en el 20\u00b0 aniversario de este establecimiento en el que se implementan 6 talleres anuales #CrecerEnMovimiento.<\/em><\/p>\n<p style=\"text-align: justify;\">Durante la actividad la Seremi del Deporte, Mar\u00eda Eugenia Dur\u00e1n Jara, se\u00f1al\u00f3. \u00abDesde el Ministerio del Deporte, junto al Instituto Nacional de Deportes estamos muy contentos de poder abrir este espacio en el Estadio Regional del Instituto Nacional en Coyhaique para que que el colegio Francisco Buti\u00f1\u00e1 pueda celebrar su aniversario, adempas en el contexto del mes del deporte y a trav\u00e9s del programa Crecer en Movimiento del Instituto Nacional del Deportes estamos apoyando esta actividad y desear tambi\u00e9n un muy feliz aniversario\u00bb.<\/p>\n<p style=\"text-align: justify;\">En este sentido el Director Regional del IND, Javier Medina, agreg\u00f3 \u00abMuy contentos de poder recibir en nuestro recinto al colegio Francisco Buti\u00f1\u00e1, con m\u00e1s de 400 ni\u00f1os y estudiantes, tanto en la pista atl\u00e9tica como en la cancha de futbol y en el gimnasio CER donde se est\u00e1n desarrollando diversas actividades deportivas, para nosotros es muy grato ver c\u00f3mo los estudiantes est\u00e1n haciendo deporte desde los ni\u00f1os m\u00e1s chiquititos hasta cuatro medio\u00bb.<\/p>\n<p style=\"text-align: justify;\">Asimismo, Carmen Mu\u00f1oz, Coordinadora de Convivencia Activa, Colegio Francisco Buti\u00f1\u00e1, precis\u00f3 \u00abEstamos muy felices porque como establecimiento estamos cumpliendo 20 a\u00f1os de vida y lo estamos celebrando como m\u00e1s nos gusta hacerlo a trav\u00e9s del deporte, como escuela modelo del IND, apoyados por ellos hemos estado desarrollando esta linda actividad\u00bb.<\/p>\n<p style=\"text-align: justify;\">En la pista atl\u00e9tica, Gimnasio CER y canchas de f\u00fatbol del Estadio Regional IND de Coyhaique se desarrollaron actividades como Baile infantil, Juegos, Estaci\u00f3n de Gimnasia, Estaci\u00f3n de Juegos Inflables, Estaci\u00f3n circuito vial y manipulaci\u00f3n, Estaci\u00f3n Circuito Motor, Voleibol en grupos, Iniciaci\u00f3n Karate Ejercicios, Juego Captura la Bandera, Carrera de velocidad ,Vallas y Slalom pista, Carrera de resistencia, Saltos con cuerda, Saltos en dos pies hacia adelante, Lanzamiento Bal\u00f3n arrodillado y Lanzamiento Bal\u00f3n Rotacional.<\/p>\n<\/div><\/section><\/div><div  style='height:50px' class='hr hr-invisible   avia-builder-el-6  el_after_av_one_full  el_before_av_social_share '><span class='hr-inner ' ><span class='hr-inner-style'><\/span><\/span><\/div><\/p>\n<div  class='av-social-sharing-box  avia-builder-el-7  el_after_av_hr  el_before_av_hr  '><div class='av-share-box'><h5 class='av-share-link-description av-no-toc '>Compartir esta noticia<\/h5><ul class='av-share-box-list noLightbox'><li class='av-share-link av-social-link-facebook' ><a target=\"_blank\" aria-label=\"Compartir en Facebook\" href='https:\/\/www.facebook.com\/sharer.php?u=https:\/\/radiorevelacionfm.cl\/?p=53184&#038;t=M%C3%A1s%20de%20400%20estudiantes%20del%20Colegio%20Buti%C3%B1%C3%A1%20participaron%20en%20Encuentro%20Formativo%20Deportivo%20%C2%ABEscuela%20Modelo%C2%BB%20del%20Programa%20Crecer%20en%20Movimiento' aria-hidden='false' data-av_icon='\ue8f3' data-av_iconfont='entypo-fontello' title='' data-avia-related-tooltip='Compartir en Facebook' rel=\"noopener\"><span class='avia_hidden_link_text'>Compartir en Facebook<\/span><\/a><\/li><li class='av-share-link av-social-link-twitter' ><a target=\"_blank\" aria-label=\"Compartir en Twitter\" href='https:\/\/twitter.com\/share?text=M%C3%A1s%20de%20400%20estudiantes%20del%20Colegio%20Buti%C3%B1%C3%A1%20participaron%20en%20Encuentro%20Formativo%20Deportivo%20%C2%ABEscuela%20Modelo%C2%BB%20del%20Programa%20Crecer%20en%20Movimiento&#038;url=https:\/\/radiorevelacionfm.cl\/?p=53184' aria-hidden='false' data-av_icon='\ue8f1' data-av_iconfont='entypo-fontello' title='' data-avia-related-tooltip='Compartir en Twitter' rel=\"noopener\"><span class='avia_hidden_link_text'>Compartir en Twitter<\/span><\/a><\/li><li class='av-share-link av-social-link-whatsapp' ><a target=\"_blank\" aria-label=\"Compartir en Whatsapp\" href='https:\/\/api.whatsapp.com\/send?text=https:\/\/radiorevelacionfm.cl\/?p=53184' aria-hidden='false' data-av_icon='\uf232' data-av_iconfont='entypo-fontello' title='' data-avia-related-tooltip='Compartir en Whatsapp' rel=\"noopener\"><span class='avia_hidden_link_text'>Compartir en Whatsapp<\/span><\/a><\/li><li class='av-share-link av-social-link-linkedin' ><a target=\"_blank\" aria-label=\"Compartir en LinkedIn\" href='https:\/\/linkedin.com\/shareArticle?mini=true&#038;title=M%C3%A1s%20de%20400%20estudiantes%20del%20Colegio%20Buti%C3%B1%C3%A1%20participaron%20en%20Encuentro%20Formativo%20Deportivo%20%C2%ABEscuela%20Modelo%C2%BB%20del%20Programa%20Crecer%20en%20Movimiento&#038;url=https:\/\/radiorevelacionfm.cl\/?p=53184' aria-hidden='false' data-av_icon='\ue8fc' data-av_iconfont='entypo-fontello' title='' data-avia-related-tooltip='Compartir en LinkedIn' rel=\"noopener\"><span class='avia_hidden_link_text'>Compartir en LinkedIn<\/span><\/a><\/li><li class='av-share-link av-social-link-mail' ><a  aria-label=\"Compartir por correo\" href='mailto:?subject=M%C3%A1s%20de%20400%20estudiantes%20del%20Colegio%20Buti%C3%B1%C3%A1%20participaron%20en%20Encuentro%20Formativo%20Deportivo%20%C2%ABEscuela%20Modelo%C2%BB%20del%20Programa%20Crecer%20en%20Movimiento&#038;body=https:\/\/radiorevelacionfm.cl\/?p=53184' aria-hidden='false' data-av_icon='\ue805' data-av_iconfont='entypo-fontello' title='' data-avia-related-tooltip='Compartir por correo'><span class='avia_hidden_link_text'>Compartir por correo<\/span><\/a><\/li><\/ul><\/div><\/div>\n<div  style='height:50px' class='hr hr-invisible   avia-builder-el-8  el_after_av_social_share  el_before_av_comments_list '><span class='hr-inner ' ><span class='hr-inner-style'><\/span><\/span><\/div>\n<div  class='av-buildercomment  av-blog-meta-html-info-disabled av-blog-meta-tag-disabled  '><\/div>\n","protected":false},"excerpt":{"rendered":"","protected":false},"author":1,"featured_media":53189,"comment_status":"closed","ping_status":"closed","sticky":false,"template":"","format":"standard","meta":{"footnotes":""},"categories":[40],"tags":[],"class_list":["post-53184","post","type-post","status-publish","format-standard","has-post-thumbnail","hentry","category-deportes"],"jetpack_featured_media_url":"https:\/\/radiorevelacionfm.cl\/wp-content\/uploads\/2025\/04\/whatsapp-image-2025-04-27-at-5_optimized.37.59-pm-2-1.jpeg","_links":{"self":[{"href":"https:\/\/radiorevelacionfm.cl\/index.php?rest_route=\/wp\/v2\/posts\/53184","targetHints":{"allow":["GET"]}}],"collection":[{"href":"https:\/\/radiorevelacionfm.cl\/index.php?rest_route=\/wp\/v2\/posts"}],"about":[{"href":"https:\/\/radiorevelacionfm.cl\/index.php?rest_route=\/wp\/v2\/types\/post"}],"author":[{"embeddable":true,"href":"https:\/\/radiorevelacionfm.cl\/index.php?rest_route=\/wp\/v2\/users\/1"}],"replies":[{"embeddable":true,"href":"https:\/\/radiorevelacionfm.cl\/index.php?rest_route=%2Fwp%2Fv2%2Fcomments&post=53184"}],"version-history":[{"count":3,"href":"https:\/\/radiorevelacionfm.cl\/index.php?rest_route=\/wp\/v2\/posts\/53184\/revisions"}],"predecessor-version":[{"id":53191,"href":"https:\/\/radiorevelacionfm.cl\/index.php?rest_route=\/wp\/v2\/posts\/53184\/revisions\/53191"}],"wp:featuredmedia":[{"embeddable":true,"href":"https:\/\/radiorevelacionfm.cl\/index.php?rest_route=\/wp\/v2\/media\/53189"}],"wp:attachment":[{"href":"https:\/\/radiorevelacionfm.cl\/index.php?rest_route=%2Fwp%2Fv2%2Fmedia&parent=53184"}],"wp:term":[{"taxonomy":"category","embeddable":true,"href":"https:\/\/radiorevelacionfm.cl\/index.php?rest_route=%2Fwp%2Fv2%2Fcategories&post=53184"},{"taxonomy":"post_tag","embeddable":true,"href":"https:\/\/radiorevelacionfm.cl\/index.php?rest_route=%2Fwp%2Fv2%2Ftags&post=53184"}],"curies":[{"name":"wp","href":"https:\/\/api.w.org\/{rel}","templated":true}]}}