{"id":53180,"date":"2025-04-27T22:00:02","date_gmt":"2025-04-28T01:00:02","guid":{"rendered":"https:\/\/radiorevelacionfm.cl\/?p=53180"},"modified":"2025-04-27T22:00:02","modified_gmt":"2025-04-28T01:00:02","slug":"te-deum-por-dia-del-carabinero-en-la-conmemoracion-de-los-98-anos-de-la-institucion","status":"publish","type":"post","link":"https:\/\/radiorevelacionfm.cl\/?p=53180","title":{"rendered":"Te Deum por d\u00eda del Carabinero en la conmemoraci\u00f3n de los 98 a\u00f1os de la Instituci\u00f3n"},"content":{"rendered":"<div class=\"flex_column av_one_full  flex_column_div av-zero-column-padding first  avia-builder-el-0  el_before_av_one_full  avia-builder-el-first  \" style='border-radius:0px; '><div  class='avia-image-container  av-styling-    avia-builder-el-1  avia-builder-el-no-sibling  avia-align-center '  itemprop=\"image\" itemscope=\"itemscope\" itemtype=\"https:\/\/schema.org\/ImageObject\"  ><div class='avia-image-container-inner'><div class='avia-image-overlay-wrap'><img decoding=\"async\" class='wp-image-53181 avia-img-lazy-loading-not-53181 avia_image' src=\"https:\/\/radiorevelacionfm.cl\/wp-content\/uploads\/2025\/04\/671d22d9-2dd6-4f74-8ffe-b3bddcf4426d-1_optimized-1.jpg\" alt='' title='671d22d9-2dd6-4f74-8ffe-b3bddcf4426d-(1)_optimized (1)' height=\"600\" width=\"800\"  itemprop=\"thumbnailUrl\" srcset=\"https:\/\/radiorevelacionfm.cl\/wp-content\/uploads\/2025\/04\/671d22d9-2dd6-4f74-8ffe-b3bddcf4426d-1_optimized-1.jpg 800w, https:\/\/radiorevelacionfm.cl\/wp-content\/uploads\/2025\/04\/671d22d9-2dd6-4f74-8ffe-b3bddcf4426d-1_optimized-1-300x225.jpg 300w, https:\/\/radiorevelacionfm.cl\/wp-content\/uploads\/2025\/04\/671d22d9-2dd6-4f74-8ffe-b3bddcf4426d-1_optimized-1-768x576.jpg 768w, https:\/\/radiorevelacionfm.cl\/wp-content\/uploads\/2025\/04\/671d22d9-2dd6-4f74-8ffe-b3bddcf4426d-1_optimized-1-705x529.jpg 705w, https:\/\/radiorevelacionfm.cl\/wp-content\/uploads\/2025\/04\/671d22d9-2dd6-4f74-8ffe-b3bddcf4426d-1_optimized-1-450x338.jpg 450w, https:\/\/radiorevelacionfm.cl\/wp-content\/uploads\/2025\/04\/671d22d9-2dd6-4f74-8ffe-b3bddcf4426d-1_optimized-1-600x450.jpg 600w\" sizes=\"(max-width: 800px) 100vw, 800px\" \/><\/div><\/div><\/div><\/div><div class=\"flex_column av_one_full  flex_column_div av-zero-column-padding first  avia-builder-el-2  el_after_av_one_full  el_before_av_one_full  column-top-margin\" style='border-radius:0px; '><section class=\"av_textblock_section \"  itemscope=\"itemscope\" itemtype=\"https:\/\/schema.org\/BlogPosting\" itemprop=\"blogPost\" ><div class='avia_textblock  '   itemprop=\"text\" ><p style=\"text-align: center;\"><strong><span style=\"font-size: 18pt;\">Te Deum por d\u00eda del Carabinero en la conmemoraci\u00f3n de los 98 a\u00f1os de la Instituci\u00f3n<\/span><\/strong><\/p>\n<div id=\"gtx-trans\" style=\"position: absolute; left: -50px; top: 4.31534px;\">\n<div class=\"gtx-trans-icon\"><\/div>\n<\/div>\n<\/div><\/section><\/div><div class=\"flex_column av_one_full  flex_column_div av-zero-column-padding first  avia-builder-el-4  el_after_av_one_full  el_before_av_hr  column-top-margin\" style='border-radius:0px; '><section class=\"av_textblock_section \"  itemscope=\"itemscope\" itemtype=\"https:\/\/schema.org\/BlogPosting\" itemprop=\"blogPost\" ><div class='avia_textblock  '   itemprop=\"text\" ><p dir=\"ltr\" style=\"text-align: justify;\">Con la participaci\u00f3n de diversas autoridades regionales, del \u00e1mbito castrense, la sociedad civil y la familia de Carabineros, se realiz\u00f3 en la catedral de Coyhaique el Te Deum, presidido por el Obispo Vicario de Ays\u00e9n, Monse\u00f1or Luis Infanti de la Mora, con ocasi\u00f3n del D\u00eda del Carabinero, jornada en que se cumplen 98 a\u00f1os de esta noble instituci\u00f3n, que a diario trabaja por llevar orden y patria a cada rinc\u00f3n del territorio.<\/p>\n<p dir=\"ltr\" style=\"text-align: justify;\">Ha sido cerca de un siglo de historia y tradici\u00f3n al servicio del pa\u00eds, solemne jornada en que se realiz\u00f3 oraci\u00f3n para fortalecer a los carabineros en el servicio que a diario entregan por nuestra patria, buscando el bien com\u00fan en cada una de sus acciones.<\/p>\n<p dir=\"ltr\" style=\"text-align: justify;\">En su homil\u00eda, el Obispo de Ays\u00e9n se\u00f1al\u00f3 que -al igual que todas instituciones- Carabineros est\u00e1 llamada a ser agente de paz, de fraternidad, de bien com\u00fan, de buscar hacer una vida m\u00e1s humana y feliz para la sociedad toda.<\/p>\n<p dir=\"ltr\" style=\"text-align: justify;\">Asimismo en el Te Deum se realiz\u00f3 oraci\u00f3n por los m\u00e1rtires, entre ellos Carlos Cisterna Navarro, Misael Vidal Cid, Sergio Ar\u00e9valo Lobo, todos ellos ascendidos en forma p\u00f3stuma al grado de Suboficial Mayor, quienes hace un a\u00f1o dejaron este mundo sirviendo a la patria, dejando un legado de valent\u00eda y honor.<\/p>\n<p dir=\"ltr\" style=\"text-align: justify;\">Durante la pr\u00e9dica, representantes de Carabineros depositaron en el altar la bandera chilena y la bandera institucional que simboliza la entrega y amor a la patria, as\u00ed como el pan y el vino fruto de la tierra y del trabajo del hombre.<\/p>\n<p dir=\"ltr\" style=\"text-align: justify;\">El solemne Te Deum concluy\u00f3 con la interpretaci\u00f3n del himno de Carabineros \u00abOrden y Patria\u00bb por parte de los presentes.<\/p>\n<\/div><\/section><\/div><div  style='height:50px' class='hr hr-invisible   avia-builder-el-6  el_after_av_one_full  el_before_av_social_share '><span class='hr-inner ' ><span class='hr-inner-style'><\/span><\/span><\/div><\/p>\n<div  class='av-social-sharing-box  avia-builder-el-7  el_after_av_hr  el_before_av_hr  '><div class='av-share-box'><h5 class='av-share-link-description av-no-toc '>Compartir esta noticia<\/h5><ul class='av-share-box-list noLightbox'><li class='av-share-link av-social-link-facebook' ><a target=\"_blank\" aria-label=\"Compartir en Facebook\" href='https:\/\/www.facebook.com\/sharer.php?u=https:\/\/radiorevelacionfm.cl\/?p=53180&#038;t=Te%20Deum%20por%20d%C3%ADa%20del%20Carabinero%20en%20la%20conmemoraci%C3%B3n%20de%20los%2098%20a%C3%B1os%20de%20la%20Instituci%C3%B3n' aria-hidden='false' data-av_icon='\ue8f3' data-av_iconfont='entypo-fontello' title='' data-avia-related-tooltip='Compartir en Facebook' rel=\"noopener\"><span class='avia_hidden_link_text'>Compartir en Facebook<\/span><\/a><\/li><li class='av-share-link av-social-link-twitter' ><a target=\"_blank\" aria-label=\"Compartir en Twitter\" href='https:\/\/twitter.com\/share?text=Te%20Deum%20por%20d%C3%ADa%20del%20Carabinero%20en%20la%20conmemoraci%C3%B3n%20de%20los%2098%20a%C3%B1os%20de%20la%20Instituci%C3%B3n&#038;url=https:\/\/radiorevelacionfm.cl\/?p=53180' aria-hidden='false' data-av_icon='\ue8f1' data-av_iconfont='entypo-fontello' title='' data-avia-related-tooltip='Compartir en Twitter' rel=\"noopener\"><span class='avia_hidden_link_text'>Compartir en Twitter<\/span><\/a><\/li><li class='av-share-link av-social-link-whatsapp' ><a target=\"_blank\" aria-label=\"Compartir en Whatsapp\" href='https:\/\/api.whatsapp.com\/send?text=https:\/\/radiorevelacionfm.cl\/?p=53180' aria-hidden='false' data-av_icon='\uf232' data-av_iconfont='entypo-fontello' title='' data-avia-related-tooltip='Compartir en Whatsapp' rel=\"noopener\"><span class='avia_hidden_link_text'>Compartir en Whatsapp<\/span><\/a><\/li><li class='av-share-link av-social-link-linkedin' ><a target=\"_blank\" aria-label=\"Compartir en LinkedIn\" href='https:\/\/linkedin.com\/shareArticle?mini=true&#038;title=Te%20Deum%20por%20d%C3%ADa%20del%20Carabinero%20en%20la%20conmemoraci%C3%B3n%20de%20los%2098%20a%C3%B1os%20de%20la%20Instituci%C3%B3n&#038;url=https:\/\/radiorevelacionfm.cl\/?p=53180' aria-hidden='false' data-av_icon='\ue8fc' data-av_iconfont='entypo-fontello' title='' data-avia-related-tooltip='Compartir en LinkedIn' rel=\"noopener\"><span class='avia_hidden_link_text'>Compartir en LinkedIn<\/span><\/a><\/li><li class='av-share-link av-social-link-mail' ><a  aria-label=\"Compartir por correo\" href='mailto:?subject=Te%20Deum%20por%20d%C3%ADa%20del%20Carabinero%20en%20la%20conmemoraci%C3%B3n%20de%20los%2098%20a%C3%B1os%20de%20la%20Instituci%C3%B3n&#038;body=https:\/\/radiorevelacionfm.cl\/?p=53180' aria-hidden='false' data-av_icon='\ue805' data-av_iconfont='entypo-fontello' title='' data-avia-related-tooltip='Compartir por correo'><span class='avia_hidden_link_text'>Compartir por correo<\/span><\/a><\/li><\/ul><\/div><\/div>\n<div  style='height:50px' class='hr hr-invisible   avia-builder-el-8  el_after_av_social_share  el_before_av_comments_list '><span class='hr-inner ' ><span class='hr-inner-style'><\/span><\/span><\/div>\n<div  class='av-buildercomment  av-blog-meta-html-info-disabled av-blog-meta-tag-disabled  '><\/div>\n","protected":false},"excerpt":{"rendered":"","protected":false},"author":1,"featured_media":53181,"comment_status":"closed","ping_status":"closed","sticky":false,"template":"","format":"standard","meta":{"footnotes":""},"categories":[38],"tags":[],"class_list":["post-53180","post","type-post","status-publish","format-standard","has-post-thumbnail","hentry","category-regional"],"jetpack_featured_media_url":"https:\/\/radiorevelacionfm.cl\/wp-content\/uploads\/2025\/04\/671d22d9-2dd6-4f74-8ffe-b3bddcf4426d-1_optimized-1.jpg","_links":{"self":[{"href":"https:\/\/radiorevelacionfm.cl\/index.php?rest_route=\/wp\/v2\/posts\/53180","targetHints":{"allow":["GET"]}}],"collection":[{"href":"https:\/\/radiorevelacionfm.cl\/index.php?rest_route=\/wp\/v2\/posts"}],"about":[{"href":"https:\/\/radiorevelacionfm.cl\/index.php?rest_route=\/wp\/v2\/types\/post"}],"author":[{"embeddable":true,"href":"https:\/\/radiorevelacionfm.cl\/index.php?rest_route=\/wp\/v2\/users\/1"}],"replies":[{"embeddable":true,"href":"https:\/\/radiorevelacionfm.cl\/index.php?rest_route=%2Fwp%2Fv2%2Fcomments&post=53180"}],"version-history":[{"count":2,"href":"https:\/\/radiorevelacionfm.cl\/index.php?rest_route=\/wp\/v2\/posts\/53180\/revisions"}],"predecessor-version":[{"id":53183,"href":"https:\/\/radiorevelacionfm.cl\/index.php?rest_route=\/wp\/v2\/posts\/53180\/revisions\/53183"}],"wp:featuredmedia":[{"embeddable":true,"href":"https:\/\/radiorevelacionfm.cl\/index.php?rest_route=\/wp\/v2\/media\/53181"}],"wp:attachment":[{"href":"https:\/\/radiorevelacionfm.cl\/index.php?rest_route=%2Fwp%2Fv2%2Fmedia&parent=53180"}],"wp:term":[{"taxonomy":"category","embeddable":true,"href":"https:\/\/radiorevelacionfm.cl\/index.php?rest_route=%2Fwp%2Fv2%2Fcategories&post=53180"},{"taxonomy":"post_tag","embeddable":true,"href":"https:\/\/radiorevelacionfm.cl\/index.php?rest_route=%2Fwp%2Fv2%2Ftags&post=53180"}],"curies":[{"name":"wp","href":"https:\/\/api.w.org\/{rel}","templated":true}]}}