{"id":53176,"date":"2025-04-27T21:53:44","date_gmt":"2025-04-28T00:53:44","guid":{"rendered":"https:\/\/radiorevelacionfm.cl\/?p=53176"},"modified":"2025-04-27T21:53:44","modified_gmt":"2025-04-28T00:53:44","slug":"con-reconocimiento-a-militantes-historicos-y-llamado-a-la-unidad-celebran-92-aniversario-del-partido-socialista","status":"publish","type":"post","link":"https:\/\/radiorevelacionfm.cl\/?p=53176","title":{"rendered":"Con reconocimiento a militantes hist\u00f3ricos y llamado a la unidad celebran 92 aniversario del Partido Socialista"},"content":{"rendered":"<div class=\"flex_column av_one_full  flex_column_div av-zero-column-padding first  avia-builder-el-0  el_before_av_one_full  avia-builder-el-first  \" style='border-radius:0px; '><div  class='avia-image-container  av-styling-    avia-builder-el-1  avia-builder-el-no-sibling  avia-align-center '  itemprop=\"image\" itemscope=\"itemscope\" itemtype=\"https:\/\/schema.org\/ImageObject\"  ><div class='avia-image-container-inner'><div class='avia-image-overlay-wrap'><img decoding=\"async\" class='wp-image-53177 avia-img-lazy-loading-not-53177 avia_image' src=\"https:\/\/radiorevelacionfm.cl\/wp-content\/uploads\/2025\/04\/aysen-ps4-1_optimized.jpg\" alt='' title='aysen-ps4-(1)_optimized' height=\"600\" width=\"1066\"  itemprop=\"thumbnailUrl\" srcset=\"https:\/\/radiorevelacionfm.cl\/wp-content\/uploads\/2025\/04\/aysen-ps4-1_optimized.jpg 1066w, https:\/\/radiorevelacionfm.cl\/wp-content\/uploads\/2025\/04\/aysen-ps4-1_optimized-300x169.jpg 300w, https:\/\/radiorevelacionfm.cl\/wp-content\/uploads\/2025\/04\/aysen-ps4-1_optimized-1030x580.jpg 1030w, https:\/\/radiorevelacionfm.cl\/wp-content\/uploads\/2025\/04\/aysen-ps4-1_optimized-768x432.jpg 768w, https:\/\/radiorevelacionfm.cl\/wp-content\/uploads\/2025\/04\/aysen-ps4-1_optimized-705x397.jpg 705w, https:\/\/radiorevelacionfm.cl\/wp-content\/uploads\/2025\/04\/aysen-ps4-1_optimized-450x253.jpg 450w, https:\/\/radiorevelacionfm.cl\/wp-content\/uploads\/2025\/04\/aysen-ps4-1_optimized-600x338.jpg 600w\" sizes=\"(max-width: 1066px) 100vw, 1066px\" \/><\/div><\/div><\/div><\/div><div class=\"flex_column av_one_full  flex_column_div av-zero-column-padding first  avia-builder-el-2  el_after_av_one_full  el_before_av_one_full  column-top-margin\" style='border-radius:0px; '><section class=\"av_textblock_section \"  itemscope=\"itemscope\" itemtype=\"https:\/\/schema.org\/BlogPosting\" itemprop=\"blogPost\" ><div class='avia_textblock  '   itemprop=\"text\" ><p style=\"text-align: center;\"><strong><span style=\"font-size: 18pt;\">Con reconocimiento a militantes hist\u00f3ricos y llamado a la unidad celebran 92 aniversario del Partido Socialista<\/span><\/strong><\/p>\n<div id=\"gtx-trans\" style=\"position: absolute; left: -50px; top: 4.31534px;\">\n<div class=\"gtx-trans-icon\"><\/div>\n<\/div>\n<\/div><\/section><\/div><div class=\"flex_column av_one_full  flex_column_div av-zero-column-padding first  avia-builder-el-4  el_after_av_one_full  el_before_av_hr  column-top-margin\" style='border-radius:0px; '><section class=\"av_textblock_section \"  itemscope=\"itemscope\" itemtype=\"https:\/\/schema.org\/BlogPosting\" itemprop=\"blogPost\" ><div class='avia_textblock  '   itemprop=\"text\" ><p style=\"text-align: justify;\"><em>La actividad se llev\u00f3 a cabo en la sede partidaria de Puerto Ays\u00e9n, con gran concurrencia de militantes, simpatizantes, la comunidad y autoridades.<\/em><\/p>\n<p style=\"text-align: justify;\">92 a\u00f1os cumpli\u00f3 el Partido Socialista a nivel nacional y en Puerto Ays\u00e9n el comunal organiz\u00f3 una ceremonia con reconocimiento a sus militantes hist\u00f3ricos, m\u00fasica en vivo y discursos de las principales autoridades del PS a nivel local y regional.<\/p>\n<p style=\"text-align: justify;\">Fue una ceremonia donde asistieron muchos militantes, simpatizantes, vecinos de la comunidad y autoridades. As\u00ed lo destac\u00f3 el presidente comunal del Partido Socialista, Domingo Quidel.<\/p>\n<p style=\"text-align: justify;\">\u201cHubo una participaci\u00f3n bastante masiva de autoridades, concejales, simpatizantes del Partido Socialista, compa\u00f1eros y compa\u00f1eras, dirigentes sociales, dirigentes de los partidos de la centro izquierda que igual nos acompa\u00f1aron en estos 92 a\u00f1os de aniversario. Queremos destacar, la presencia de nuestras autoridades del Partido Socialista, del comit\u00e9 central don Luis Guerrero Cos\u00edo, y Ana Mar\u00eda Navarrete, que son nuestros representantes del partido. Tuvimos al presidente del partido comunal Coyhaique, Milton Pinto, el presidente de la juventud regional nuestro compa\u00f1ero Javier Gonz\u00e1lez, tuvimos al delegado presidencial provincial Rodrigo Moreno. Tuvimos tambi\u00e9n a los concejales, Jorge Figueroa, Tatiana Villarroel, tuvimos a nuestro seremi de energ\u00eda Tom\u00e1s Laibe, nuestro seremi de agricultura, Eugenio Ruiz, estuvo nuestro consejero regional Julio Rossel y una serie de otras autoridades que nos acompa\u00f1aron de los partidos, de la centro izquierda Partido Comunista, PPD, Partido Radical, que nos acompa\u00f1aron en esta instancia\u201d.<\/p>\n<p style=\"text-align: justify;\">En la ceremonia que estuvo dirigida por la secretaria pol\u00edtica del comunal Ays\u00e9n del PS, Tamara Gonz\u00e1lez, hubo tambi\u00e9n un espacio importante, para reconocer a los militantes hist\u00f3ricos, resalt\u00f3 Quidel.<\/p>\n<p style=\"text-align: justify;\">\u201cComo Partido Socialista tambi\u00e9n nosotros hicimos un reconocimiento, como todos los a\u00f1os, a compa\u00f1eros que llevan una trayectoria y adem\u00e1s han dejado y siguen siendo dejando un legado para nuestro Partido Socialista de Chile, el compa\u00f1ero Bernab\u00e9 Antecao, la compa\u00f1era Lavinia Cay\u00fan de la Balsa eh y una serie de otros compa\u00f1eros, como los hermanos Melipich\u00fan, que igual estuvieron participando. Por lo tanto, esto fue un momento de bastante convicci\u00f3n y tambi\u00e9n de poder compartir con nuestros compa\u00f1eros socialistas\u201d.<\/p>\n<p style=\"text-align: justify;\">Por \u00faltimo, el presidente comunal Ays\u00e9n del PS, Domingo Quidel, enfatiz\u00f3 que el mensaje en estos momentos es a la unidad, para los desaf\u00edos que se vienen durante el presente a\u00f1o.<\/p>\n<p style=\"text-align: justify;\">\u201cEl mensaje de esta directiva comunal justamente busca mantener la unidad de nuestro partido, porque prontamente se vienen las elecciones parlamentarias y las presidenciales durante este a\u00f1o, donde justamente queremos trabajar unidos, no solamente el Partido Socialista de manera interna, sino que tambi\u00e9n en los partidos que integran el gobierno del presidente Boric, que son de la centro-izquierda. Se nos vienen las primarias dentro de este proceso de la centro-izquierda y esperamos que quien salga electo, represente los ideales y los principios, no solo del Partido Socialista, sino que tambi\u00e9n del conglomerado de la centro-izquierda. Y en las parlamentarias, tenemos que ver qui\u00e9nes son nuestros futuros candidatos, que todav\u00eda no est\u00e1n definidos y decir nuevamente que, durante el mes de mayo, una vez que ya se inscriban los precandidatos presidenciales, vamos a tener encuentros program\u00e1ticos donde tambi\u00e9n vamos a invitar a diferentes actores de la sociedad civil que compartan temas que son importantes para nuestro pa\u00eds\u201d.<\/p>\n<p style=\"text-align: justify;\">.<\/p>\n<\/div><\/section><\/div><div  style='height:50px' class='hr hr-invisible   avia-builder-el-6  el_after_av_one_full  el_before_av_social_share '><span class='hr-inner ' ><span class='hr-inner-style'><\/span><\/span><\/div><\/p>\n<div  class='av-social-sharing-box  avia-builder-el-7  el_after_av_hr  el_before_av_hr  '><div class='av-share-box'><h5 class='av-share-link-description av-no-toc '>Compartir esta noticia<\/h5><ul class='av-share-box-list noLightbox'><li class='av-share-link av-social-link-facebook' ><a target=\"_blank\" aria-label=\"Compartir en Facebook\" href='https:\/\/www.facebook.com\/sharer.php?u=https:\/\/radiorevelacionfm.cl\/?p=53176&#038;t=Con%20reconocimiento%20a%20militantes%20hist%C3%B3ricos%20y%20llamado%20a%20la%20unidad%20celebran%2092%20aniversario%20del%20Partido%20Socialista' aria-hidden='false' data-av_icon='\ue8f3' data-av_iconfont='entypo-fontello' title='' data-avia-related-tooltip='Compartir en Facebook' rel=\"noopener\"><span class='avia_hidden_link_text'>Compartir en Facebook<\/span><\/a><\/li><li class='av-share-link av-social-link-twitter' ><a target=\"_blank\" aria-label=\"Compartir en Twitter\" href='https:\/\/twitter.com\/share?text=Con%20reconocimiento%20a%20militantes%20hist%C3%B3ricos%20y%20llamado%20a%20la%20unidad%20celebran%2092%20aniversario%20del%20Partido%20Socialista&#038;url=https:\/\/radiorevelacionfm.cl\/?p=53176' aria-hidden='false' data-av_icon='\ue8f1' data-av_iconfont='entypo-fontello' title='' data-avia-related-tooltip='Compartir en Twitter' rel=\"noopener\"><span class='avia_hidden_link_text'>Compartir en Twitter<\/span><\/a><\/li><li class='av-share-link av-social-link-whatsapp' ><a target=\"_blank\" aria-label=\"Compartir en Whatsapp\" href='https:\/\/api.whatsapp.com\/send?text=https:\/\/radiorevelacionfm.cl\/?p=53176' aria-hidden='false' data-av_icon='\uf232' data-av_iconfont='entypo-fontello' title='' data-avia-related-tooltip='Compartir en Whatsapp' rel=\"noopener\"><span class='avia_hidden_link_text'>Compartir en Whatsapp<\/span><\/a><\/li><li class='av-share-link av-social-link-linkedin' ><a target=\"_blank\" aria-label=\"Compartir en LinkedIn\" href='https:\/\/linkedin.com\/shareArticle?mini=true&#038;title=Con%20reconocimiento%20a%20militantes%20hist%C3%B3ricos%20y%20llamado%20a%20la%20unidad%20celebran%2092%20aniversario%20del%20Partido%20Socialista&#038;url=https:\/\/radiorevelacionfm.cl\/?p=53176' aria-hidden='false' data-av_icon='\ue8fc' data-av_iconfont='entypo-fontello' title='' data-avia-related-tooltip='Compartir en LinkedIn' rel=\"noopener\"><span class='avia_hidden_link_text'>Compartir en LinkedIn<\/span><\/a><\/li><li class='av-share-link av-social-link-mail' ><a  aria-label=\"Compartir por correo\" href='mailto:?subject=Con%20reconocimiento%20a%20militantes%20hist%C3%B3ricos%20y%20llamado%20a%20la%20unidad%20celebran%2092%20aniversario%20del%20Partido%20Socialista&#038;body=https:\/\/radiorevelacionfm.cl\/?p=53176' aria-hidden='false' data-av_icon='\ue805' data-av_iconfont='entypo-fontello' title='' data-avia-related-tooltip='Compartir por correo'><span class='avia_hidden_link_text'>Compartir por correo<\/span><\/a><\/li><\/ul><\/div><\/div>\n<div  style='height:50px' class='hr hr-invisible   avia-builder-el-8  el_after_av_social_share  el_before_av_comments_list '><span class='hr-inner ' ><span class='hr-inner-style'><\/span><\/span><\/div>\n<div  class='av-buildercomment  av-blog-meta-html-info-disabled av-blog-meta-tag-disabled  '><\/div>\n","protected":false},"excerpt":{"rendered":"","protected":false},"author":1,"featured_media":53177,"comment_status":"closed","ping_status":"closed","sticky":false,"template":"","format":"standard","meta":{"footnotes":""},"categories":[35],"tags":[],"class_list":["post-53176","post","type-post","status-publish","format-standard","has-post-thumbnail","hentry","category-politica"],"jetpack_featured_media_url":"https:\/\/radiorevelacionfm.cl\/wp-content\/uploads\/2025\/04\/aysen-ps4-1_optimized.jpg","_links":{"self":[{"href":"https:\/\/radiorevelacionfm.cl\/index.php?rest_route=\/wp\/v2\/posts\/53176","targetHints":{"allow":["GET"]}}],"collection":[{"href":"https:\/\/radiorevelacionfm.cl\/index.php?rest_route=\/wp\/v2\/posts"}],"about":[{"href":"https:\/\/radiorevelacionfm.cl\/index.php?rest_route=\/wp\/v2\/types\/post"}],"author":[{"embeddable":true,"href":"https:\/\/radiorevelacionfm.cl\/index.php?rest_route=\/wp\/v2\/users\/1"}],"replies":[{"embeddable":true,"href":"https:\/\/radiorevelacionfm.cl\/index.php?rest_route=%2Fwp%2Fv2%2Fcomments&post=53176"}],"version-history":[{"count":2,"href":"https:\/\/radiorevelacionfm.cl\/index.php?rest_route=\/wp\/v2\/posts\/53176\/revisions"}],"predecessor-version":[{"id":53179,"href":"https:\/\/radiorevelacionfm.cl\/index.php?rest_route=\/wp\/v2\/posts\/53176\/revisions\/53179"}],"wp:featuredmedia":[{"embeddable":true,"href":"https:\/\/radiorevelacionfm.cl\/index.php?rest_route=\/wp\/v2\/media\/53177"}],"wp:attachment":[{"href":"https:\/\/radiorevelacionfm.cl\/index.php?rest_route=%2Fwp%2Fv2%2Fmedia&parent=53176"}],"wp:term":[{"taxonomy":"category","embeddable":true,"href":"https:\/\/radiorevelacionfm.cl\/index.php?rest_route=%2Fwp%2Fv2%2Fcategories&post=53176"},{"taxonomy":"post_tag","embeddable":true,"href":"https:\/\/radiorevelacionfm.cl\/index.php?rest_route=%2Fwp%2Fv2%2Ftags&post=53176"}],"curies":[{"name":"wp","href":"https:\/\/api.w.org\/{rel}","templated":true}]}}