{"id":53172,"date":"2025-04-27T19:09:28","date_gmt":"2025-04-27T22:09:28","guid":{"rendered":"https:\/\/radiorevelacionfm.cl\/?p=53172"},"modified":"2025-04-27T19:09:28","modified_gmt":"2025-04-27T22:09:28","slug":"banda-instrumental-de-carabineros-aysen-realizo-gala-musical-y-celebro-sus-96-anos-junto-a-la-comunidad","status":"publish","type":"post","link":"https:\/\/radiorevelacionfm.cl\/?p=53172","title":{"rendered":"Banda Instrumental de Carabineros Ays\u00e9n realiz\u00f3 gala musical y celebr\u00f3 sus 96 a\u00f1os junto a la comunidad"},"content":{"rendered":"<div class=\"flex_column av_one_full  flex_column_div av-zero-column-padding first  avia-builder-el-0  el_before_av_one_full  avia-builder-el-first  \" style='border-radius:0px; '><div  class='avia-image-container  av-styling-    avia-builder-el-1  avia-builder-el-no-sibling  avia-align-center '  itemprop=\"image\" itemscope=\"itemscope\" itemtype=\"https:\/\/schema.org\/ImageObject\"  ><div class='avia-image-container-inner'><div class='avia-image-overlay-wrap'><img decoding=\"async\" class='wp-image-53173 avia-img-lazy-loading-not-53173 avia_image' src=\"https:\/\/radiorevelacionfm.cl\/wp-content\/uploads\/2025\/04\/img_1287-1_optimized.jpg\" alt='' title='img_1287-(1)_optimized' height=\"600\" width=\"916\"  itemprop=\"thumbnailUrl\" srcset=\"https:\/\/radiorevelacionfm.cl\/wp-content\/uploads\/2025\/04\/img_1287-1_optimized.jpg 916w, https:\/\/radiorevelacionfm.cl\/wp-content\/uploads\/2025\/04\/img_1287-1_optimized-300x197.jpg 300w, https:\/\/radiorevelacionfm.cl\/wp-content\/uploads\/2025\/04\/img_1287-1_optimized-768x503.jpg 768w, https:\/\/radiorevelacionfm.cl\/wp-content\/uploads\/2025\/04\/img_1287-1_optimized-705x462.jpg 705w, https:\/\/radiorevelacionfm.cl\/wp-content\/uploads\/2025\/04\/img_1287-1_optimized-450x295.jpg 450w, https:\/\/radiorevelacionfm.cl\/wp-content\/uploads\/2025\/04\/img_1287-1_optimized-600x393.jpg 600w\" sizes=\"(max-width: 916px) 100vw, 916px\" \/><\/div><\/div><\/div><\/div><div class=\"flex_column av_one_full  flex_column_div av-zero-column-padding first  avia-builder-el-2  el_after_av_one_full  el_before_av_one_full  column-top-margin\" style='border-radius:0px; '><section class=\"av_textblock_section \"  itemscope=\"itemscope\" itemtype=\"https:\/\/schema.org\/BlogPosting\" itemprop=\"blogPost\" ><div class='avia_textblock  '   itemprop=\"text\" ><p style=\"text-align: center;\"><strong><span style=\"font-size: 18pt;\">Banda Instrumental de Carabineros Ays\u00e9n realiz\u00f3 gala musical y celebr\u00f3 sus 96 a\u00f1os junto a la comunidad<\/span><\/strong><\/p>\n<div id=\"gtx-trans\" style=\"position: absolute; left: -50px; top: 4.31534px;\">\n<div class=\"gtx-trans-icon\"><\/div>\n<\/div>\n<\/div><\/section><\/div><div class=\"flex_column av_one_full  flex_column_div av-zero-column-padding first  avia-builder-el-4  el_after_av_one_full  el_before_av_hr  column-top-margin\" style='border-radius:0px; '><section class=\"av_textblock_section \"  itemscope=\"itemscope\" itemtype=\"https:\/\/schema.org\/BlogPosting\" itemprop=\"blogPost\" ><div class='avia_textblock  '   itemprop=\"text\" ><p dir=\"ltr\" style=\"text-align: justify;\"><em>Durante la actividad recibi\u00f3 la medalla Congreso Nacional por parte de los Senadores Ximena \u00d3rdenes Neira y David Sandoval Plaza, as\u00ed como la medalla C\u00e1mara de Diputados otorgada por Felipe Klein Vidal en representaci\u00f3n del Diputado Miguel Angel Calisto \u00c1guila. Paralelamente, el Alcalde de Coyhaique, Carlos Gatica Villegas otorg\u00f3 un reconocimiento a la Banda Instrumental de Carabineros por su destacada labor al servicio de la regi\u00f3n y en especial a la Comuna de Coyhaique.<\/em><\/p>\n<p dir=\"ltr\" style=\"text-align: justify;\">Patrimonio cultural e inmaterial de la regi\u00f3n, la Banda Instrumental de la Prefectura de Carabineros Ays\u00e9n N\u00b0 27, es la banda m\u00e1s antigua de la Instituci\u00f3n a nivel nacional, la cual desde hace 96 a\u00f1os ha estado presente en los m\u00e1s diversos rincones de este vasto territorio con un sello de identidad, cultura y tradici\u00f3n.<\/p>\n<p dir=\"ltr\" style=\"text-align: justify;\">Fundada el 24 de abril de 1929 por iniciativa del entonces General Luis Marchant Gonz\u00e1lez -primer intendente de la entonces provincia de Ays\u00e9n- tuvo por objetivo inculcar el esp\u00edritu patri\u00f3tico y la chilenidad a los pobladores de este territorio.<\/p>\n<p dir=\"ltr\" style=\"text-align: justify;\">Son 96 a\u00f1os de historia en que la Instituci\u00f3n comparti\u00f3 una gala musical junto a autoridades, delegaciones, la sociedad civil y la familia de Carabineros de Chile.<\/p>\n<p dir=\"ltr\" style=\"text-align: justify;\">En el coraz\u00f3n de la patagonia chilena donde la majestuosidad del paisaje se funde con el esp\u00edritu resiliente de sus habitantes, late un s\u00edmbolo sonoro de orden, patria y tradici\u00f3n. La Banda de Carabineros Ays\u00e9n encarna la esencia de la Instituci\u00f3n, tejiendo una melod\u00eda constante entre el servicio a la comunidad y la expresi\u00f3n art\u00edstica.<\/p>\n<p dir=\"ltr\" style=\"text-align: justify;\"><strong>En memoria de nuestros h\u00e9roes<\/strong><\/p>\n<p dir=\"ltr\" style=\"text-align: justify;\">Desde su origen la Banda Instrumental ha sido un crisol de talentos musicales y a lo largo de su historia ha engalanado ceremonias, desfiles, convirti\u00e9ndose en un embajador cultural de la Instituci\u00f3n y patrimonio regional.<\/p>\n<p dir=\"ltr\" style=\"text-align: justify;\">Marchas militares, piezas cl\u00e1sicas, folklore, melod\u00edas populares y arreglos contempor\u00e1neos conforman parte de su amplio repertorio que deleitan a audiencias de todas las edades y que fue presentado en la gala musical.<\/p>\n<p dir=\"ltr\" style=\"text-align: justify;\">Dirigidos por el Suboficial Mayor Ricardo Ruz Carvacho, la presentaci\u00f3n comenz\u00f3 con el pieza \u00abil Silenzio\u00bb del trompetista italiano Nini Rosso, en homenaje a los m\u00e1s de 1.200 m\u00e1rtires, quienes en cumplimiento de su promesa de servicio -a lo largo de los 98 a\u00f1os de Carabineros de Chile- han rendido su vida en el cumplimiento del deber, en defensa del orden y de la patria.<\/p>\n<p dir=\"ltr\" style=\"text-align: justify;\">La presentaci\u00f3n contempl\u00f3 igualmente marchas institucionales, bandas sonoras del s\u00e9ptimo arte, m\u00fasica contempor\u00e1nea, rock y folklore regional.<\/p>\n<p dir=\"ltr\" style=\"text-align: justify;\"><strong>Reconocimientos<\/strong><\/p>\n<p dir=\"ltr\" style=\"text-align: justify;\">Durante la ceremonia en el contexto del 96 aniversario de la Banda Instrumental y los 98 a\u00f1os de Carabineros de Chile, esta agrupaci\u00f3n musical dirigida por el maestro de banda, Suboficial Mayor Ricardo Ruz Carvacho, recibieron el reconocimiento a la trayectoria y legado musical por parte de los Honorables Senadores Ximena \u00d3rdenes Neira y David Sandoval Plaza a trav\u00e9s del otorgamiento de la medalla Congreso Nacional. Asimismo, en representaci\u00f3n del Honorable Diputado Miguel Angel Calisto \u00c1guila, Felipe Klein Vidal otorg\u00f3 la medalla C\u00e1mara de Diputados en reconocimiento a la trayectoria de la Banda Instrumental.<\/p>\n<p dir=\"ltr\" style=\"text-align: justify;\">Por su parte el Alcalde de Coyhaique, Carlos Gatica Villegas otorg\u00f3 un reconocimiento a la Banda Instrumental de Carabineros Ays\u00e9n por su destacada labor al servicio de la regi\u00f3n y en especial a la Comuna de Coyhaique.<\/p>\n<p dir=\"ltr\" style=\"text-align: justify;\">Luego de viajar por el tiempo a trav\u00e9s de la m\u00fasica, el Jefe de la Zona de Carabineros Ays\u00e9n, General Eduardo Palma Fuentes agradeci\u00f3 el apoyo de autoridades y la comunidad, en una regi\u00f3n donde la Banda Instrumental est\u00e1 estrechamente vinculada al territorio, donde su origen -al igual de otras bandas del mundo- surgen como fuente de motivaci\u00f3n, para llevar alegr\u00eda y felicidad a soldados y la comunidad, ocasi\u00f3n en que otorg\u00f3 un reconocimiento en estos 96 a\u00f1os de trayectoria.<\/p>\n<p dir=\"ltr\" style=\"text-align: justify;\">Por su parte el Director de la Banda Instrumental, Suboficial Mayor Ricardo Ruz Carvacho, agradeci\u00f3 el reconocimiento de autoridades en el permanente esfuerzo por acercar la cultura a cada rinc\u00f3n del territorio.<\/p>\n<p dir=\"ltr\" style=\"text-align: justify;\">\u00abHemos tenido una tremenda responsabilidad de llevar cultura, entretenci\u00f3n y acercamiento con la comunidad y con los colegios. Tratamos de llegar a todos los lugares donde somos solicitados -con las inclemencias del tiempo y todo-\u00a0 pero nos las arreglamos y tratamos de brindar una sonrisa a cada ciudadano de esta tierra. Para mi esto y el vestir este verde uniforme, es un tremendo orgullo. Si volviera a nacer, volver\u00eda a ser carabinero\u00bb, indic\u00f3.<\/p>\n<\/div><\/section><\/div><div  style='height:50px' class='hr hr-invisible   avia-builder-el-6  el_after_av_one_full  el_before_av_social_share '><span class='hr-inner ' ><span class='hr-inner-style'><\/span><\/span><\/div><\/p>\n<div  class='av-social-sharing-box  avia-builder-el-7  el_after_av_hr  el_before_av_hr  '><div class='av-share-box'><h5 class='av-share-link-description av-no-toc '>Compartir esta noticia<\/h5><ul class='av-share-box-list noLightbox'><li class='av-share-link av-social-link-facebook' ><a target=\"_blank\" aria-label=\"Compartir en Facebook\" href='https:\/\/www.facebook.com\/sharer.php?u=https:\/\/radiorevelacionfm.cl\/?p=53172&#038;t=Banda%20Instrumental%20de%20Carabineros%20Ays%C3%A9n%20realiz%C3%B3%20gala%20musical%20y%20celebr%C3%B3%20sus%2096%20a%C3%B1os%20junto%20a%20la%20comunidad' aria-hidden='false' data-av_icon='\ue8f3' data-av_iconfont='entypo-fontello' title='' data-avia-related-tooltip='Compartir en Facebook' rel=\"noopener\"><span class='avia_hidden_link_text'>Compartir en Facebook<\/span><\/a><\/li><li class='av-share-link av-social-link-twitter' ><a target=\"_blank\" aria-label=\"Compartir en Twitter\" href='https:\/\/twitter.com\/share?text=Banda%20Instrumental%20de%20Carabineros%20Ays%C3%A9n%20realiz%C3%B3%20gala%20musical%20y%20celebr%C3%B3%20sus%2096%20a%C3%B1os%20junto%20a%20la%20comunidad&#038;url=https:\/\/radiorevelacionfm.cl\/?p=53172' aria-hidden='false' data-av_icon='\ue8f1' data-av_iconfont='entypo-fontello' title='' data-avia-related-tooltip='Compartir en Twitter' rel=\"noopener\"><span class='avia_hidden_link_text'>Compartir en Twitter<\/span><\/a><\/li><li class='av-share-link av-social-link-whatsapp' ><a target=\"_blank\" aria-label=\"Compartir en Whatsapp\" href='https:\/\/api.whatsapp.com\/send?text=https:\/\/radiorevelacionfm.cl\/?p=53172' aria-hidden='false' data-av_icon='\uf232' data-av_iconfont='entypo-fontello' title='' data-avia-related-tooltip='Compartir en Whatsapp' rel=\"noopener\"><span class='avia_hidden_link_text'>Compartir en Whatsapp<\/span><\/a><\/li><li class='av-share-link av-social-link-linkedin' ><a target=\"_blank\" aria-label=\"Compartir en LinkedIn\" href='https:\/\/linkedin.com\/shareArticle?mini=true&#038;title=Banda%20Instrumental%20de%20Carabineros%20Ays%C3%A9n%20realiz%C3%B3%20gala%20musical%20y%20celebr%C3%B3%20sus%2096%20a%C3%B1os%20junto%20a%20la%20comunidad&#038;url=https:\/\/radiorevelacionfm.cl\/?p=53172' aria-hidden='false' data-av_icon='\ue8fc' data-av_iconfont='entypo-fontello' title='' data-avia-related-tooltip='Compartir en LinkedIn' rel=\"noopener\"><span class='avia_hidden_link_text'>Compartir en LinkedIn<\/span><\/a><\/li><li class='av-share-link av-social-link-mail' ><a  aria-label=\"Compartir por correo\" href='mailto:?subject=Banda%20Instrumental%20de%20Carabineros%20Ays%C3%A9n%20realiz%C3%B3%20gala%20musical%20y%20celebr%C3%B3%20sus%2096%20a%C3%B1os%20junto%20a%20la%20comunidad&#038;body=https:\/\/radiorevelacionfm.cl\/?p=53172' aria-hidden='false' data-av_icon='\ue805' data-av_iconfont='entypo-fontello' title='' data-avia-related-tooltip='Compartir por correo'><span class='avia_hidden_link_text'>Compartir por correo<\/span><\/a><\/li><\/ul><\/div><\/div>\n<div  style='height:50px' class='hr hr-invisible   avia-builder-el-8  el_after_av_social_share  el_before_av_comments_list '><span class='hr-inner ' ><span class='hr-inner-style'><\/span><\/span><\/div>\n<div  class='av-buildercomment  av-blog-meta-html-info-disabled av-blog-meta-tag-disabled  '><\/div>\n","protected":false},"excerpt":{"rendered":"","protected":false},"author":1,"featured_media":53173,"comment_status":"closed","ping_status":"closed","sticky":false,"template":"","format":"standard","meta":{"footnotes":""},"categories":[38],"tags":[],"class_list":["post-53172","post","type-post","status-publish","format-standard","has-post-thumbnail","hentry","category-regional"],"jetpack_featured_media_url":"https:\/\/radiorevelacionfm.cl\/wp-content\/uploads\/2025\/04\/img_1287-1_optimized.jpg","_links":{"self":[{"href":"https:\/\/radiorevelacionfm.cl\/index.php?rest_route=\/wp\/v2\/posts\/53172","targetHints":{"allow":["GET"]}}],"collection":[{"href":"https:\/\/radiorevelacionfm.cl\/index.php?rest_route=\/wp\/v2\/posts"}],"about":[{"href":"https:\/\/radiorevelacionfm.cl\/index.php?rest_route=\/wp\/v2\/types\/post"}],"author":[{"embeddable":true,"href":"https:\/\/radiorevelacionfm.cl\/index.php?rest_route=\/wp\/v2\/users\/1"}],"replies":[{"embeddable":true,"href":"https:\/\/radiorevelacionfm.cl\/index.php?rest_route=%2Fwp%2Fv2%2Fcomments&post=53172"}],"version-history":[{"count":2,"href":"https:\/\/radiorevelacionfm.cl\/index.php?rest_route=\/wp\/v2\/posts\/53172\/revisions"}],"predecessor-version":[{"id":53175,"href":"https:\/\/radiorevelacionfm.cl\/index.php?rest_route=\/wp\/v2\/posts\/53172\/revisions\/53175"}],"wp:featuredmedia":[{"embeddable":true,"href":"https:\/\/radiorevelacionfm.cl\/index.php?rest_route=\/wp\/v2\/media\/53173"}],"wp:attachment":[{"href":"https:\/\/radiorevelacionfm.cl\/index.php?rest_route=%2Fwp%2Fv2%2Fmedia&parent=53172"}],"wp:term":[{"taxonomy":"category","embeddable":true,"href":"https:\/\/radiorevelacionfm.cl\/index.php?rest_route=%2Fwp%2Fv2%2Fcategories&post=53172"},{"taxonomy":"post_tag","embeddable":true,"href":"https:\/\/radiorevelacionfm.cl\/index.php?rest_route=%2Fwp%2Fv2%2Ftags&post=53172"}],"curies":[{"name":"wp","href":"https:\/\/api.w.org\/{rel}","templated":true}]}}