{"id":53168,"date":"2025-04-27T18:52:39","date_gmt":"2025-04-27T21:52:39","guid":{"rendered":"https:\/\/radiorevelacionfm.cl\/?p=53168"},"modified":"2025-04-27T18:52:39","modified_gmt":"2025-04-27T21:52:39","slug":"se-realizan-coordinaciones-interinstitucionales-para-fiscalizar-en-materia-laboral-de-seguridad-y-salud","status":"publish","type":"post","link":"https:\/\/radiorevelacionfm.cl\/?p=53168","title":{"rendered":"Se realizan coordinaciones interinstitucionales para fiscalizar en materia laboral, de seguridad y salud"},"content":{"rendered":"<div class=\"flex_column av_one_full  flex_column_div av-zero-column-padding first  avia-builder-el-0  el_before_av_one_full  avia-builder-el-first  \" style='border-radius:0px; '><div  class='avia-image-container  av-styling-    avia-builder-el-1  avia-builder-el-no-sibling  avia-align-center '  itemprop=\"image\" itemscope=\"itemscope\" itemtype=\"https:\/\/schema.org\/ImageObject\"  ><div class='avia-image-container-inner'><div class='avia-image-overlay-wrap'><img decoding=\"async\" class='wp-image-53169 avia-img-lazy-loading-not-53169 avia_image' src=\"https:\/\/radiorevelacionfm.cl\/wp-content\/uploads\/2025\/04\/ReunionCoord_Fisca_-4-1-1.jpeg\" alt='' title='ReunionCoord_Fisca_ (4) (1) (1)' height=\"600\" width=\"1067\"  itemprop=\"thumbnailUrl\" srcset=\"https:\/\/radiorevelacionfm.cl\/wp-content\/uploads\/2025\/04\/ReunionCoord_Fisca_-4-1-1.jpeg 1067w, https:\/\/radiorevelacionfm.cl\/wp-content\/uploads\/2025\/04\/ReunionCoord_Fisca_-4-1-1-300x169.jpeg 300w, https:\/\/radiorevelacionfm.cl\/wp-content\/uploads\/2025\/04\/ReunionCoord_Fisca_-4-1-1-1030x579.jpeg 1030w, https:\/\/radiorevelacionfm.cl\/wp-content\/uploads\/2025\/04\/ReunionCoord_Fisca_-4-1-1-768x432.jpeg 768w, https:\/\/radiorevelacionfm.cl\/wp-content\/uploads\/2025\/04\/ReunionCoord_Fisca_-4-1-1-705x396.jpeg 705w, https:\/\/radiorevelacionfm.cl\/wp-content\/uploads\/2025\/04\/ReunionCoord_Fisca_-4-1-1-450x253.jpeg 450w, https:\/\/radiorevelacionfm.cl\/wp-content\/uploads\/2025\/04\/ReunionCoord_Fisca_-4-1-1-600x337.jpeg 600w\" sizes=\"(max-width: 1067px) 100vw, 1067px\" \/><\/div><\/div><\/div><\/div><div class=\"flex_column av_one_full  flex_column_div av-zero-column-padding first  avia-builder-el-2  el_after_av_one_full  el_before_av_one_full  column-top-margin\" style='border-radius:0px; '><section class=\"av_textblock_section \"  itemscope=\"itemscope\" itemtype=\"https:\/\/schema.org\/BlogPosting\" itemprop=\"blogPost\" ><div class='avia_textblock  '   itemprop=\"text\" ><div style=\"text-align: center;\"><\/div>\n<div><\/div>\n<div>\n<p style=\"text-align: center;\"><strong><span style=\"font-size: 18pt;\">Se realizan coordinaciones interinstitucionales para fiscalizar en materia laboral, de seguridad y salud<\/span><\/strong><\/p>\n<\/div>\n<p class=\"v1MsoNormal\"><b>\u00a0<\/b><\/p>\n<div id=\"gtx-trans\" style=\"position: absolute; left: -50px; top: 4.31534px;\">\n<div class=\"gtx-trans-icon\"><\/div>\n<\/div>\n<\/div><\/section><\/div><div class=\"flex_column av_one_full  flex_column_div av-zero-column-padding first  avia-builder-el-4  el_after_av_one_full  el_before_av_hr  column-top-margin\" style='border-radius:0px; '><section class=\"av_textblock_section \"  itemscope=\"itemscope\" itemtype=\"https:\/\/schema.org\/BlogPosting\" itemprop=\"blogPost\" ><div class='avia_textblock  '   itemprop=\"text\" ><p class=\"v1gmail-MsoListParagraphCxSpFirst\" style=\"text-align: justify;\"><i><span lang=\"ES\">El intersector se reuni\u00f3 a comienzos de mes para coordinar de manera conjunta fiscalizaciones en toda la regi\u00f3n, con \u00e9nfasis en el litoral, dada su mayor accidentabilidad hist\u00f3rica, donde se lament\u00f3 hace unos d\u00edas el fallecimiento de un buzo oriundo de Chilo\u00e9.<\/span><\/i><\/p>\n<p class=\"v1gmail-MsoListParagraphCxSpMiddle\" style=\"text-align: justify;\"><i><span lang=\"ES\">El proyecto de ley que reconoce y protege a los buzos se encuentra, en estos momentos, avanzando en el Senado.<\/span><\/i><\/p>\n<p class=\"v1gmail-MsoListParagraphCxSpLast\" style=\"text-align: justify;\">A comienzos de mes se reunieron con el prop\u00f3sito de generar coordinaci\u00f3n para llegar de manera conjunta a fiscalizar en materia laboral, de seguridad y de salud, el Delegado presidencial provincial de Ays\u00e9n, Rodrigo Moreno, las Seremis de Trabajo y Previsi\u00f3n Social, Camila Covarrubias y de Salud, Carmen Monsalve, el representantes de la Gobernaci\u00f3n Mar\u00edtima, el Director regional Christian Aros, Jefe de la Inspecci\u00f3n Provincial Ays\u00e9n y Coordinador inspectivo de la Direcci\u00f3n del Trabajo, adem\u00e1s de funcionarios de las instituciones.<\/p>\n<p class=\"v1MsoNormal\" style=\"text-align: justify;\">Sobre la reuni\u00f3n realizada en dependencias de la delegaci\u00f3n provincial, la Seremi del Trabajo y Previsi\u00f3n Social, Camila Covarrubias, declar\u00f3, \u00abEn el mes de la seguridad y la salud laboral, queremos reforzar el trabajo intersectorial para prevenir las enfermedades laborales y los accidentes de trabajo, en un despliegue de fiscalizaciones conjunto con la Seremi de Salud, con la Direcci\u00f3n del Trabajo y con la Gobernaci\u00f3n Mar\u00edtima, trabajo que tambi\u00e9n es apoyado por la Delegaci\u00f3n presidencial provincial de Ays\u00e9n\u00bb.<\/p>\n<p class=\"v1MsoNormal\" style=\"text-align: justify;\">A su vez, la Seremi de Salud, Carmen Monsalve, manifest\u00f3, \u00abEste trabajo responde a un compromiso de nuestro Presidente Gabriel Boric, de generar y potenciar pol\u00edticas que fomenten las buenas pr\u00e1cticas laborales, el resguardo de la salud de los trabajadores y en ese sentido, con la Seremi del Trabajo a nivel regional, hemos llevado un trabajo intersectorial que justamente busca fortalecer las herramientas de fiscalizaci\u00f3n, enfocar nuestras acciones de intervenci\u00f3n, particularmente en aquellos sectores en donde identificamos mayor riesgo, como justamente son aquellos trabajadores que se desempe\u00f1an en el litoral, en donde a nivel regional la mayor cantidad de accidentes graves y fatales se concentra en ese tipo de actividades. Por lo tanto, el compromiso de esta autoridad sanitaria, as\u00ed como lo ha manifestado la Seremi del Trabajo y los servicios dependientes, justamente est\u00e1 orientado a poder proteger a los trabajadores y de esa forma potenciar el desarrollo de nuestra comunidad de manera segura\u00bb.<\/p>\n<p class=\"v1MsoNormal\" style=\"text-align: justify;\"><b><u>Accidente en buceo y proyecto de ley de protecci\u00f3n a la labor<\/u><\/b><\/p>\n<p class=\"v1MsoNormal\" style=\"text-align: justify;\">Con respecto a esta mesa de coordinaci\u00f3n en fiscalizaci\u00f3n y del fatal accidente ocurrido en el litoral aysenino hace unos d\u00edas, el Director regional del Trabajo, Christian Aros, afirm\u00f3, \u00abContarle a la comunidad que nosotros como Direcci\u00f3n del Trabajo hemos estado preocupados durante el \u00faltimo a\u00f1o de todas las fiscalizaciones en el sector, principalmente salmonicultor, en lo que ata\u00f1e a la Provincia de Ays\u00e9n, hemos estado fiscalizando ya durante los meses de enero, febrero, marzo y abril. Durante este mes, a comienzos de mes, nos reunimos con el Delegado provincial de Ays\u00e9n, la autoridad mar\u00edtima, la Seremi de Salud y la Seremi del Trabajo para coordinar nuestros esfuerzos de fiscalizaci\u00f3n, porque tenemos materias en las cuales fiscalizamos de manera conjunta. Para organizar ese trabajo, tuvimos esta reuni\u00f3n y vamos a estar fiscalizando de aqu\u00ed en m\u00e1s, de manera conjunta para aunar esfuerzos, en todas las fiscalizaciones en ese sector. Lamentablemente esta semana nos enteramos del fallecimiento de otro trabajador en este sector del litoral de nuestra regi\u00f3n. Como Direcci\u00f3n del Trabajo nos constituimos inmediatamente en el lugar del accidente, activamos los procedimientos de fiscalizaci\u00f3n y la Inspecci\u00f3n Provincial de Ays\u00e9n se encuentra investigando este hecho. Ya durante las pr\u00f3ximas semanas vamos a tener los resultados para d\u00e1rselos a conocer tambi\u00e9n a toda la comunidad\u00bb.<\/p>\n<p class=\"v1MsoNormal\" style=\"text-align: justify;\">En julio del a\u00f1o 2024 el Gobierno ingres\u00f3 el proyecto de ley que crea \u00abel contrato de buceo y actividades conexas\u00bb, ya que la labor de buceo enfrenta m\u00faltiples riesgos debido a su complejidad, los que exponen a las y los trabajadores a condiciones extremas que pueden causar efectos fisiol\u00f3gicos adversos tras exposiciones prolongadas a condiciones de trabajo riesgosas a lo largo de sus carreras, lo que puede devenir en la aparici\u00f3n de patolog\u00edas y accidentes de diversas gravedades.<\/p>\n<p class=\"v1MsoNormal\" style=\"text-align: justify;\">En este sentido, la Seremi Covarrubias mencion\u00f3, \u00abComo Seremi del Trabajo y Previsi\u00f3n Social lamentamos el sensible fallecimiento de don Luis Godoy, buzo que se encontraba desempe\u00f1ando funciones en las costas de nuestra regi\u00f3n. Como Gobierno es un tema que nos preocupa porque implica poder avanzar en el trabajo decente, por lo que hemos presentado un proyecto de ley que busca regular la funci\u00f3n de los buzos y, por sobre todo, poner \u00e9nfasis en la seguridad y la salud en el desempe\u00f1o de sus funciones. Este proyecto ya fue aprobado en primer tr\u00e1mite constitucional en la C\u00e1mara de Diputados y actualmente se encuentra en tabla en la Comisi\u00f3n de Trabajo de la C\u00e1mara del Senado. Esperamos que esto avance porque eso implicar\u00e1 que haya mayor regulaci\u00f3n en los contratos de trabajo de los buzos, tambi\u00e9n se dar\u00e1 mayor responsabilidad a las empresas principales que mandatan la contrataci\u00f3n de estos buzos y va a generar cambios en el C\u00f3digo del Trabajo que va a permitir, por lo tanto, generar mayor fiscalizaci\u00f3n respecto a esta funci\u00f3n\u00bb, explic\u00f3 Camila Covarrubias, Seremi del Trabajo y Previsi\u00f3n Social Ays\u00e9n.<\/p>\n<p class=\"v1MsoNormal\" style=\"text-align: justify;\">Tal como coment\u00f3 la seremi, el proyecto de ley ha avanzado durante las \u00faltimas semanas, encontr\u00e1ndose en debate en las comisiones del Senado y se espera que prontamente pueda pasar a votaci\u00f3n en la Sala. Esta iniciativa es fruto del di\u00e1logo social y de una mesa tripartita desarrollada el 2023, convocada por el Subsecretario del Trabajo, y hoy Ministro del Trabajo y Previsi\u00f3n Social, Giorgio Boccardo y el Director nacional del Trabajo, Pablo Zenteno. En esta instancia se gener\u00f3 un di\u00e1logo entre organizaciones de trabajadores, los gremios representantes de los empleadores y el Estado para avanzar en esta materia de seguridad y salud en los buzos.<\/p>\n<\/div><\/section><\/div><div  style='height:50px' class='hr hr-invisible   avia-builder-el-6  el_after_av_one_full  el_before_av_social_share '><span class='hr-inner ' ><span class='hr-inner-style'><\/span><\/span><\/div><\/p>\n<div  class='av-social-sharing-box  avia-builder-el-7  el_after_av_hr  el_before_av_hr  '><div class='av-share-box'><h5 class='av-share-link-description av-no-toc '>Compartir esta noticia<\/h5><ul class='av-share-box-list noLightbox'><li class='av-share-link av-social-link-facebook' ><a target=\"_blank\" aria-label=\"Compartir en Facebook\" href='https:\/\/www.facebook.com\/sharer.php?u=https:\/\/radiorevelacionfm.cl\/?p=53168&#038;t=Se%20realizan%20coordinaciones%20interinstitucionales%20para%20fiscalizar%20en%20materia%20laboral%2C%20de%20seguridad%20y%20salud' aria-hidden='false' data-av_icon='\ue8f3' data-av_iconfont='entypo-fontello' title='' data-avia-related-tooltip='Compartir en Facebook' rel=\"noopener\"><span class='avia_hidden_link_text'>Compartir en Facebook<\/span><\/a><\/li><li class='av-share-link av-social-link-twitter' ><a target=\"_blank\" aria-label=\"Compartir en Twitter\" href='https:\/\/twitter.com\/share?text=Se%20realizan%20coordinaciones%20interinstitucionales%20para%20fiscalizar%20en%20materia%20laboral%2C%20de%20seguridad%20y%20salud&#038;url=https:\/\/radiorevelacionfm.cl\/?p=53168' aria-hidden='false' data-av_icon='\ue8f1' data-av_iconfont='entypo-fontello' title='' data-avia-related-tooltip='Compartir en Twitter' rel=\"noopener\"><span class='avia_hidden_link_text'>Compartir en Twitter<\/span><\/a><\/li><li class='av-share-link av-social-link-whatsapp' ><a target=\"_blank\" aria-label=\"Compartir en Whatsapp\" href='https:\/\/api.whatsapp.com\/send?text=https:\/\/radiorevelacionfm.cl\/?p=53168' aria-hidden='false' data-av_icon='\uf232' data-av_iconfont='entypo-fontello' title='' data-avia-related-tooltip='Compartir en Whatsapp' rel=\"noopener\"><span class='avia_hidden_link_text'>Compartir en Whatsapp<\/span><\/a><\/li><li class='av-share-link av-social-link-linkedin' ><a target=\"_blank\" aria-label=\"Compartir en LinkedIn\" href='https:\/\/linkedin.com\/shareArticle?mini=true&#038;title=Se%20realizan%20coordinaciones%20interinstitucionales%20para%20fiscalizar%20en%20materia%20laboral%2C%20de%20seguridad%20y%20salud&#038;url=https:\/\/radiorevelacionfm.cl\/?p=53168' aria-hidden='false' data-av_icon='\ue8fc' data-av_iconfont='entypo-fontello' title='' data-avia-related-tooltip='Compartir en LinkedIn' rel=\"noopener\"><span class='avia_hidden_link_text'>Compartir en LinkedIn<\/span><\/a><\/li><li class='av-share-link av-social-link-mail' ><a  aria-label=\"Compartir por correo\" href='mailto:?subject=Se%20realizan%20coordinaciones%20interinstitucionales%20para%20fiscalizar%20en%20materia%20laboral%2C%20de%20seguridad%20y%20salud&#038;body=https:\/\/radiorevelacionfm.cl\/?p=53168' aria-hidden='false' data-av_icon='\ue805' data-av_iconfont='entypo-fontello' title='' data-avia-related-tooltip='Compartir por correo'><span class='avia_hidden_link_text'>Compartir por correo<\/span><\/a><\/li><\/ul><\/div><\/div>\n<div  style='height:50px' class='hr hr-invisible   avia-builder-el-8  el_after_av_social_share  el_before_av_comments_list '><span class='hr-inner ' ><span class='hr-inner-style'><\/span><\/span><\/div>\n<div  class='av-buildercomment  av-blog-meta-html-info-disabled av-blog-meta-tag-disabled  '><\/div>\n","protected":false},"excerpt":{"rendered":"","protected":false},"author":1,"featured_media":53169,"comment_status":"closed","ping_status":"closed","sticky":false,"template":"","format":"standard","meta":{"footnotes":""},"categories":[56],"tags":[],"class_list":["post-53168","post","type-post","status-publish","format-standard","has-post-thumbnail","hentry","category-trabajo"],"jetpack_featured_media_url":"https:\/\/radiorevelacionfm.cl\/wp-content\/uploads\/2025\/04\/ReunionCoord_Fisca_-4-1-1.jpeg","_links":{"self":[{"href":"https:\/\/radiorevelacionfm.cl\/index.php?rest_route=\/wp\/v2\/posts\/53168","targetHints":{"allow":["GET"]}}],"collection":[{"href":"https:\/\/radiorevelacionfm.cl\/index.php?rest_route=\/wp\/v2\/posts"}],"about":[{"href":"https:\/\/radiorevelacionfm.cl\/index.php?rest_route=\/wp\/v2\/types\/post"}],"author":[{"embeddable":true,"href":"https:\/\/radiorevelacionfm.cl\/index.php?rest_route=\/wp\/v2\/users\/1"}],"replies":[{"embeddable":true,"href":"https:\/\/radiorevelacionfm.cl\/index.php?rest_route=%2Fwp%2Fv2%2Fcomments&post=53168"}],"version-history":[{"count":2,"href":"https:\/\/radiorevelacionfm.cl\/index.php?rest_route=\/wp\/v2\/posts\/53168\/revisions"}],"predecessor-version":[{"id":53171,"href":"https:\/\/radiorevelacionfm.cl\/index.php?rest_route=\/wp\/v2\/posts\/53168\/revisions\/53171"}],"wp:featuredmedia":[{"embeddable":true,"href":"https:\/\/radiorevelacionfm.cl\/index.php?rest_route=\/wp\/v2\/media\/53169"}],"wp:attachment":[{"href":"https:\/\/radiorevelacionfm.cl\/index.php?rest_route=%2Fwp%2Fv2%2Fmedia&parent=53168"}],"wp:term":[{"taxonomy":"category","embeddable":true,"href":"https:\/\/radiorevelacionfm.cl\/index.php?rest_route=%2Fwp%2Fv2%2Fcategories&post=53168"},{"taxonomy":"post_tag","embeddable":true,"href":"https:\/\/radiorevelacionfm.cl\/index.php?rest_route=%2Fwp%2Fv2%2Ftags&post=53168"}],"curies":[{"name":"wp","href":"https:\/\/api.w.org\/{rel}","templated":true}]}}