{"id":53162,"date":"2025-04-27T17:12:56","date_gmt":"2025-04-27T20:12:56","guid":{"rendered":"https:\/\/radiorevelacionfm.cl\/?p=53162"},"modified":"2025-04-27T17:12:56","modified_gmt":"2025-04-27T20:12:56","slug":"trabajadoras-urbanas-y-rurales-del-programa-de-areas-verdes-en-coyhaique-denuncian-falta-de-dialogo-cierre-de-puertas-y-represion-injustificada","status":"publish","type":"post","link":"https:\/\/radiorevelacionfm.cl\/?p=53162","title":{"rendered":"Trabajadoras Urbanas y Rurales del Programa de \u00c1reas Verdes en Coyhaique denuncian falta de di\u00e1logo, cierre de puertas y represi\u00f3n injustificada"},"content":{"rendered":"<div class=\"flex_column av_one_full  flex_column_div av-zero-column-padding first  avia-builder-el-0  el_before_av_one_full  avia-builder-el-first  \" style='border-radius:0px; '><div  class='avia-image-container  av-styling-    avia-builder-el-1  avia-builder-el-no-sibling  avia-align-center '  itemprop=\"image\" itemscope=\"itemscope\" itemtype=\"https:\/\/schema.org\/ImageObject\"  ><div class='avia-image-container-inner'><div class='avia-image-overlay-wrap'><img decoding=\"async\" class='wp-image-53164 avia-img-lazy-loading-not-53164 avia_image' src=\"https:\/\/radiorevelacionfm.cl\/wp-content\/uploads\/2025\/04\/IMG-001-1.jpeg\" alt='' title='IMG 001 (1)' height=\"603\" width=\"1011\"  itemprop=\"thumbnailUrl\" srcset=\"https:\/\/radiorevelacionfm.cl\/wp-content\/uploads\/2025\/04\/IMG-001-1.jpeg 1011w, https:\/\/radiorevelacionfm.cl\/wp-content\/uploads\/2025\/04\/IMG-001-1-300x179.jpeg 300w, https:\/\/radiorevelacionfm.cl\/wp-content\/uploads\/2025\/04\/IMG-001-1-768x458.jpeg 768w, https:\/\/radiorevelacionfm.cl\/wp-content\/uploads\/2025\/04\/IMG-001-1-705x420.jpeg 705w, https:\/\/radiorevelacionfm.cl\/wp-content\/uploads\/2025\/04\/IMG-001-1-450x268.jpeg 450w, https:\/\/radiorevelacionfm.cl\/wp-content\/uploads\/2025\/04\/IMG-001-1-600x358.jpeg 600w\" sizes=\"(max-width: 1011px) 100vw, 1011px\" \/><\/div><\/div><\/div><\/div><div class=\"flex_column av_one_full  flex_column_div av-zero-column-padding first  avia-builder-el-2  el_after_av_one_full  el_before_av_one_full  column-top-margin\" style='border-radius:0px; '><section class=\"av_textblock_section \"  itemscope=\"itemscope\" itemtype=\"https:\/\/schema.org\/BlogPosting\" itemprop=\"blogPost\" ><div class='avia_textblock  '   itemprop=\"text\" ><p style=\"text-align: center;\"><strong><span style=\"font-size: 18pt;\">Trabajadoras Urbanas y Rurales del Programa de \u00c1reas Verdes en Coyhaique denuncian falta de di\u00e1logo, cierre de puertas y represi\u00f3n injustificada<\/span><\/strong><\/p>\n<div id=\"gtx-trans\" style=\"position: absolute; left: -50px; top: 4.31534px;\">\n<div class=\"gtx-trans-icon\"><\/div>\n<\/div>\n<\/div><\/section><\/div><\/p>\n<div class=\"flex_column av_one_full  flex_column_div av-zero-column-padding first  avia-builder-el-4  el_after_av_one_full  el_before_av_hr  column-top-margin\" style='border-radius:0px; '><section class=\"av_textblock_section \"  itemscope=\"itemscope\" itemtype=\"https:\/\/schema.org\/BlogPosting\" itemprop=\"blogPost\" ><div class='avia_textblock  '   itemprop=\"text\" ><p dir=\"ltr\" style=\"text-align: justify;\">Como trabajadoras del Subsidio de \u00c1reas Verdes, conocido como PMU, queremos dar a conocer la dif\u00edcil situaci\u00f3n que hemos debido enfrentar en las \u00faltimas semanas, marcada por la falta de di\u00e1logo real con el municipio de Coyhaique y por el injustificado y desproporcionado actuar policial durante nuestras leg\u00edtimas manifestaciones.<\/p>\n<p dir=\"ltr\" style=\"text-align: justify;\">Desde hace meses hemos participado activamente en la mesa de empleo liderada por el Gobernador Regional, instancia donde tambi\u00e9n fueron convocados representantes del municipio, concejales y sindicatos. Siempre hemos apostado al di\u00e1logo permanente para encontrar soluciones laborales para nuestras compa\u00f1eras, pero lamentablemente, desde el municipio \u2014a trav\u00e9s de autoridades subrogantes y nunca del propio alcalde\u2014 hemos recibido escaso compromiso y nula disposici\u00f3n al di\u00e1logo real.<\/p>\n<p dir=\"ltr\" style=\"text-align: justify;\">Cabe recordar que, incluso en la importante sesi\u00f3n del Consejo Regional donde se aprobaron 1.850 millones de pesos para generar cupos laborales, el alcalde no estuvo presente.<\/p>\n<p dir=\"ltr\" style=\"text-align: justify;\">Pese a todo, seguimos insistiendo en el di\u00e1logo, siempre pensando en nuestras 231 compa\u00f1eras y sus familias, quienes necesitan con urgencia estos empleos que no s\u00f3lo dignifican su vida, sino que tambi\u00e9n aportan al bienestar de toda la comuna, manteniendo limpias y cuidadas las \u00e1reas verdes en sectores rurales y urbanos.<\/p>\n<p dir=\"ltr\" style=\"text-align: justify;\">Aunque existi\u00f3 un acuerdo verbal y firmado donde se comprometi\u00f3 el inicio de los trabajos en mayo, los plazos de licitaci\u00f3n retrasaron su cumplimiento. Frente a ello, en los \u00faltimos d\u00edas lunes y martes, nos acercamos pac\u00edficamente al municipio buscando alternativas de apoyo social para nuestras familias. Sin embargo, fuimos recibidas con las puertas cerradas, sin establecer ning\u00fan tipo de di\u00e1logo, lo que gener\u00f3 frustraci\u00f3n entre nosotras y entre todas las trabajadoras.<\/p>\n<p dir=\"ltr\" style=\"text-align: justify;\">Ante la negativa total de respuesta, las trabajadoras, en un acto de desesperaci\u00f3n, decidimos manifestarnos tom\u00e1ndonos las carreteras de manera pac\u00edfica, siempre permitiendo el paso de veh\u00edculos en intervalos de tiempo, para no perjudicar a la comunidad.<\/p>\n<p dir=\"ltr\" style=\"text-align: justify;\">Pese a nuestra actitud respetuosa, fuimos v\u00edctimas de una represi\u00f3n injustificada que condenamos en\u00e9rgicamente. Repudiamos el actuar de Carabineros y de la Delegaci\u00f3n Presidencial, quienes autorizaron el uso de la fuerza de manera desproporcionada. No podemos dejar de se\u00f1alar que en situaciones similares anteriores no se actu\u00f3 de la misma manera; sin embargo, frente a nosotras, mujeres trabajadoras, la represi\u00f3n s\u00ed se llev\u00f3 a cabo, lo cual es a\u00fan m\u00e1s doloroso e indignante.<\/p>\n<p dir=\"ltr\" style=\"text-align: justify;\">Asimismo, rechazamos profundamente los dichos denigrantes por parte de autoridades municipales, particularmente de la Administradora Municipal y la Directora de Desarrollo Comunitario (DIDECO), quienes han menospreciado nuestro trabajo y la dignidad de nuestras familias, desconociendo el rol social que debe tener una administraci\u00f3n p\u00fablica: estar del lado de su gente.<\/p>\n<p dir=\"ltr\" style=\"text-align: justify;\">Queremos ser enf\u00e1ticas: no somos delincuentes. Somos mujeres trabajadoras que exigimos respeto, di\u00e1logo y soluciones.<\/p>\n<p dir=\"ltr\" style=\"text-align: justify;\">Pedimos a las autoridades actuar con humanidad, responsabilidad y vocaci\u00f3n social, priorizando siempre el bienestar de nuestras comunidades.<\/p>\n<\/div><\/section><\/div>\n<div  style='height:50px' class='hr hr-invisible   avia-builder-el-6  el_after_av_one_full  el_before_av_social_share '><span class='hr-inner ' ><span class='hr-inner-style'><\/span><\/span><\/div>\n<div  class='av-social-sharing-box  avia-builder-el-7  el_after_av_hr  el_before_av_hr  '><div class='av-share-box'><h5 class='av-share-link-description av-no-toc '>Compartir esta noticia<\/h5><ul class='av-share-box-list noLightbox'><li class='av-share-link av-social-link-facebook' ><a target=\"_blank\" aria-label=\"Compartir en Facebook\" href='https:\/\/www.facebook.com\/sharer.php?u=https:\/\/radiorevelacionfm.cl\/?p=53162&#038;t=Trabajadoras%20Urbanas%20y%20Rurales%20del%20Programa%20de%20%C3%81reas%20Verdes%20en%20Coyhaique%20denuncian%20falta%20de%20di%C3%A1logo%2C%20cierre%20de%20puertas%20y%20represi%C3%B3n%20injustificada' aria-hidden='false' data-av_icon='\ue8f3' data-av_iconfont='entypo-fontello' title='' data-avia-related-tooltip='Compartir en Facebook' rel=\"noopener\"><span class='avia_hidden_link_text'>Compartir en Facebook<\/span><\/a><\/li><li class='av-share-link av-social-link-twitter' ><a target=\"_blank\" aria-label=\"Compartir en Twitter\" href='https:\/\/twitter.com\/share?text=Trabajadoras%20Urbanas%20y%20Rurales%20del%20Programa%20de%20%C3%81reas%20Verdes%20en%20Coyhaique%20denuncian%20falta%20de%20di%C3%A1logo%2C%20cierre%20de%20puertas%20y%20represi%C3%B3n%20injustificada&#038;url=https:\/\/radiorevelacionfm.cl\/?p=53162' aria-hidden='false' data-av_icon='\ue8f1' data-av_iconfont='entypo-fontello' title='' data-avia-related-tooltip='Compartir en Twitter' rel=\"noopener\"><span class='avia_hidden_link_text'>Compartir en Twitter<\/span><\/a><\/li><li class='av-share-link av-social-link-whatsapp' ><a target=\"_blank\" aria-label=\"Compartir en Whatsapp\" href='https:\/\/api.whatsapp.com\/send?text=https:\/\/radiorevelacionfm.cl\/?p=53162' aria-hidden='false' data-av_icon='\uf232' data-av_iconfont='entypo-fontello' title='' data-avia-related-tooltip='Compartir en Whatsapp' rel=\"noopener\"><span class='avia_hidden_link_text'>Compartir en Whatsapp<\/span><\/a><\/li><li class='av-share-link av-social-link-linkedin' ><a target=\"_blank\" aria-label=\"Compartir en LinkedIn\" href='https:\/\/linkedin.com\/shareArticle?mini=true&#038;title=Trabajadoras%20Urbanas%20y%20Rurales%20del%20Programa%20de%20%C3%81reas%20Verdes%20en%20Coyhaique%20denuncian%20falta%20de%20di%C3%A1logo%2C%20cierre%20de%20puertas%20y%20represi%C3%B3n%20injustificada&#038;url=https:\/\/radiorevelacionfm.cl\/?p=53162' aria-hidden='false' data-av_icon='\ue8fc' data-av_iconfont='entypo-fontello' title='' data-avia-related-tooltip='Compartir en LinkedIn' rel=\"noopener\"><span class='avia_hidden_link_text'>Compartir en LinkedIn<\/span><\/a><\/li><li class='av-share-link av-social-link-mail' ><a  aria-label=\"Compartir por correo\" href='mailto:?subject=Trabajadoras%20Urbanas%20y%20Rurales%20del%20Programa%20de%20%C3%81reas%20Verdes%20en%20Coyhaique%20denuncian%20falta%20de%20di%C3%A1logo%2C%20cierre%20de%20puertas%20y%20represi%C3%B3n%20injustificada&#038;body=https:\/\/radiorevelacionfm.cl\/?p=53162' aria-hidden='false' data-av_icon='\ue805' data-av_iconfont='entypo-fontello' title='' data-avia-related-tooltip='Compartir por correo'><span class='avia_hidden_link_text'>Compartir por correo<\/span><\/a><\/li><\/ul><\/div><\/div>\n<div  style='height:50px' class='hr hr-invisible   avia-builder-el-8  el_after_av_social_share  el_before_av_comments_list '><span class='hr-inner ' ><span class='hr-inner-style'><\/span><\/span><\/div>\n<div  class='av-buildercomment  av-blog-meta-html-info-disabled av-blog-meta-tag-disabled  '><\/div>\n","protected":false},"excerpt":{"rendered":"","protected":false},"author":1,"featured_media":53164,"comment_status":"closed","ping_status":"closed","sticky":false,"template":"","format":"standard","meta":{"footnotes":""},"categories":[38],"tags":[],"class_list":["post-53162","post","type-post","status-publish","format-standard","has-post-thumbnail","hentry","category-regional"],"jetpack_featured_media_url":"https:\/\/radiorevelacionfm.cl\/wp-content\/uploads\/2025\/04\/IMG-001-1.jpeg","_links":{"self":[{"href":"https:\/\/radiorevelacionfm.cl\/index.php?rest_route=\/wp\/v2\/posts\/53162","targetHints":{"allow":["GET"]}}],"collection":[{"href":"https:\/\/radiorevelacionfm.cl\/index.php?rest_route=\/wp\/v2\/posts"}],"about":[{"href":"https:\/\/radiorevelacionfm.cl\/index.php?rest_route=\/wp\/v2\/types\/post"}],"author":[{"embeddable":true,"href":"https:\/\/radiorevelacionfm.cl\/index.php?rest_route=\/wp\/v2\/users\/1"}],"replies":[{"embeddable":true,"href":"https:\/\/radiorevelacionfm.cl\/index.php?rest_route=%2Fwp%2Fv2%2Fcomments&post=53162"}],"version-history":[{"count":2,"href":"https:\/\/radiorevelacionfm.cl\/index.php?rest_route=\/wp\/v2\/posts\/53162\/revisions"}],"predecessor-version":[{"id":53166,"href":"https:\/\/radiorevelacionfm.cl\/index.php?rest_route=\/wp\/v2\/posts\/53162\/revisions\/53166"}],"wp:featuredmedia":[{"embeddable":true,"href":"https:\/\/radiorevelacionfm.cl\/index.php?rest_route=\/wp\/v2\/media\/53164"}],"wp:attachment":[{"href":"https:\/\/radiorevelacionfm.cl\/index.php?rest_route=%2Fwp%2Fv2%2Fmedia&parent=53162"}],"wp:term":[{"taxonomy":"category","embeddable":true,"href":"https:\/\/radiorevelacionfm.cl\/index.php?rest_route=%2Fwp%2Fv2%2Fcategories&post=53162"},{"taxonomy":"post_tag","embeddable":true,"href":"https:\/\/radiorevelacionfm.cl\/index.php?rest_route=%2Fwp%2Fv2%2Ftags&post=53162"}],"curies":[{"name":"wp","href":"https:\/\/api.w.org\/{rel}","templated":true}]}}