{"id":53158,"date":"2025-04-27T15:36:05","date_gmt":"2025-04-27T18:36:05","guid":{"rendered":"https:\/\/radiorevelacionfm.cl\/?p=53158"},"modified":"2025-04-27T15:36:05","modified_gmt":"2025-04-27T18:36:05","slug":"pdi-abre-nuevo-proceso-para-agentes-policiales","status":"publish","type":"post","link":"https:\/\/radiorevelacionfm.cl\/?p=53158","title":{"rendered":"PDI abre nuevo proceso para agentes policiales"},"content":{"rendered":"<div class=\"flex_column av_one_full  flex_column_div av-zero-column-padding first  avia-builder-el-0  el_before_av_one_full  avia-builder-el-first  \" style='border-radius:0px; '><div  class='avia-image-container  av-styling-    avia-builder-el-1  avia-builder-el-no-sibling  avia-align-center '  itemprop=\"image\" itemscope=\"itemscope\" itemtype=\"https:\/\/schema.org\/ImageObject\"  ><div class='avia-image-container-inner'><div class='avia-image-overlay-wrap'><img decoding=\"async\" class='wp-image-53159 avia-img-lazy-loading-not-53159 avia_image' src=\"https:\/\/radiorevelacionfm.cl\/wp-content\/uploads\/2025\/04\/cecapro-2026-003-1_optimized-1.jpeg\" alt='' title='cecapro-2026-003-(1)_optimized (1)' height=\"600\" width=\"900\"  itemprop=\"thumbnailUrl\" srcset=\"https:\/\/radiorevelacionfm.cl\/wp-content\/uploads\/2025\/04\/cecapro-2026-003-1_optimized-1.jpeg 900w, https:\/\/radiorevelacionfm.cl\/wp-content\/uploads\/2025\/04\/cecapro-2026-003-1_optimized-1-300x200.jpeg 300w, https:\/\/radiorevelacionfm.cl\/wp-content\/uploads\/2025\/04\/cecapro-2026-003-1_optimized-1-768x512.jpeg 768w, https:\/\/radiorevelacionfm.cl\/wp-content\/uploads\/2025\/04\/cecapro-2026-003-1_optimized-1-705x470.jpeg 705w, https:\/\/radiorevelacionfm.cl\/wp-content\/uploads\/2025\/04\/cecapro-2026-003-1_optimized-1-450x300.jpeg 450w, https:\/\/radiorevelacionfm.cl\/wp-content\/uploads\/2025\/04\/cecapro-2026-003-1_optimized-1-600x400.jpeg 600w\" sizes=\"(max-width: 900px) 100vw, 900px\" \/><\/div><\/div><\/div><\/div><div class=\"flex_column av_one_full  flex_column_div av-zero-column-padding first  avia-builder-el-2  el_after_av_one_full  el_before_av_one_full  column-top-margin\" style='border-radius:0px; '><section class=\"av_textblock_section \"  itemscope=\"itemscope\" itemtype=\"https:\/\/schema.org\/BlogPosting\" itemprop=\"blogPost\" ><div class='avia_textblock  '   itemprop=\"text\" ><p style=\"text-align: center;\"><strong><span style=\"font-size: 18pt;\">PDI abre nuevo proceso para agentes policiales<\/span><\/strong><\/p>\n<div id=\"gtx-trans\" style=\"position: absolute; left: -50px; top: 4.31534px;\">\n<div class=\"gtx-trans-icon\"><\/div>\n<\/div>\n<\/div><\/section><\/div><div class=\"flex_column av_one_full  flex_column_div av-zero-column-padding first  avia-builder-el-4  el_after_av_one_full  el_before_av_hr  column-top-margin\" style='border-radius:0px; '><section class=\"av_textblock_section \"  itemscope=\"itemscope\" itemtype=\"https:\/\/schema.org\/BlogPosting\" itemprop=\"blogPost\" ><div class='avia_textblock  '   itemprop=\"text\" ><p style=\"text-align: justify;\"><em>El proceso sumar\u00e1 250 postulantes y se mantiene abierto hasta el pr\u00f3ximo 2 de Mayo.<\/em><\/p>\n<p style=\"text-align: justify;\">Una nueva postulaci\u00f3n, en el marco de la ley de aumento de dotaci\u00f3n, abri\u00f3 la PDI para incluir en sus filas a 250 nuevos Agentes Policiales. El objetivo es aumentar progresivamente la dotaci\u00f3n de 950 a 4022, a un ritmo de 250 funcionarios al a\u00f1o.<\/p>\n<p style=\"text-align: justify;\">El subprefecto Rodrigo Zamora, director del Centro de Capacitaci\u00f3n Profesional de la PDI, CECAPRO, declar\u00f3 que \u00abel proceso viene a fortalecer la instituci\u00f3n en \u00e1reas claves hoy para nuestro pa\u00eds como son el control fronterizo y migratorio, el manejo de evidencias como recolectores, el apoyo a las Brigadas en los procesos investigativos, entre otros\u00bb.<\/p>\n<p style=\"text-align: justify;\">En ese sentido, Zamora reforz\u00f3 que \u00abel agente policial cumple un papel estrat\u00e9gico y colaborativo con el detective, para lo cual el funcionario cuenta con placa y arma de cargo tal como todos los oficiales\u00bb.<\/p>\n<p style=\"text-align: justify;\">DESCRIPCI\u00d3N DE LA CARRERA<\/p>\n<p style=\"text-align: justify;\">La carrera tiene una duraci\u00f3n de dos a\u00f1os, el primero presencial en r\u00e9gimen de internado y el segundo en la modalidad b-learning, destacando que desde que superan el proceso de postulaci\u00f3n ingresan autom\u00e1ticamente a planta de la PDI, recibiendo todos los beneficios correspondientes a salud y previsi\u00f3n de cualquier funcionario. Adicionalmente, a fines de su primer a\u00f1o comienzan a percibir ingresos estimados en 1 mill\u00f3n de pesos, posteriormente, los alumnos son destinados a las distintas unidades operativas del pa\u00eds para realizar su pr\u00e1ctica profesional, supervisada por un oficial tutor. Al finalizar el curso, los egresados reciben el t\u00edtulo de \u00abT\u00e9cnico de nivel superior en labores investigativas y control migratorio\u00bb.<\/p>\n<p style=\"text-align: justify;\">\u00bfQUI\u00c9N ES EL AGENTE POLICIAL?<\/p>\n<p style=\"text-align: justify;\">Al egresar de la carrera, los agentes policiales podr\u00e1n desempe\u00f1arse en diversas \u00e1reas entre las cuales destacan recuperadores criminal\u00edsticos, control migratorio y fiscalizaci\u00f3n, piloto de avi\u00f3n, mec\u00e1nico de helic\u00f3ptero y tripulante, operador t\u00e1ctico, gu\u00eda canino, t\u00e1ctico en el equipo de Modelo Territorial Cero (MT-0), Buzo Criminal\u00edstico, protecci\u00f3n de personas importantes y Centro de toma de Denuncias y Seguridad en los Cuarteles.<\/p>\n<p style=\"text-align: justify;\">Las postulaciones pueden realizarse hasta el 2 de mayo y el ingreso de los seleccionados est\u00e1 previsto para la primera quincena del mes de febrero del pr\u00f3ximo a\u00f1o.<\/p>\n<p style=\"text-align: justify;\">\u00bfC\u00d3MO POSTULAR?<\/p>\n<p style=\"text-align: justify;\">La convocatoria es abierta para mujeres y hombres, de nacionalidad chilena, que est\u00e9n interesados en postular al Centro de Capacitaci\u00f3n Profesional para el cargo de Agentes Policiales, integr\u00e1ndose a la instituci\u00f3n. Los seleccionados recibir\u00e1n la formaci\u00f3n t\u00e9cnica-profesional que los facultar\u00e1 para prestar apoyo permanente a la labor policial y de calidad en los diversos procesos investigativos.<\/p>\n<p style=\"text-align: justify;\">Requisitos:<\/p>\n<p style=\"text-align: justify;\">-Ser Chileno (a).<\/p>\n<p style=\"text-align: justify;\">-Tener entre 18 y 30 a\u00f1os a la fecha de inicio de la formaci\u00f3n.<\/p>\n<p style=\"text-align: justify;\">-Poseer Licencia de Ense\u00f1anza Media a la fecha de inicio de la formaci\u00f3n.<\/p>\n<p style=\"text-align: justify;\">-Situaci\u00f3n militar al d\u00eda (no implica haber realizado Servicio Militar).<\/p>\n<p style=\"text-align: justify;\">-Estar en posesi\u00f3n de Licencia de Conducir Clase B o Profesional al momento de rendir la prueba de conducci\u00f3n.<\/p>\n<p style=\"text-align: justify;\">-Presentar certificado de antecedentes para fines especiales.<\/p>\n<p style=\"text-align: justify;\">-Demostrar salud compatible con el desempe\u00f1o de la funci\u00f3n policial<\/p>\n<p style=\"text-align: justify;\">-Antecedentes personales y familiares intachables.<\/p>\n<\/div><\/section><\/div><div  style='height:50px' class='hr hr-invisible   avia-builder-el-6  el_after_av_one_full  el_before_av_social_share '><span class='hr-inner ' ><span class='hr-inner-style'><\/span><\/span><\/div><\/p>\n<div  class='av-social-sharing-box  avia-builder-el-7  el_after_av_hr  el_before_av_hr  '><div class='av-share-box'><h5 class='av-share-link-description av-no-toc '>Compartir esta noticia<\/h5><ul class='av-share-box-list noLightbox'><li class='av-share-link av-social-link-facebook' ><a target=\"_blank\" aria-label=\"Compartir en Facebook\" href='https:\/\/www.facebook.com\/sharer.php?u=https:\/\/radiorevelacionfm.cl\/?p=53158&#038;t=PDI%20abre%20nuevo%20proceso%20para%20agentes%20policiales' aria-hidden='false' data-av_icon='\ue8f3' data-av_iconfont='entypo-fontello' title='' data-avia-related-tooltip='Compartir en Facebook' rel=\"noopener\"><span class='avia_hidden_link_text'>Compartir en Facebook<\/span><\/a><\/li><li class='av-share-link av-social-link-twitter' ><a target=\"_blank\" aria-label=\"Compartir en Twitter\" href='https:\/\/twitter.com\/share?text=PDI%20abre%20nuevo%20proceso%20para%20agentes%20policiales&#038;url=https:\/\/radiorevelacionfm.cl\/?p=53158' aria-hidden='false' data-av_icon='\ue8f1' data-av_iconfont='entypo-fontello' title='' data-avia-related-tooltip='Compartir en Twitter' rel=\"noopener\"><span class='avia_hidden_link_text'>Compartir en Twitter<\/span><\/a><\/li><li class='av-share-link av-social-link-whatsapp' ><a target=\"_blank\" aria-label=\"Compartir en Whatsapp\" href='https:\/\/api.whatsapp.com\/send?text=https:\/\/radiorevelacionfm.cl\/?p=53158' aria-hidden='false' data-av_icon='\uf232' data-av_iconfont='entypo-fontello' title='' data-avia-related-tooltip='Compartir en Whatsapp' rel=\"noopener\"><span class='avia_hidden_link_text'>Compartir en Whatsapp<\/span><\/a><\/li><li class='av-share-link av-social-link-linkedin' ><a target=\"_blank\" aria-label=\"Compartir en LinkedIn\" href='https:\/\/linkedin.com\/shareArticle?mini=true&#038;title=PDI%20abre%20nuevo%20proceso%20para%20agentes%20policiales&#038;url=https:\/\/radiorevelacionfm.cl\/?p=53158' aria-hidden='false' data-av_icon='\ue8fc' data-av_iconfont='entypo-fontello' title='' data-avia-related-tooltip='Compartir en LinkedIn' rel=\"noopener\"><span class='avia_hidden_link_text'>Compartir en LinkedIn<\/span><\/a><\/li><li class='av-share-link av-social-link-mail' ><a  aria-label=\"Compartir por correo\" href='mailto:?subject=PDI%20abre%20nuevo%20proceso%20para%20agentes%20policiales&#038;body=https:\/\/radiorevelacionfm.cl\/?p=53158' aria-hidden='false' data-av_icon='\ue805' data-av_iconfont='entypo-fontello' title='' data-avia-related-tooltip='Compartir por correo'><span class='avia_hidden_link_text'>Compartir por correo<\/span><\/a><\/li><\/ul><\/div><\/div>\n<div  style='height:50px' class='hr hr-invisible   avia-builder-el-8  el_after_av_social_share  el_before_av_comments_list '><span class='hr-inner ' ><span class='hr-inner-style'><\/span><\/span><\/div>\n<div  class='av-buildercomment  av-blog-meta-html-info-disabled av-blog-meta-tag-disabled  '><\/div>\n","protected":false},"excerpt":{"rendered":"","protected":false},"author":1,"featured_media":53159,"comment_status":"closed","ping_status":"closed","sticky":false,"template":"","format":"standard","meta":{"footnotes":""},"categories":[61],"tags":[],"class_list":["post-53158","post","type-post","status-publish","format-standard","has-post-thumbnail","hentry","category-nacional"],"jetpack_featured_media_url":"https:\/\/radiorevelacionfm.cl\/wp-content\/uploads\/2025\/04\/cecapro-2026-003-1_optimized-1.jpeg","_links":{"self":[{"href":"https:\/\/radiorevelacionfm.cl\/index.php?rest_route=\/wp\/v2\/posts\/53158","targetHints":{"allow":["GET"]}}],"collection":[{"href":"https:\/\/radiorevelacionfm.cl\/index.php?rest_route=\/wp\/v2\/posts"}],"about":[{"href":"https:\/\/radiorevelacionfm.cl\/index.php?rest_route=\/wp\/v2\/types\/post"}],"author":[{"embeddable":true,"href":"https:\/\/radiorevelacionfm.cl\/index.php?rest_route=\/wp\/v2\/users\/1"}],"replies":[{"embeddable":true,"href":"https:\/\/radiorevelacionfm.cl\/index.php?rest_route=%2Fwp%2Fv2%2Fcomments&post=53158"}],"version-history":[{"count":2,"href":"https:\/\/radiorevelacionfm.cl\/index.php?rest_route=\/wp\/v2\/posts\/53158\/revisions"}],"predecessor-version":[{"id":53161,"href":"https:\/\/radiorevelacionfm.cl\/index.php?rest_route=\/wp\/v2\/posts\/53158\/revisions\/53161"}],"wp:featuredmedia":[{"embeddable":true,"href":"https:\/\/radiorevelacionfm.cl\/index.php?rest_route=\/wp\/v2\/media\/53159"}],"wp:attachment":[{"href":"https:\/\/radiorevelacionfm.cl\/index.php?rest_route=%2Fwp%2Fv2%2Fmedia&parent=53158"}],"wp:term":[{"taxonomy":"category","embeddable":true,"href":"https:\/\/radiorevelacionfm.cl\/index.php?rest_route=%2Fwp%2Fv2%2Fcategories&post=53158"},{"taxonomy":"post_tag","embeddable":true,"href":"https:\/\/radiorevelacionfm.cl\/index.php?rest_route=%2Fwp%2Fv2%2Ftags&post=53158"}],"curies":[{"name":"wp","href":"https:\/\/api.w.org\/{rel}","templated":true}]}}