{"id":53154,"date":"2025-04-27T15:19:52","date_gmt":"2025-04-27T18:19:52","guid":{"rendered":"https:\/\/radiorevelacionfm.cl\/?p=53154"},"modified":"2025-04-27T15:19:52","modified_gmt":"2025-04-27T18:19:52","slug":"senador-sandoval-los-temas-del-agro-van-a-seguir-siendo-importantes-para-el-desarrollo-de-nuestra-region","status":"publish","type":"post","link":"https:\/\/radiorevelacionfm.cl\/?p=53154","title":{"rendered":"Senador Sandoval: \u201cLos temas del agro van a seguir siendo importantes para el desarrollo de nuestra regi\u00f3n\u201d"},"content":{"rendered":"<div class=\"flex_column av_one_full  flex_column_div av-zero-column-padding first  avia-builder-el-0  el_before_av_one_full  avia-builder-el-first  \" style='border-radius:0px; '><div  class='avia-image-container  av-styling-    avia-builder-el-1  avia-builder-el-no-sibling  avia-align-center '  itemprop=\"image\" itemscope=\"itemscope\" itemtype=\"https:\/\/schema.org\/ImageObject\"  ><div class='avia-image-container-inner'><div class='avia-image-overlay-wrap'><img decoding=\"async\" class='wp-image-53155 avia-img-lazy-loading-not-53155 avia_image' src=\"https:\/\/radiorevelacionfm.cl\/wp-content\/uploads\/2025\/04\/SENADOR-SANDOVAL-27.04.2025-1-1.jpg\" alt='' title='SENADOR SANDOVAL 27.04.2025 (1) (1)' height=\"600\" width=\"900\"  itemprop=\"thumbnailUrl\" srcset=\"https:\/\/radiorevelacionfm.cl\/wp-content\/uploads\/2025\/04\/SENADOR-SANDOVAL-27.04.2025-1-1.jpg 900w, https:\/\/radiorevelacionfm.cl\/wp-content\/uploads\/2025\/04\/SENADOR-SANDOVAL-27.04.2025-1-1-300x200.jpg 300w, https:\/\/radiorevelacionfm.cl\/wp-content\/uploads\/2025\/04\/SENADOR-SANDOVAL-27.04.2025-1-1-768x512.jpg 768w, https:\/\/radiorevelacionfm.cl\/wp-content\/uploads\/2025\/04\/SENADOR-SANDOVAL-27.04.2025-1-1-705x470.jpg 705w, https:\/\/radiorevelacionfm.cl\/wp-content\/uploads\/2025\/04\/SENADOR-SANDOVAL-27.04.2025-1-1-450x300.jpg 450w, https:\/\/radiorevelacionfm.cl\/wp-content\/uploads\/2025\/04\/SENADOR-SANDOVAL-27.04.2025-1-1-600x400.jpg 600w\" sizes=\"(max-width: 900px) 100vw, 900px\" \/><\/div><\/div><\/div><\/div><div class=\"flex_column av_one_full  flex_column_div av-zero-column-padding first  avia-builder-el-2  el_after_av_one_full  el_before_av_one_full  column-top-margin\" style='border-radius:0px; '><section class=\"av_textblock_section \"  itemscope=\"itemscope\" itemtype=\"https:\/\/schema.org\/BlogPosting\" itemprop=\"blogPost\" ><div class='avia_textblock  '   itemprop=\"text\" ><p style=\"text-align: center;\"><span style=\"font-size: 18pt;\"><strong>Senador Sandoval: <\/strong><strong>\u201cLos temas del agro van a seguir siendo importantes para el desarrollo de nuestra regi\u00f3n\u201d<\/strong><\/span><\/p>\n<div id=\"gtx-trans\" style=\"position: absolute; left: -50px; top: 4.31534px;\">\n<div class=\"gtx-trans-icon\"><\/div>\n<\/div>\n<\/div><\/section><\/div><div class=\"flex_column av_one_full  flex_column_div av-zero-column-padding first  avia-builder-el-4  el_after_av_one_full  el_before_av_hr  column-top-margin\" style='border-radius:0px; '><section class=\"av_textblock_section \"  itemscope=\"itemscope\" itemtype=\"https:\/\/schema.org\/BlogPosting\" itemprop=\"blogPost\" ><div class='avia_textblock  '   itemprop=\"text\" ><p style=\"text-align: justify;\"><em>Parlamentario lament\u00f3 que en visita que realizar\u00e1 por estos d\u00edas a la zona el ministro de Agricultura Esteban Valenzuela, no existan anuncios concretos sobre las problem\u00e1ticas que enfrenta el sector en la regi\u00f3n.<\/em><\/p>\n<p style=\"text-align: justify;\">\u201cLa del ministro de Agricultura deber\u00eda ser una visita relevante para una regi\u00f3n como la nuestra, donde el campo, la agricultura, la horticultura, los temas de riego, son un sector absolutamente estrat\u00e9gico\u201d. As\u00ed lo se\u00f1al\u00f3 el senador David Sandoval al referirse a la visita que realizar\u00e1 el ministro de Agricultura Esteban Valenzuela a la regi\u00f3n de Ays\u00e9n este lunes y martes.<\/p>\n<p style=\"text-align: justify;\">Para el parlamentario esto tambi\u00e9n representaba una gran oportunidad para que las organizaciones del mundo ganadero y agr\u00edcolas pudieran reunirse con el Secretario de Estado y as\u00ed poder plantear los temas que preocupan, por lo cual lament\u00f3 que, dentro de las actividades que se han conocido que realizar\u00e1 en la zona, no se contemplen anuncios relevantes sobre las materias que inquietan a los productores locales.<\/p>\n<p style=\"text-align: justify;\">Sandoval record\u00f3 en particular el problema de la lana en la regi\u00f3n, para lo cual incluso se hab\u00eda formado una mesa de desarrollo ovino. \u201cEl problema del mercado de la lana sigue estando estancado\u201d, se\u00f1al\u00f3, enfatizando que se deber\u00edan dise\u00f1ar opciones alternativas para asumir el tema. \u201cToda la zona del Lago General Carrera, la zona sur de Chile Chico, es un sector eminentemente de vocaci\u00f3n estep\u00e1rica y donde las actividades ganaderas est\u00e1n estrecha e \u00edntimamente ligadas con la ganader\u00eda ovina\u201d, ejemplific\u00f3.<\/p>\n<p style=\"text-align: justify;\">\u201cHay urgencia de desarrollar alguna iniciativa innovadora respecto a este particular\u201d, agreg\u00f3, recalcando tambi\u00e9n que \u201cno hay mercado simplemente para la lana\u201d.<\/p>\n<p style=\"text-align: justify;\">Por otra parte, el legislador dijo valorar significativamente lo que han hecho las asociaciones gremiales, por ejemplo, en materia de riego. \u201cValoro los esfuerzos que se han hecho para tratar de generar algunas inversiones. El riego es un tema absolutamente esencial en este \u00e1mbito\u201d, subray\u00f3.<\/p>\n<p style=\"text-align: justify;\">Con todo, el parlamentario enfatiz\u00f3 que en Ays\u00e9n \u201ctodo lo que tiene que ver con el sector del agro, va a seguir siendo importante en la econom\u00eda de nuestra regi\u00f3n y muchos de nuestros vecinos viven precisamente de esta actividad\u201d, por lo cual insisti\u00f3 en la inquietud que existe por el tema lanar al no haber una v\u00eda expedita de mercado.<\/p>\n<p style=\"text-align: justify;\">Por ello dijo que \u201ces una pena que el ministro de Agricultura no abra una l\u00ednea de conexiones y comunicaci\u00f3n con el mundo del agro, de las organizaciones del agro en la regi\u00f3n\u201d, concluyendo que \u201cno todos los d\u00edas viene un ministro y si viene a la regi\u00f3n, bueno, que no sea solamente para hacer un saludo a la bandera, sino que para tratar de construir alguna idea para el desarrollo de nuestra que tanto se necesita\u201d.<\/p>\n<\/div><\/section><\/div><div  style='height:50px' class='hr hr-invisible   avia-builder-el-6  el_after_av_one_full  el_before_av_social_share '><span class='hr-inner ' ><span class='hr-inner-style'><\/span><\/span><\/div><\/p>\n<div  class='av-social-sharing-box  avia-builder-el-7  el_after_av_hr  el_before_av_hr  '><div class='av-share-box'><h5 class='av-share-link-description av-no-toc '>Compartir esta noticia<\/h5><ul class='av-share-box-list noLightbox'><li class='av-share-link av-social-link-facebook' ><a target=\"_blank\" aria-label=\"Compartir en Facebook\" href='https:\/\/www.facebook.com\/sharer.php?u=https:\/\/radiorevelacionfm.cl\/?p=53154&#038;t=Senador%20Sandoval%3A%20%E2%80%9CLos%20temas%20del%20agro%20van%20a%20seguir%20siendo%20importantes%20para%20el%20desarrollo%20de%20nuestra%20regi%C3%B3n%E2%80%9D' aria-hidden='false' data-av_icon='\ue8f3' data-av_iconfont='entypo-fontello' title='' data-avia-related-tooltip='Compartir en Facebook' rel=\"noopener\"><span class='avia_hidden_link_text'>Compartir en Facebook<\/span><\/a><\/li><li class='av-share-link av-social-link-twitter' ><a target=\"_blank\" aria-label=\"Compartir en Twitter\" href='https:\/\/twitter.com\/share?text=Senador%20Sandoval%3A%20%E2%80%9CLos%20temas%20del%20agro%20van%20a%20seguir%20siendo%20importantes%20para%20el%20desarrollo%20de%20nuestra%20regi%C3%B3n%E2%80%9D&#038;url=https:\/\/radiorevelacionfm.cl\/?p=53154' aria-hidden='false' data-av_icon='\ue8f1' data-av_iconfont='entypo-fontello' title='' data-avia-related-tooltip='Compartir en Twitter' rel=\"noopener\"><span class='avia_hidden_link_text'>Compartir en Twitter<\/span><\/a><\/li><li class='av-share-link av-social-link-whatsapp' ><a target=\"_blank\" aria-label=\"Compartir en Whatsapp\" href='https:\/\/api.whatsapp.com\/send?text=https:\/\/radiorevelacionfm.cl\/?p=53154' aria-hidden='false' data-av_icon='\uf232' data-av_iconfont='entypo-fontello' title='' data-avia-related-tooltip='Compartir en Whatsapp' rel=\"noopener\"><span class='avia_hidden_link_text'>Compartir en Whatsapp<\/span><\/a><\/li><li class='av-share-link av-social-link-linkedin' ><a target=\"_blank\" aria-label=\"Compartir en LinkedIn\" href='https:\/\/linkedin.com\/shareArticle?mini=true&#038;title=Senador%20Sandoval%3A%20%E2%80%9CLos%20temas%20del%20agro%20van%20a%20seguir%20siendo%20importantes%20para%20el%20desarrollo%20de%20nuestra%20regi%C3%B3n%E2%80%9D&#038;url=https:\/\/radiorevelacionfm.cl\/?p=53154' aria-hidden='false' data-av_icon='\ue8fc' data-av_iconfont='entypo-fontello' title='' data-avia-related-tooltip='Compartir en LinkedIn' rel=\"noopener\"><span class='avia_hidden_link_text'>Compartir en LinkedIn<\/span><\/a><\/li><li class='av-share-link av-social-link-mail' ><a  aria-label=\"Compartir por correo\" href='mailto:?subject=Senador%20Sandoval%3A%20%E2%80%9CLos%20temas%20del%20agro%20van%20a%20seguir%20siendo%20importantes%20para%20el%20desarrollo%20de%20nuestra%20regi%C3%B3n%E2%80%9D&#038;body=https:\/\/radiorevelacionfm.cl\/?p=53154' aria-hidden='false' data-av_icon='\ue805' data-av_iconfont='entypo-fontello' title='' data-avia-related-tooltip='Compartir por correo'><span class='avia_hidden_link_text'>Compartir por correo<\/span><\/a><\/li><\/ul><\/div><\/div>\n<div  style='height:50px' class='hr hr-invisible   avia-builder-el-8  el_after_av_social_share  el_before_av_comments_list '><span class='hr-inner ' ><span class='hr-inner-style'><\/span><\/span><\/div>\n<div  class='av-buildercomment  av-blog-meta-html-info-disabled av-blog-meta-tag-disabled  '><\/div>\n","protected":false},"excerpt":{"rendered":"","protected":false},"author":1,"featured_media":53155,"comment_status":"closed","ping_status":"closed","sticky":false,"template":"","format":"standard","meta":{"footnotes":""},"categories":[35],"tags":[],"class_list":["post-53154","post","type-post","status-publish","format-standard","has-post-thumbnail","hentry","category-politica"],"jetpack_featured_media_url":"https:\/\/radiorevelacionfm.cl\/wp-content\/uploads\/2025\/04\/SENADOR-SANDOVAL-27.04.2025-1-1.jpg","_links":{"self":[{"href":"https:\/\/radiorevelacionfm.cl\/index.php?rest_route=\/wp\/v2\/posts\/53154","targetHints":{"allow":["GET"]}}],"collection":[{"href":"https:\/\/radiorevelacionfm.cl\/index.php?rest_route=\/wp\/v2\/posts"}],"about":[{"href":"https:\/\/radiorevelacionfm.cl\/index.php?rest_route=\/wp\/v2\/types\/post"}],"author":[{"embeddable":true,"href":"https:\/\/radiorevelacionfm.cl\/index.php?rest_route=\/wp\/v2\/users\/1"}],"replies":[{"embeddable":true,"href":"https:\/\/radiorevelacionfm.cl\/index.php?rest_route=%2Fwp%2Fv2%2Fcomments&post=53154"}],"version-history":[{"count":2,"href":"https:\/\/radiorevelacionfm.cl\/index.php?rest_route=\/wp\/v2\/posts\/53154\/revisions"}],"predecessor-version":[{"id":53157,"href":"https:\/\/radiorevelacionfm.cl\/index.php?rest_route=\/wp\/v2\/posts\/53154\/revisions\/53157"}],"wp:featuredmedia":[{"embeddable":true,"href":"https:\/\/radiorevelacionfm.cl\/index.php?rest_route=\/wp\/v2\/media\/53155"}],"wp:attachment":[{"href":"https:\/\/radiorevelacionfm.cl\/index.php?rest_route=%2Fwp%2Fv2%2Fmedia&parent=53154"}],"wp:term":[{"taxonomy":"category","embeddable":true,"href":"https:\/\/radiorevelacionfm.cl\/index.php?rest_route=%2Fwp%2Fv2%2Fcategories&post=53154"},{"taxonomy":"post_tag","embeddable":true,"href":"https:\/\/radiorevelacionfm.cl\/index.php?rest_route=%2Fwp%2Fv2%2Ftags&post=53154"}],"curies":[{"name":"wp","href":"https:\/\/api.w.org\/{rel}","templated":true}]}}