{"id":53149,"date":"2025-04-27T15:06:39","date_gmt":"2025-04-27T18:06:39","guid":{"rendered":"https:\/\/radiorevelacionfm.cl\/?p=53149"},"modified":"2025-04-27T15:06:39","modified_gmt":"2025-04-27T18:06:39","slug":"presentan-plataforma-para-monitorear-inversion-publica-de-toda-la-region-de-aysen","status":"publish","type":"post","link":"https:\/\/radiorevelacionfm.cl\/?p=53149","title":{"rendered":"Presentan plataforma para monitorear inversi\u00f3n p\u00fablica de toda la regi\u00f3n de Ays\u00e9n"},"content":{"rendered":"<div class=\"flex_column av_one_full  flex_column_div av-zero-column-padding first  avia-builder-el-0  el_before_av_one_full  avia-builder-el-first  \" style='border-radius:0px; '><div  class='avia-image-container  av-styling-    avia-builder-el-1  avia-builder-el-no-sibling  avia-align-center '  itemprop=\"image\" itemscope=\"itemscope\" itemtype=\"https:\/\/schema.org\/ImageObject\"  ><div class='avia-image-container-inner'><div class='avia-image-overlay-wrap'><img decoding=\"async\" class='wp-image-53150 avia-img-lazy-loading-not-53150 avia_image' src=\"https:\/\/radiorevelacionfm.cl\/wp-content\/uploads\/2025\/04\/3-2025-04-27T143241.197-1-1.jpg\" alt='' title='3 - 2025-04-27T143241.197 (1) (1)' height=\"600\" width=\"906\"  itemprop=\"thumbnailUrl\" srcset=\"https:\/\/radiorevelacionfm.cl\/wp-content\/uploads\/2025\/04\/3-2025-04-27T143241.197-1-1.jpg 906w, https:\/\/radiorevelacionfm.cl\/wp-content\/uploads\/2025\/04\/3-2025-04-27T143241.197-1-1-300x199.jpg 300w, https:\/\/radiorevelacionfm.cl\/wp-content\/uploads\/2025\/04\/3-2025-04-27T143241.197-1-1-768x509.jpg 768w, https:\/\/radiorevelacionfm.cl\/wp-content\/uploads\/2025\/04\/3-2025-04-27T143241.197-1-1-705x467.jpg 705w, https:\/\/radiorevelacionfm.cl\/wp-content\/uploads\/2025\/04\/3-2025-04-27T143241.197-1-1-450x298.jpg 450w, https:\/\/radiorevelacionfm.cl\/wp-content\/uploads\/2025\/04\/3-2025-04-27T143241.197-1-1-600x397.jpg 600w\" sizes=\"(max-width: 906px) 100vw, 906px\" \/><\/div><\/div><\/div><\/div><div class=\"flex_column av_one_full  flex_column_div av-zero-column-padding first  avia-builder-el-2  el_after_av_one_full  el_before_av_one_full  column-top-margin\" style='border-radius:0px; '><section class=\"av_textblock_section \"  itemscope=\"itemscope\" itemtype=\"https:\/\/schema.org\/BlogPosting\" itemprop=\"blogPost\" ><div class='avia_textblock  '   itemprop=\"text\" ><p style=\"text-align: center;\"><strong><span style=\"font-size: 18pt;\">Presentan plataforma para monitorear inversi\u00f3n p\u00fablica de toda la regi\u00f3n de Ays\u00e9n<\/span><\/strong><\/p>\n<div id=\"gtx-trans\" style=\"position: absolute; left: -50px; top: 4.31534px;\">\n<div class=\"gtx-trans-icon\"><\/div>\n<\/div>\n<\/div><\/section><\/div><div class=\"flex_column av_one_full  flex_column_div av-zero-column-padding first  avia-builder-el-4  el_after_av_one_full  el_before_av_hr  column-top-margin\" style='border-radius:0px; '><section class=\"av_textblock_section \"  itemscope=\"itemscope\" itemtype=\"https:\/\/schema.org\/BlogPosting\" itemprop=\"blogPost\" ><div class='avia_textblock  '   itemprop=\"text\" ><p style=\"text-align: justify;\"><em>Se trata de una herramienta tecnol\u00f3gica, dise\u00f1ada por la C\u00e1mara Chilena de la Construcci\u00f3n y Corporaci\u00f3n Ciudades, que permite visualizar proyectos de inversi\u00f3n en\u00a0todo Chile. La plataforma contiene, <\/em><em>274 iniciativas de la regi\u00f3n de Ays\u00e9n.<\/em><\/p>\n<p style=\"text-align: justify;\">El 40% de los proyectos de inversi\u00f3n p\u00fablica que se presentaron entre 2013 y 2023 en la regi\u00f3n de Ays\u00e9n se construyeron. Este es uno de los datos que se puede obtener en la plataforma \u201cInversi\u00f3n en Ciudades\u201d que impulsan Corporaci\u00f3n Ciudades y la C\u00e1mara Chilena de la Construcci\u00f3n y que fue presentada en Coyhaique.<\/p>\n<p style=\"text-align: justify;\">Durante el lanzamiento se dio a conocer que de las 274 iniciativas ingresadas al Banco Integrado de Proyectos (BIP) del Estado en la regi\u00f3n de Ays\u00e9n, 85 de ellas (40%) fueron construidas; 109 (51%) no fueron construidas y 21(9%) desistidas. Sobre 59 proyectos, en tanto, no existe informaci\u00f3n de su estado actual.<\/p>\n<p style=\"text-align: justify;\">En Coyhaique, la plataforma fue presentada, ante actores locales, p\u00fablicos y privados por Mart\u00edn Andrade, director de Corporaci\u00f3n Ciudades, y Nicol\u00e1s Le\u00f3n, gerente de estudios y pol\u00edticas p\u00fablicas de la CChC, quienes esperan que este instrumento sea de utilidad tanto para las autoridades, como la ciudadan\u00eda.<\/p>\n<p style=\"text-align: justify;\">\u201cEstamos felices con este lanzamiento de la plataforma de inversi\u00f3n en ciudades y en Ays\u00e9n. Es in\u00e9dita y totalmente gratuita, y permite visualizar inversiones en ciudades en los \u00faltimos 10 a\u00f1os. Permite entender c\u00f3mo se ha invertido y c\u00f3mo se pretende invertir hacia adelante y por lo tanto, es una plataforma que propicia la coordinaci\u00f3n, la transparencia, las oportunidades de colaboraci\u00f3n p\u00fablico privada y, sobre todo, poder reflexionar y entender de qu\u00e9 forma podemos cambiar la vida de quienes m\u00e1s lo necesitan\u201d, indic\u00f3 Andrade. \u00a0as\u00ed que esperamos que esta plataforma.<\/p>\n<p style=\"text-align: justify;\">La plataforma <a href=\"http:\/\/www.inversionenciudades.cl\">www.inversionenciudades.cl<\/a> surge a partir de un estudio que desarroll\u00f3 la Corporaci\u00f3n Ciudades en cinco capitales regionales del pa\u00eds y que revel\u00f3 que solo el 12% de los proyectos p\u00fablicos se concentraban en zonas prioritarias de inversi\u00f3n. Esos datos se cruzaron y relacionaron con las investigaciones de la C\u00e1mara Chilena de la Construcci\u00f3n, que mostraron una baja correlaci\u00f3n entre localizaci\u00f3n de las inversiones y posibles criterios territoriales.<\/p>\n<p style=\"text-align: justify;\">\u201cLo que hace tambi\u00e9n, esta plataforma, es cruzar la inversi\u00f3n con otras variables, por ejemplo, cu\u00e1nto es la concentraci\u00f3n de poblaci\u00f3n o s\u00ed estas inversiones est\u00e1n llegando a la poblaci\u00f3n m\u00e1s vulnerable o a los lugares donde hay m\u00e1s brechas de bienestar territorial. Ese tipo de cruces y conversaciones se pueden tener. Son preguntas que se pueden revisar, por lo tanto, entregarle mayor informaci\u00f3n a la ciudadan\u00eda, para poder empoderarla, para poder trabajar y tomar decisiones\u201d, detall\u00f3 Nicol\u00e1s Le\u00f3n.<\/p>\n<p style=\"text-align: justify;\"><strong>Navegar en la plataforma <\/strong><\/p>\n<p style=\"text-align: justify;\">Quienes ingresen a esta herramienta pueden acceder a datos de proyectos espec\u00edficos como su nombre, c\u00f3digo BIP, etapa de evaluaci\u00f3n en el sistema, a\u00f1o presupuestario evaluado, costo, estado e instituciones responsables, entre otros datos.<\/p>\n<p style=\"text-align: justify;\">La plataforma presenta los proyectos divididos en cuatro grandes \u00e1reas: equipamiento, medioambiente, movilidad y seguridad y a ello, se suman indicadores de los barrios donde se proyectan las iniciativas, tales como densidad poblacional, tipos de unidades de vivienda, \u00edndice de caracterizaci\u00f3n territorial e \u00edndice de vulnerabilidad a nivel de manzana urbana censal.<\/p>\n<p style=\"text-align: justify;\">Una herramienta que, para la C\u00e1mara Chilena de la Construcci\u00f3n, sede Coyhaique, refleja lo que el gremio ha intentado hacer a nivel local desde hace m\u00e1s de 30 a\u00f1os, entregando informaci\u00f3n \u00fatil para la toma de decisiones de las autoridades, aportando al crecimiento de la regi\u00f3n.<\/p>\n<p style=\"text-align: justify;\">\u201cEsta plataforma transforma el dato a la informaci\u00f3n y esa es la relevancia de poder contar con antecedentes que nos ayuden a mejorar la toma de decisiones, las pol\u00edticas p\u00fablicas y finalmente, la calidad de vida de la gente. Esta herramienta refleja la visi\u00f3n que tiene la C\u00e1mara de trabajo colaborativo, de asociarse y desarrollar en conjunto con otras instituciones, informaci\u00f3n, datos y propuestas para el desarrollo de Ays\u00e9n\u201d, explic\u00f3 Pablo Carrasco, presidente de la CChC sede Coyhaique.<\/p>\n<p style=\"text-align: justify;\">La presentaci\u00f3n de este instrumento se desarroll\u00f3 en el Gobierno Regional de Ays\u00e9n, servicio que es un actor clave en la toma de decisiones y en la proyecci\u00f3n del crecimiento del territorio. Tal como lo destac\u00f3 N\u00e9stor Mera, administrador regional de este organismo.<\/p>\n<p style=\"text-align: justify;\">\u201cEstos espacios de encuentro, de di\u00e1logo, creo que son muy provechosos cuando se bien utilizan. Creo que, la posibilidad que tenemos y el potencial que tenemos como ciudad, como regi\u00f3n, es enorme. El d\u00eda de hoy, muchas de las cosas no tan positivas que estamos viviendo, son cosas que se dejaron de planificar hace muchos a\u00f1os atr\u00e1s, por ello tenemos que planificar hoy, para el Coyhaique y la regi\u00f3n queremos ma\u00f1ana\u201d, puntualiz\u00f3.<\/p>\n<p style=\"text-align: justify;\">El lanzamiento de la plataforma, adem\u00e1s de explicar c\u00f3mo se usa y qu\u00e9 datos se pueden obtener, contempl\u00f3 el desarrollo de un panel de di\u00e1logo, integrado por el alcalde de Coyhaique, Carlos Gatica; la seremi Vivienda y Urbanisno, Paulina Ruz; el administrador regional del GORE Ays\u00e9n, N\u00e9stor Mera; y el presidente de la CChC Coyhaique, Pablo Carrasco, quienes, bajo la moderaci\u00f3n del director ejecutivo de Corporaci\u00f3n Ciudades, hablaron en torno al trabajo que est\u00e1n desarrollando, las oportunidades de desarrollo y c\u00f3mo orientar las pol\u00edticas p\u00fablicas hacia el bienestar regional.<\/p>\n<p style=\"text-align: justify;\">El 48% de ellos se han construido, mientras que un 47% no se ha ejecutado. \u00bfHace cu\u00e1nto est\u00e1n en evaluaci\u00f3n? \u00bfQu\u00e9 requieren para avanzar? \u00bfY qu\u00e9 est\u00e1 ocurriendo con esas necesidades?, son parte de las respuestas que se pueden encontrar al visitar la plataforma.<\/p>\n<\/div><\/section><\/div><div  style='height:50px' class='hr hr-invisible   avia-builder-el-6  el_after_av_one_full  el_before_av_social_share '><span class='hr-inner ' ><span class='hr-inner-style'><\/span><\/span><\/div><\/p>\n<div  class='av-social-sharing-box  avia-builder-el-7  el_after_av_hr  el_before_av_hr  '><div class='av-share-box'><h5 class='av-share-link-description av-no-toc '>Compartir esta noticia<\/h5><ul class='av-share-box-list noLightbox'><li class='av-share-link av-social-link-facebook' ><a target=\"_blank\" aria-label=\"Compartir en Facebook\" href='https:\/\/www.facebook.com\/sharer.php?u=https:\/\/radiorevelacionfm.cl\/?p=53149&#038;t=Presentan%20plataforma%20para%20monitorear%20inversi%C3%B3n%20p%C3%BAblica%20de%20toda%20la%20regi%C3%B3n%20de%20Ays%C3%A9n' aria-hidden='false' data-av_icon='\ue8f3' data-av_iconfont='entypo-fontello' title='' data-avia-related-tooltip='Compartir en Facebook' rel=\"noopener\"><span class='avia_hidden_link_text'>Compartir en Facebook<\/span><\/a><\/li><li class='av-share-link av-social-link-twitter' ><a target=\"_blank\" aria-label=\"Compartir en Twitter\" href='https:\/\/twitter.com\/share?text=Presentan%20plataforma%20para%20monitorear%20inversi%C3%B3n%20p%C3%BAblica%20de%20toda%20la%20regi%C3%B3n%20de%20Ays%C3%A9n&#038;url=https:\/\/radiorevelacionfm.cl\/?p=53149' aria-hidden='false' data-av_icon='\ue8f1' data-av_iconfont='entypo-fontello' title='' data-avia-related-tooltip='Compartir en Twitter' rel=\"noopener\"><span class='avia_hidden_link_text'>Compartir en Twitter<\/span><\/a><\/li><li class='av-share-link av-social-link-whatsapp' ><a target=\"_blank\" aria-label=\"Compartir en Whatsapp\" href='https:\/\/api.whatsapp.com\/send?text=https:\/\/radiorevelacionfm.cl\/?p=53149' aria-hidden='false' data-av_icon='\uf232' data-av_iconfont='entypo-fontello' title='' data-avia-related-tooltip='Compartir en Whatsapp' rel=\"noopener\"><span class='avia_hidden_link_text'>Compartir en Whatsapp<\/span><\/a><\/li><li class='av-share-link av-social-link-linkedin' ><a target=\"_blank\" aria-label=\"Compartir en LinkedIn\" href='https:\/\/linkedin.com\/shareArticle?mini=true&#038;title=Presentan%20plataforma%20para%20monitorear%20inversi%C3%B3n%20p%C3%BAblica%20de%20toda%20la%20regi%C3%B3n%20de%20Ays%C3%A9n&#038;url=https:\/\/radiorevelacionfm.cl\/?p=53149' aria-hidden='false' data-av_icon='\ue8fc' data-av_iconfont='entypo-fontello' title='' data-avia-related-tooltip='Compartir en LinkedIn' rel=\"noopener\"><span class='avia_hidden_link_text'>Compartir en LinkedIn<\/span><\/a><\/li><li class='av-share-link av-social-link-mail' ><a  aria-label=\"Compartir por correo\" href='mailto:?subject=Presentan%20plataforma%20para%20monitorear%20inversi%C3%B3n%20p%C3%BAblica%20de%20toda%20la%20regi%C3%B3n%20de%20Ays%C3%A9n&#038;body=https:\/\/radiorevelacionfm.cl\/?p=53149' aria-hidden='false' data-av_icon='\ue805' data-av_iconfont='entypo-fontello' title='' data-avia-related-tooltip='Compartir por correo'><span class='avia_hidden_link_text'>Compartir por correo<\/span><\/a><\/li><\/ul><\/div><\/div>\n<div  style='height:50px' class='hr hr-invisible   avia-builder-el-8  el_after_av_social_share  el_before_av_comments_list '><span class='hr-inner ' ><span class='hr-inner-style'><\/span><\/span><\/div>\n<div  class='av-buildercomment  av-blog-meta-html-info-disabled av-blog-meta-tag-disabled  '><\/div>\n","protected":false},"excerpt":{"rendered":"","protected":false},"author":1,"featured_media":53150,"comment_status":"closed","ping_status":"closed","sticky":false,"template":"","format":"standard","meta":{"footnotes":""},"categories":[38],"tags":[],"class_list":["post-53149","post","type-post","status-publish","format-standard","has-post-thumbnail","hentry","category-regional"],"jetpack_featured_media_url":"https:\/\/radiorevelacionfm.cl\/wp-content\/uploads\/2025\/04\/3-2025-04-27T143241.197-1-1.jpg","_links":{"self":[{"href":"https:\/\/radiorevelacionfm.cl\/index.php?rest_route=\/wp\/v2\/posts\/53149","targetHints":{"allow":["GET"]}}],"collection":[{"href":"https:\/\/radiorevelacionfm.cl\/index.php?rest_route=\/wp\/v2\/posts"}],"about":[{"href":"https:\/\/radiorevelacionfm.cl\/index.php?rest_route=\/wp\/v2\/types\/post"}],"author":[{"embeddable":true,"href":"https:\/\/radiorevelacionfm.cl\/index.php?rest_route=\/wp\/v2\/users\/1"}],"replies":[{"embeddable":true,"href":"https:\/\/radiorevelacionfm.cl\/index.php?rest_route=%2Fwp%2Fv2%2Fcomments&post=53149"}],"version-history":[{"count":2,"href":"https:\/\/radiorevelacionfm.cl\/index.php?rest_route=\/wp\/v2\/posts\/53149\/revisions"}],"predecessor-version":[{"id":53153,"href":"https:\/\/radiorevelacionfm.cl\/index.php?rest_route=\/wp\/v2\/posts\/53149\/revisions\/53153"}],"wp:featuredmedia":[{"embeddable":true,"href":"https:\/\/radiorevelacionfm.cl\/index.php?rest_route=\/wp\/v2\/media\/53150"}],"wp:attachment":[{"href":"https:\/\/radiorevelacionfm.cl\/index.php?rest_route=%2Fwp%2Fv2%2Fmedia&parent=53149"}],"wp:term":[{"taxonomy":"category","embeddable":true,"href":"https:\/\/radiorevelacionfm.cl\/index.php?rest_route=%2Fwp%2Fv2%2Fcategories&post=53149"},{"taxonomy":"post_tag","embeddable":true,"href":"https:\/\/radiorevelacionfm.cl\/index.php?rest_route=%2Fwp%2Fv2%2Ftags&post=53149"}],"curies":[{"name":"wp","href":"https:\/\/api.w.org\/{rel}","templated":true}]}}