{"id":53139,"date":"2025-04-25T20:03:20","date_gmt":"2025-04-25T23:03:20","guid":{"rendered":"https:\/\/radiorevelacionfm.cl\/?p=53139"},"modified":"2025-04-25T20:03:20","modified_gmt":"2025-04-25T23:03:20","slug":"centro-de-montana-el-fraile-ya-cuenta-con-nueva-administracion","status":"publish","type":"post","link":"https:\/\/radiorevelacionfm.cl\/?p=53139","title":{"rendered":"Centro de Monta\u00f1a \u00abEl Fraile\u00bb ya cuenta con nueva administraci\u00f3n"},"content":{"rendered":"<div class=\"flex_column av_one_full  flex_column_div av-zero-column-padding first  avia-builder-el-0  el_before_av_one_full  avia-builder-el-first  \" style='border-radius:0px; '><div  class='avia-image-container  av-styling-    avia-builder-el-1  avia-builder-el-no-sibling  avia-align-center '  itemprop=\"image\" itemscope=\"itemscope\" itemtype=\"https:\/\/schema.org\/ImageObject\"  ><div class='avia-image-container-inner'><div class='avia-image-overlay-wrap'><img decoding=\"async\" class='wp-image-53142 avia-img-lazy-loading-not-53142 avia_image' src=\"https:\/\/radiorevelacionfm.cl\/wp-content\/uploads\/2025\/04\/El-Fraile2-1-1.jpg\" alt='' title='El Fraile2 (1) (1)' height=\"600\" width=\"800\"  itemprop=\"thumbnailUrl\" srcset=\"https:\/\/radiorevelacionfm.cl\/wp-content\/uploads\/2025\/04\/El-Fraile2-1-1.jpg 800w, https:\/\/radiorevelacionfm.cl\/wp-content\/uploads\/2025\/04\/El-Fraile2-1-1-300x225.jpg 300w, https:\/\/radiorevelacionfm.cl\/wp-content\/uploads\/2025\/04\/El-Fraile2-1-1-768x576.jpg 768w, https:\/\/radiorevelacionfm.cl\/wp-content\/uploads\/2025\/04\/El-Fraile2-1-1-705x529.jpg 705w, https:\/\/radiorevelacionfm.cl\/wp-content\/uploads\/2025\/04\/El-Fraile2-1-1-450x338.jpg 450w, https:\/\/radiorevelacionfm.cl\/wp-content\/uploads\/2025\/04\/El-Fraile2-1-1-600x450.jpg 600w\" sizes=\"(max-width: 800px) 100vw, 800px\" \/><\/div><\/div><\/div><\/div><div class=\"flex_column av_one_full  flex_column_div av-zero-column-padding first  avia-builder-el-2  el_after_av_one_full  el_before_av_one_full  column-top-margin\" style='border-radius:0px; '><section class=\"av_textblock_section \"  itemscope=\"itemscope\" itemtype=\"https:\/\/schema.org\/BlogPosting\" itemprop=\"blogPost\" ><div class='avia_textblock  '   itemprop=\"text\" ><p style=\"text-align: center;\"><strong><span style=\"font-size: 18pt;\">Centro de Monta\u00f1a \u00abEl Fraile\u00bb ya cuenta con nueva administraci\u00f3n<\/span><\/strong><\/p>\n<div id=\"gtx-trans\" style=\"position: absolute; left: -50px; top: 4.31534px;\">\n<div class=\"gtx-trans-icon\"><\/div>\n<\/div>\n<\/div><\/section><\/div><\/p>\n<div class=\"flex_column av_one_full  flex_column_div av-zero-column-padding first  avia-builder-el-4  el_after_av_one_full  el_before_av_hr  column-top-margin\" style='border-radius:0px; '><section class=\"av_textblock_section \"  itemscope=\"itemscope\" itemtype=\"https:\/\/schema.org\/BlogPosting\" itemprop=\"blogPost\" ><div class='avia_textblock  '   itemprop=\"text\" ><p class=\"v1MsoNormal\" style=\"text-align: justify;\"><em>En la oficinas de la Direcci\u00f3n Regional del IND, en la ciudad de Coyhaique, se realiz\u00f3 la firma del convenio de comodato entre la Corporaci\u00f3n Municipal de Deportes y Recreaci\u00f3n de Coyhaique y el Instituto Nacional de Deportes, estableciendo de esta forma el pr\u00e9stamo de uso del inmueble para dedicarlo por entero a la actividad deportiva, recreativa y\/o tur\u00edstica de la comunidad y las organizaciones existentes en el sector que para estos mismos fines lo requieran.<\/em><b><\/b><\/p>\n<p class=\"v1MsoNormal\" style=\"text-align: justify;\">A trav\u00e9s de este convenio, \u00a0las autoridades del deporte de la regi\u00f3n de Ays\u00e9n esperan dar un nuevo impulso a los deportes y actividades realizadas al aire libre y en entornos naturales de este\u00a0inmueble fiscal de 782,41 hect\u00e1reas.<\/p>\n<p class=\"v1MsoNormal\" style=\"text-align: justify;\">Al respecto, la \u00a0Seremi del Deporte, Mar\u00eda Eugenia Dur\u00e1n Jara precis\u00f3\u00a0<i>que \u00ab<\/i><i>Hoy damos un paso clave, ya que, dos instituciones se unen para responder a la ciudadan\u00eda que espera m\u00e1s y mejores espacios para la actividad f\u00edsica. Nosotros, el Ministerio del Deporte a trav\u00e9s del IND, entregamos por 5 a\u00f1os el Centro de Monta\u00f1a El Fraile a la Corporaci\u00f3n Municipal de\u00a0Deportes de Coyhaique, para fortalecer el enfoque deportivo, social y tur\u00edstico de este emblem\u00e1tico recinto. Y, no nos quedamos ah\u00ed, pues seguimos y seguiremos trabajando en la concesi\u00f3n de largo plazo para transformar este complejo, en el Centro de Actividades de Monta\u00f1a, que la regi\u00f3n se merece.\u00bb<\/i><i>\u00a0<\/i><\/p>\n<p class=\"v1MsoNormal\" style=\"text-align: justify;\">En tanto, Carlos Gatica Villegas, Alcalde y Presidente de la Corporaci\u00f3n Municipal de Deportes y Recreaci\u00f3n de Coyhaique, se\u00f1al\u00f3:\u00a0<i>\u00abHoy hemos firmado el convenio donde la Corporaci\u00f3n Municipal de Deportes en conjunto con IND acuerdan que va a ser la el Municipio a trav\u00e9s de su Corporaci\u00f3n quien va administrar el centro de monta\u00f1a El Fraile, lo que va a permitir\u00a0 generar como municipio una inversi\u00f3n inicial de 250 millones\u00a0 que por un lado es un gran desaf\u00edo porque\u00a0 nos estamos tomando en serio esto, que exista un cambio real y que sea positivo para la gente, que funcione bien \u00a0y que adem\u00e1s est\u00e9 en las mejores condiciones, pero el otro desaf\u00edo es c\u00f3mo estos 250 millones se valoran y la inversi\u00f3n se rentabiliza\u00a0 socialmente para nuestros vecinos, que podamos democratizar\u00a0 el centro de monta\u00f1a\u00a0 y que los vecinos puedan acceder a le, generando actividades para\u00a0 distintos grupos como adultos mayores, personas en situaci\u00f3n de discapacidad, para nuestro j\u00f3venes y ni\u00f1os y para todos quienes quieran acceder al Fraile<\/i>\u00ab.<\/p>\n<p class=\"v1MsoNormal\" style=\"text-align: justify;\">Por su parte, Javier Medina Mella, Director Regional del Instituto Nacional de Deportes, afirm\u00f3 que \u00ab<i>Esta tarde estamos formalizando un proceso de trabajo con la Municipalidad de Coyhaique donde logramos concretar la Administraci\u00f3n del Centro y hoy con la firma del acta hacemos entrega oficial de la Administraci\u00f3n del recinto deportivo a la Corporaci\u00f3n de Deportes convenio que tendr\u00e1 una vigencia de 5 a\u00f1os, les deseamos el mayor de los \u00e9xitos en su gesti\u00f3n y como Instituto estaremos disponibles para colaborar y apoyar en este proceso.\u00bb<\/i><\/p>\n<p class=\"v1MsoNormal\" style=\"text-align: justify;\">La institucionalidad deportiva, a trav\u00e9s de la firma de este convenio, busca garantizar que el Centro de Monta\u00f1a de IND,\u00a0 cuente con una administraci\u00f3n que refuerce el car\u00e1cter social,\u00a0 democratizando el acceso a la actividad f\u00edsica en la naturaleza y a los deportes de monta\u00f1a.<\/p>\n<\/div><\/section><\/div>\n<div  style='height:50px' class='hr hr-invisible   avia-builder-el-6  el_after_av_one_full  el_before_av_social_share '><span class='hr-inner ' ><span class='hr-inner-style'><\/span><\/span><\/div>\n<div  class='av-social-sharing-box  avia-builder-el-7  el_after_av_hr  el_before_av_hr  '><div class='av-share-box'><h5 class='av-share-link-description av-no-toc '>Compartir esta noticia<\/h5><ul class='av-share-box-list noLightbox'><li class='av-share-link av-social-link-facebook' ><a target=\"_blank\" aria-label=\"Compartir en Facebook\" href='https:\/\/www.facebook.com\/sharer.php?u=https:\/\/radiorevelacionfm.cl\/?p=53139&#038;t=Centro%20de%20Monta%C3%B1a%20%C2%ABEl%20Fraile%C2%BB%20ya%20cuenta%20con%20nueva%20administraci%C3%B3n' aria-hidden='false' data-av_icon='\ue8f3' data-av_iconfont='entypo-fontello' title='' data-avia-related-tooltip='Compartir en Facebook' rel=\"noopener\"><span class='avia_hidden_link_text'>Compartir en Facebook<\/span><\/a><\/li><li class='av-share-link av-social-link-twitter' ><a target=\"_blank\" aria-label=\"Compartir en Twitter\" href='https:\/\/twitter.com\/share?text=Centro%20de%20Monta%C3%B1a%20%C2%ABEl%20Fraile%C2%BB%20ya%20cuenta%20con%20nueva%20administraci%C3%B3n&#038;url=https:\/\/radiorevelacionfm.cl\/?p=53139' aria-hidden='false' data-av_icon='\ue8f1' data-av_iconfont='entypo-fontello' title='' data-avia-related-tooltip='Compartir en Twitter' rel=\"noopener\"><span class='avia_hidden_link_text'>Compartir en Twitter<\/span><\/a><\/li><li class='av-share-link av-social-link-whatsapp' ><a target=\"_blank\" aria-label=\"Compartir en Whatsapp\" href='https:\/\/api.whatsapp.com\/send?text=https:\/\/radiorevelacionfm.cl\/?p=53139' aria-hidden='false' data-av_icon='\uf232' data-av_iconfont='entypo-fontello' title='' data-avia-related-tooltip='Compartir en Whatsapp' rel=\"noopener\"><span class='avia_hidden_link_text'>Compartir en Whatsapp<\/span><\/a><\/li><li class='av-share-link av-social-link-linkedin' ><a target=\"_blank\" aria-label=\"Compartir en LinkedIn\" href='https:\/\/linkedin.com\/shareArticle?mini=true&#038;title=Centro%20de%20Monta%C3%B1a%20%C2%ABEl%20Fraile%C2%BB%20ya%20cuenta%20con%20nueva%20administraci%C3%B3n&#038;url=https:\/\/radiorevelacionfm.cl\/?p=53139' aria-hidden='false' data-av_icon='\ue8fc' data-av_iconfont='entypo-fontello' title='' data-avia-related-tooltip='Compartir en LinkedIn' rel=\"noopener\"><span class='avia_hidden_link_text'>Compartir en LinkedIn<\/span><\/a><\/li><li class='av-share-link av-social-link-mail' ><a  aria-label=\"Compartir por correo\" href='mailto:?subject=Centro%20de%20Monta%C3%B1a%20%C2%ABEl%20Fraile%C2%BB%20ya%20cuenta%20con%20nueva%20administraci%C3%B3n&#038;body=https:\/\/radiorevelacionfm.cl\/?p=53139' aria-hidden='false' data-av_icon='\ue805' data-av_iconfont='entypo-fontello' title='' data-avia-related-tooltip='Compartir por correo'><span class='avia_hidden_link_text'>Compartir por correo<\/span><\/a><\/li><\/ul><\/div><\/div>\n<div  style='height:50px' class='hr hr-invisible   avia-builder-el-8  el_after_av_social_share  el_before_av_comments_list '><span class='hr-inner ' ><span class='hr-inner-style'><\/span><\/span><\/div>\n<div  class='av-buildercomment  av-blog-meta-html-info-disabled av-blog-meta-tag-disabled  '><\/div>\n","protected":false},"excerpt":{"rendered":"","protected":false},"author":1,"featured_media":53142,"comment_status":"closed","ping_status":"closed","sticky":false,"template":"","format":"standard","meta":{"footnotes":""},"categories":[40],"tags":[],"class_list":["post-53139","post","type-post","status-publish","format-standard","has-post-thumbnail","hentry","category-deportes"],"jetpack_featured_media_url":"https:\/\/radiorevelacionfm.cl\/wp-content\/uploads\/2025\/04\/El-Fraile2-1-1.jpg","_links":{"self":[{"href":"https:\/\/radiorevelacionfm.cl\/index.php?rest_route=\/wp\/v2\/posts\/53139","targetHints":{"allow":["GET"]}}],"collection":[{"href":"https:\/\/radiorevelacionfm.cl\/index.php?rest_route=\/wp\/v2\/posts"}],"about":[{"href":"https:\/\/radiorevelacionfm.cl\/index.php?rest_route=\/wp\/v2\/types\/post"}],"author":[{"embeddable":true,"href":"https:\/\/radiorevelacionfm.cl\/index.php?rest_route=\/wp\/v2\/users\/1"}],"replies":[{"embeddable":true,"href":"https:\/\/radiorevelacionfm.cl\/index.php?rest_route=%2Fwp%2Fv2%2Fcomments&post=53139"}],"version-history":[{"count":3,"href":"https:\/\/radiorevelacionfm.cl\/index.php?rest_route=\/wp\/v2\/posts\/53139\/revisions"}],"predecessor-version":[{"id":53144,"href":"https:\/\/radiorevelacionfm.cl\/index.php?rest_route=\/wp\/v2\/posts\/53139\/revisions\/53144"}],"wp:featuredmedia":[{"embeddable":true,"href":"https:\/\/radiorevelacionfm.cl\/index.php?rest_route=\/wp\/v2\/media\/53142"}],"wp:attachment":[{"href":"https:\/\/radiorevelacionfm.cl\/index.php?rest_route=%2Fwp%2Fv2%2Fmedia&parent=53139"}],"wp:term":[{"taxonomy":"category","embeddable":true,"href":"https:\/\/radiorevelacionfm.cl\/index.php?rest_route=%2Fwp%2Fv2%2Fcategories&post=53139"},{"taxonomy":"post_tag","embeddable":true,"href":"https:\/\/radiorevelacionfm.cl\/index.php?rest_route=%2Fwp%2Fv2%2Ftags&post=53139"}],"curies":[{"name":"wp","href":"https:\/\/api.w.org\/{rel}","templated":true}]}}