{"id":53133,"date":"2025-04-26T12:32:40","date_gmt":"2025-04-26T15:32:40","guid":{"rendered":"https:\/\/radiorevelacionfm.cl\/?p=53133"},"modified":"2025-04-26T12:32:40","modified_gmt":"2025-04-26T15:32:40","slug":"hacen-llamado-a-vacunarse-ante-inminente-aumento-de-circulacion-de-virus-respiratorios-las-proximas-semanas","status":"publish","type":"post","link":"https:\/\/radiorevelacionfm.cl\/?p=53133","title":{"rendered":"Hacen llamado a vacunarse ante inminente aumento de circulaci\u00f3n de virus respiratorios las pr\u00f3ximas semanas"},"content":{"rendered":"<div class=\"flex_column av_one_full  flex_column_div av-zero-column-padding first  avia-builder-el-0  el_before_av_one_full  avia-builder-el-first  \" style='border-radius:0px; '><div  class='avia-image-container  av-styling-    avia-builder-el-1  avia-builder-el-no-sibling  avia-align-center '  itemprop=\"image\" itemscope=\"itemscope\" itemtype=\"https:\/\/schema.org\/ImageObject\"  ><div class='avia-image-container-inner'><div class='avia-image-overlay-wrap'><img decoding=\"async\" class='wp-image-53134 avia-img-lazy-loading-not-53134 avia_image' src=\"https:\/\/radiorevelacionfm.cl\/wp-content\/uploads\/2025\/04\/coy-vac-1-1-1-1.jpeg\" alt='' title='coy vac (1) (1) (1) (1)' height=\"600\" width=\"800\"  itemprop=\"thumbnailUrl\" srcset=\"https:\/\/radiorevelacionfm.cl\/wp-content\/uploads\/2025\/04\/coy-vac-1-1-1-1.jpeg 800w, https:\/\/radiorevelacionfm.cl\/wp-content\/uploads\/2025\/04\/coy-vac-1-1-1-1-300x225.jpeg 300w, https:\/\/radiorevelacionfm.cl\/wp-content\/uploads\/2025\/04\/coy-vac-1-1-1-1-768x576.jpeg 768w, https:\/\/radiorevelacionfm.cl\/wp-content\/uploads\/2025\/04\/coy-vac-1-1-1-1-705x529.jpeg 705w, https:\/\/radiorevelacionfm.cl\/wp-content\/uploads\/2025\/04\/coy-vac-1-1-1-1-450x338.jpeg 450w, https:\/\/radiorevelacionfm.cl\/wp-content\/uploads\/2025\/04\/coy-vac-1-1-1-1-600x450.jpeg 600w\" sizes=\"(max-width: 800px) 100vw, 800px\" \/><\/div><\/div><\/div><\/div><div class=\"flex_column av_one_full  flex_column_div av-zero-column-padding first  avia-builder-el-2  el_after_av_one_full  el_before_av_one_full  column-top-margin\" style='border-radius:0px; '><section class=\"av_textblock_section \"  itemscope=\"itemscope\" itemtype=\"https:\/\/schema.org\/BlogPosting\" itemprop=\"blogPost\" ><div class='avia_textblock  '   itemprop=\"text\" ><p style=\"text-align: center;\"><span style=\"font-size: 18pt;\"><b>Hacen llamado a vacunarse ante inminente aumento de circulaci\u00f3n de virus respiratorios las pr\u00f3ximas semanas<\/b><\/span><\/p>\n<div id=\"gtx-trans\" style=\"position: absolute; left: -50px; top: 4.31534px;\">\n<div class=\"gtx-trans-icon\"><\/div>\n<\/div>\n<\/div><\/section><\/div><div class=\"flex_column av_one_full  flex_column_div av-zero-column-padding first  avia-builder-el-4  el_after_av_one_full  el_before_av_hr  column-top-margin\" style='border-radius:0px; '><section class=\"av_textblock_section \"  itemscope=\"itemscope\" itemtype=\"https:\/\/schema.org\/BlogPosting\" itemprop=\"blogPost\" ><div class='avia_textblock  '   itemprop=\"text\" ><p class=\"v1MsoNormal\" style=\"text-align: justify;\"><em>\u00abLos invito a vacunarse, gracias a eso no me enfermo en invierno y no tengo inconvenientes\u00bb, enfatiz\u00f3 Mariela Cumi\u00e1n quien se vacuna sagradamente cada a\u00f1o y ha podido ver los resultados de mantener su esquema de inmunizaciones al d\u00eda.<\/em><\/p>\n<p class=\"v1MsoNormal\" style=\"text-align: justify;\">La vacunaci\u00f3n sigue siendo una de las herramientas m\u00e1s efectivas para cuidar la salud nuestra y de los dem\u00e1s.<\/p>\n<p class=\"v1MsoNormal\" style=\"text-align: justify;\">Por eso cada a\u00f1o son miles de personas que en Ays\u00e9n deciden vacunarse y estar preparados para enfrentar los virus respiratorios y reducir sus molestas consecuencias.<\/p>\n<p class=\"v1MsoNormal\" style=\"text-align: justify;\">Mariela Cumi\u00e1n, regularmente y cada a\u00f1o se vacuna contra la influenza y el COVID 19. Para ella esta inmunizaci\u00f3n le ha permitido sortear sin sobresaltos los duros inviernos patag\u00f3nicos. \u00abEs muy importante la vacunaci\u00f3n, eso me ha permitido no enfermarme y no he tenido ning\u00fan inconveniente, sino todo lo contrario, me he resfriado menos y me he sentido mejor despu\u00e9s de la vacuna y los incentivo a vacunarse, hay varios puntos de vacunaci\u00f3n en el hospital, los consultorios y los invito a que hagan esto de vacunarse antes que llegue el invierno, porque despu\u00e9s viene tiempo m\u00e1s malo, pero uno ya est\u00e1 con ese refuerzo que nos da la vacuna, por eso los invito a vacunarse\u00bb La importancia de la vacunaci\u00f3n contra la influenza y el COVID-19 para proteger nuestra salud<\/p>\n<p class=\"v1MsoNormal\" style=\"text-align: justify;\">Cabe se\u00f1alar que la influenza y el COVID-19 son enfermedades que pueden tener consecuencias graves, especialmente para los grupos m\u00e1s vulnerables, como adultos mayores, ni\u00f1os y personas con condiciones de salud preexistentes.<\/p>\n<p class=\"v1MsoNormal\" style=\"text-align: justify;\">Para las pr\u00f3ximas semanas se espera un aumento de la circulaci\u00f3n del virus de la influenza, que coincide entre la \u00faltima semana de abril y las primeras del mes de mayo.<\/p>\n<p class=\"v1MsoNormal\" style=\"text-align: justify;\">\u00abEsta vacuna es hist\u00f3rica, segura y efectiva y la mejor herramienta para evitar complicaciones serias y en caso graves incluso la muerte en los grupos m\u00e1s vulnerables. Est\u00e1n todos los centros de salud habilitados con vacunatorio y se puede acercar si es parte de alg\u00fan grupo objetivo, como personas cr\u00f3nicas , mayor de 65 a\u00f1os, personal de salud tanto p\u00fablico como privado, trabajadores av\u00edcolas, a prop\u00f3sito que hay un aumento mundial de la influencia aviar y tambi\u00e9n personas que cuiden a mayores y las estrategias est\u00e1n despegadas igualmente en los colegios de primero a quinto b\u00e1sico\u00bb, manifest\u00f3 Karla Montenegro, parte del equipo de epidemiolog\u00eda del Servicio de Salud Ays\u00e9n.<\/p>\n<p class=\"v1MsoNormal\" style=\"text-align: justify;\">Es importante recordar que ambas vacunas, tanto contra la influenza como el COVID 19 son seguras y eficaces, y que su aplicaci\u00f3n forma parte del Plan Nacional de Inmunizaciones del Ministerio de Salud. La vacunaci\u00f3n fortalece la salud p\u00fablica y ayuda a evitar la sobrecarga a la Red Asistencial.<\/p>\n<p class=\"v1MsoNormal\" style=\"text-align: justify;\">La importancia de la vacunaci\u00f3n contra la influenza y el COVID-19 para proteger nuestra salud es un hecho demostrado y que ayuda a reducir la gravedad de los s\u00edntomas, previene hospitalizaciones y disminuye la transmisi\u00f3n del virus en la comunidad.<\/p>\n<p class=\"v1MsoNormal\" style=\"text-align: justify;\">\u00abMi rol principal es la gesti\u00f3n, asesoramiento y coordinaci\u00f3n con los equipos de vacunaci\u00f3n en cada establecimiento de nuestra Red asistencial, cautelando de que tengan la capacitaci\u00f3n y actualizaci\u00f3n necesaria para entregar una vacunaci\u00f3n de calidad y bajo toda la normativa que asegure que usted puede recibir una adecuada vacunaci\u00f3n. Recordar que en este tiempo estamos todos en acci\u00f3n por la vacunaci\u00f3n\u00bb, asegur\u00f3 Leandra Aguilar, referente del Programa Nacional de Inmunizaciones (PNI).<\/p>\n<p class=\"v1MsoNormal\" style=\"text-align: justify;\">Por su parte, la vacuna contra el COVID-19 ha demostrado ser fundamental para reducir el riesgo de enfermedad grave, hospitalizaci\u00f3n y muerte, adem\u00e1s de contribuir a la inmunidad colectiva o \u00abde reba\u00f1o\u00bb.<\/p>\n<p class=\"v1MsoNormal\" style=\"text-align: justify;\">De esta manera desde el Servicio de Salud Ays\u00e9n invitaron a toda la poblaci\u00f3n a acudir a los centros de vacunaci\u00f3n y aprovechar esta campa\u00f1a totalmente gratuita.<\/p>\n<\/div><\/section><\/div><div  style='height:50px' class='hr hr-invisible   avia-builder-el-6  el_after_av_one_full  el_before_av_social_share '><span class='hr-inner ' ><span class='hr-inner-style'><\/span><\/span><\/div><\/p>\n<div  class='av-social-sharing-box  avia-builder-el-7  el_after_av_hr  el_before_av_hr  '><div class='av-share-box'><h5 class='av-share-link-description av-no-toc '>Compartir esta noticia<\/h5><ul class='av-share-box-list noLightbox'><li class='av-share-link av-social-link-facebook' ><a target=\"_blank\" aria-label=\"Compartir en Facebook\" href='https:\/\/www.facebook.com\/sharer.php?u=https:\/\/radiorevelacionfm.cl\/?p=53133&#038;t=Hacen%20llamado%20a%20vacunarse%20ante%20inminente%20aumento%20de%20circulaci%C3%B3n%20de%20virus%20respiratorios%20las%20pr%C3%B3ximas%20semanas' aria-hidden='false' data-av_icon='\ue8f3' data-av_iconfont='entypo-fontello' title='' data-avia-related-tooltip='Compartir en Facebook' rel=\"noopener\"><span class='avia_hidden_link_text'>Compartir en Facebook<\/span><\/a><\/li><li class='av-share-link av-social-link-twitter' ><a target=\"_blank\" aria-label=\"Compartir en Twitter\" href='https:\/\/twitter.com\/share?text=Hacen%20llamado%20a%20vacunarse%20ante%20inminente%20aumento%20de%20circulaci%C3%B3n%20de%20virus%20respiratorios%20las%20pr%C3%B3ximas%20semanas&#038;url=https:\/\/radiorevelacionfm.cl\/?p=53133' aria-hidden='false' data-av_icon='\ue8f1' data-av_iconfont='entypo-fontello' title='' data-avia-related-tooltip='Compartir en Twitter' rel=\"noopener\"><span class='avia_hidden_link_text'>Compartir en Twitter<\/span><\/a><\/li><li class='av-share-link av-social-link-whatsapp' ><a target=\"_blank\" aria-label=\"Compartir en Whatsapp\" href='https:\/\/api.whatsapp.com\/send?text=https:\/\/radiorevelacionfm.cl\/?p=53133' aria-hidden='false' data-av_icon='\uf232' data-av_iconfont='entypo-fontello' title='' data-avia-related-tooltip='Compartir en Whatsapp' rel=\"noopener\"><span class='avia_hidden_link_text'>Compartir en Whatsapp<\/span><\/a><\/li><li class='av-share-link av-social-link-linkedin' ><a target=\"_blank\" aria-label=\"Compartir en LinkedIn\" href='https:\/\/linkedin.com\/shareArticle?mini=true&#038;title=Hacen%20llamado%20a%20vacunarse%20ante%20inminente%20aumento%20de%20circulaci%C3%B3n%20de%20virus%20respiratorios%20las%20pr%C3%B3ximas%20semanas&#038;url=https:\/\/radiorevelacionfm.cl\/?p=53133' aria-hidden='false' data-av_icon='\ue8fc' data-av_iconfont='entypo-fontello' title='' data-avia-related-tooltip='Compartir en LinkedIn' rel=\"noopener\"><span class='avia_hidden_link_text'>Compartir en LinkedIn<\/span><\/a><\/li><li class='av-share-link av-social-link-mail' ><a  aria-label=\"Compartir por correo\" href='mailto:?subject=Hacen%20llamado%20a%20vacunarse%20ante%20inminente%20aumento%20de%20circulaci%C3%B3n%20de%20virus%20respiratorios%20las%20pr%C3%B3ximas%20semanas&#038;body=https:\/\/radiorevelacionfm.cl\/?p=53133' aria-hidden='false' data-av_icon='\ue805' data-av_iconfont='entypo-fontello' title='' data-avia-related-tooltip='Compartir por correo'><span class='avia_hidden_link_text'>Compartir por correo<\/span><\/a><\/li><\/ul><\/div><\/div>\n<div  style='height:50px' class='hr hr-invisible   avia-builder-el-8  el_after_av_social_share  el_before_av_comments_list '><span class='hr-inner ' ><span class='hr-inner-style'><\/span><\/span><\/div>\n<div  class='av-buildercomment  av-blog-meta-html-info-disabled av-blog-meta-tag-disabled  '><\/div>\n","protected":false},"excerpt":{"rendered":"","protected":false},"author":1,"featured_media":53134,"comment_status":"closed","ping_status":"closed","sticky":false,"template":"","format":"standard","meta":{"footnotes":""},"categories":[46],"tags":[],"class_list":["post-53133","post","type-post","status-publish","format-standard","has-post-thumbnail","hentry","category-salud"],"jetpack_featured_media_url":"https:\/\/radiorevelacionfm.cl\/wp-content\/uploads\/2025\/04\/coy-vac-1-1-1-1.jpeg","_links":{"self":[{"href":"https:\/\/radiorevelacionfm.cl\/index.php?rest_route=\/wp\/v2\/posts\/53133","targetHints":{"allow":["GET"]}}],"collection":[{"href":"https:\/\/radiorevelacionfm.cl\/index.php?rest_route=\/wp\/v2\/posts"}],"about":[{"href":"https:\/\/radiorevelacionfm.cl\/index.php?rest_route=\/wp\/v2\/types\/post"}],"author":[{"embeddable":true,"href":"https:\/\/radiorevelacionfm.cl\/index.php?rest_route=\/wp\/v2\/users\/1"}],"replies":[{"embeddable":true,"href":"https:\/\/radiorevelacionfm.cl\/index.php?rest_route=%2Fwp%2Fv2%2Fcomments&post=53133"}],"version-history":[{"count":2,"href":"https:\/\/radiorevelacionfm.cl\/index.php?rest_route=\/wp\/v2\/posts\/53133\/revisions"}],"predecessor-version":[{"id":53146,"href":"https:\/\/radiorevelacionfm.cl\/index.php?rest_route=\/wp\/v2\/posts\/53133\/revisions\/53146"}],"wp:featuredmedia":[{"embeddable":true,"href":"https:\/\/radiorevelacionfm.cl\/index.php?rest_route=\/wp\/v2\/media\/53134"}],"wp:attachment":[{"href":"https:\/\/radiorevelacionfm.cl\/index.php?rest_route=%2Fwp%2Fv2%2Fmedia&parent=53133"}],"wp:term":[{"taxonomy":"category","embeddable":true,"href":"https:\/\/radiorevelacionfm.cl\/index.php?rest_route=%2Fwp%2Fv2%2Fcategories&post=53133"},{"taxonomy":"post_tag","embeddable":true,"href":"https:\/\/radiorevelacionfm.cl\/index.php?rest_route=%2Fwp%2Fv2%2Ftags&post=53133"}],"curies":[{"name":"wp","href":"https:\/\/api.w.org\/{rel}","templated":true}]}}