{"id":53131,"date":"2025-04-25T16:05:45","date_gmt":"2025-04-25T19:05:45","guid":{"rendered":"https:\/\/radiorevelacionfm.cl\/?p=53131"},"modified":"2025-05-07T20:32:09","modified_gmt":"2025-05-07T23:32:09","slug":"descontento-de-la-comunidad-del-rio-mosco-ante-el-abandono-en-la-cartera-2025-del-mop","status":"publish","type":"post","link":"https:\/\/radiorevelacionfm.cl\/?p=53131","title":{"rendered":"Descontento de la comunidad del R\u00edo Mosco ante el abandono en la cartera 2025 del MOP"},"content":{"rendered":"<div class=\"flex_column av_one_full  flex_column_div av-zero-column-padding first  avia-builder-el-0  el_before_av_one_full  avia-builder-el-first  \" style='border-radius:0px; '><div  class='avia-image-container  av-styling-    avia-builder-el-1  avia-builder-el-no-sibling  avia-align-center '  itemprop=\"image\" itemscope=\"itemscope\" itemtype=\"https:\/\/schema.org\/ImageObject\"  ><div class='avia-image-container-inner'><div class='avia-image-overlay-wrap'><img decoding=\"async\" class='wp-image-53614 avia-img-lazy-loading-not-53614 avia_image' src=\"https:\/\/radiorevelacionfm.cl\/wp-content\/uploads\/2025\/05\/Estado-Ruta-Mosco-1-1-1.jpg\" alt='' title='Estado Ruta Mosco (1) (1) (1)' height=\"660\" width=\"799\"  itemprop=\"thumbnailUrl\" srcset=\"https:\/\/radiorevelacionfm.cl\/wp-content\/uploads\/2025\/05\/Estado-Ruta-Mosco-1-1-1.jpg 799w, https:\/\/radiorevelacionfm.cl\/wp-content\/uploads\/2025\/05\/Estado-Ruta-Mosco-1-1-1-300x248.jpg 300w, https:\/\/radiorevelacionfm.cl\/wp-content\/uploads\/2025\/05\/Estado-Ruta-Mosco-1-1-1-768x634.jpg 768w, https:\/\/radiorevelacionfm.cl\/wp-content\/uploads\/2025\/05\/Estado-Ruta-Mosco-1-1-1-705x582.jpg 705w, https:\/\/radiorevelacionfm.cl\/wp-content\/uploads\/2025\/05\/Estado-Ruta-Mosco-1-1-1-450x372.jpg 450w, https:\/\/radiorevelacionfm.cl\/wp-content\/uploads\/2025\/05\/Estado-Ruta-Mosco-1-1-1-600x496.jpg 600w\" sizes=\"(max-width: 799px) 100vw, 799px\" \/><\/div><\/div><\/div><\/div><div class=\"flex_column av_one_full  flex_column_div av-zero-column-padding first  avia-builder-el-2  el_after_av_one_full  el_before_av_one_full  column-top-margin\" style='border-radius:0px; '><section class=\"av_textblock_section \"  itemscope=\"itemscope\" itemtype=\"https:\/\/schema.org\/BlogPosting\" itemprop=\"blogPost\" ><div class='avia_textblock  '   itemprop=\"text\" ><p style=\"text-align: center;\"><strong><span style=\"font-size: 18pt;\">Descontento de la comunidad del R\u00edo Mosco ante el abandono en la cartera 2025 del MOP<\/span><\/strong><\/p>\n<div id=\"gtx-trans\" style=\"position: absolute; left: -50px; top: 4.31534px;\">\n<div class=\"gtx-trans-icon\"><\/div>\n<\/div>\n<\/div><\/section><\/div><\/p>\n<div class=\"flex_column av_one_full  flex_column_div av-zero-column-padding first  avia-builder-el-4  el_after_av_one_full  el_before_av_hr  column-top-margin\" style='border-radius:0px; '><section class=\"av_textblock_section \"  itemscope=\"itemscope\" itemtype=\"https:\/\/schema.org\/BlogPosting\" itemprop=\"blogPost\" ><div class='avia_textblock  '   itemprop=\"text\" ><p style=\"text-align: justify;\">El Comit\u00e9 de Adelanto del R\u00edo Mosco expresa su profunda preocupaci\u00f3n y malestar ante la reciente presentaci\u00f3n de la cartera de proyectos 2025 del Ministerio de Obras P\u00fablicas (MOP), la cual no contempla ning\u00fan avance en infraestructura para nuestro sector.<\/p>\n<p style=\"text-align: justify;\">Desde hace m\u00e1s de una d\u00e9cada, los habitantes de la ribera sur del R\u00edo Mosco han gestionado diversas solicitudes para mejorar la conectividad y seguridad del sector, enfrent\u00e1ndose a la precariedad de una pasarela peatonal en condiciones deficientes y la inexistencia de un camino enrolado. Sin embargo, el MOP ha postergado cualquier soluci\u00f3n, se\u00f1alando que la falta de caminos enrolados imposibilita la planificaci\u00f3n de un puente definitivo. Esta situaci\u00f3n desconoce que la solicitud de enrolamiento ha estado pendiente desde el a\u00f1o 2013, sin respuesta concreta por parte de las autoridades competentes.<\/p>\n<p style=\"text-align: justify;\">Resulta a\u00fan m\u00e1s preocupante que, dentro de la misma cartera de proyectos para 2025, se contemple la construcci\u00f3n de un puente mecano colgante en el sector del R\u00edo Pascua, comuna de Tortel, destinado a una cantidad de habitantes considerablemente menor que los afectados en la ribera sur del R\u00edo Mosco. Adem\u00e1s, existen antecedentes de que en dicho sector no solo se instalar\u00e1 un nuevo puente, sino que tambi\u00e9n se contempla la restauraci\u00f3n de al menos siete mecanos y la finalizaci\u00f3n de un tramo de carretera de aproximadamente 10 kil\u00f3metros bordeando el mar, con el fin de conectar con el Ventisquero Montt. Esta situaci\u00f3n deja entrever una priorizaci\u00f3n orientada m\u00e1s hacia el desarrollo tur\u00edstico que hacia las necesidades b\u00e1sicas de conectividad de las comunidades locales, donde pareciera que los turistas tienen m\u00e1s privilegios que los propios pobladores.<\/p>\n<p style=\"text-align: justify;\"><strong>Antecedentes del problema<\/strong><\/p>\n<p style=\"text-align: justify;\">En 2013, la SUBDERE entreg\u00f3 una pasarela peatonal con el objetivo de mejorar la conectividad entre ambas riberas del R\u00edo Mosco. No obstante, su dise\u00f1o inadecuado y su ubicaci\u00f3n a solo dos metros sobre el nivel del r\u00edo han generado constantes problemas. Desde 2018, las crecidas han deteriorado gravemente la infraestructura, situaci\u00f3n que se agrav\u00f3 en 2019 con la destrucci\u00f3n parcial de la pasarela. A pesar de los m\u00faltiples informes presentados a ONEMI y las solicitudes de reparaci\u00f3n dirigidas a las autoridades municipales y regionales, no se ha logrado una soluci\u00f3n definitiva.<\/p>\n<p style=\"text-align: justify;\">A esto se suma que la cartera de inversi\u00f3n local para el a\u00f1o 2024, presentada por la Direcci\u00f3n de SECPLAN del Municipio de Villa O\u2019Higgins, destin\u00f3 casi 400 millones de pesos a la construcci\u00f3n de miradores y plazas, mientras que para el sector del Mosco se asignaron apenas 15 millones de pesos, una cifra apenas superior a los 12 millones del a\u00f1o anterior, que han sido utilizados para \u201cparches\u201d que no resuelven los problemas estructurales del sector. Todo esto fue aprobado por el concejo municipal, lo que refleja una falta de voluntad pol\u00edtica concreta para atender las necesidades hist\u00f3ricas de esta comunidad.<\/p>\n<p style=\"text-align: justify;\"><strong>Exigencias de la comunidad<\/strong><\/p>\n<p style=\"text-align: justify;\">Ante esta situaci\u00f3n, el Comit\u00e9 de Adelanto del R\u00edo Mosco solicita:<\/p>\n<p style=\"text-align: justify;\">El enrolamiento inmediato del camino de acceso a la ribera sur del R\u00edo Mosco, permitiendo que el sector pueda optar a proyectos de conectividad.<\/p>\n<p style=\"text-align: justify;\">La inclusi\u00f3n de un anteproyecto para la construcci\u00f3n de un puente vehicular definitivo, que garantice un tr\u00e1nsito seguro y estable para los residentes y trabajadores de la zona.<\/p>\n<p style=\"text-align: justify;\">Un pronunciamiento formal del Ministerio de Obras P\u00fablicas sobre los criterios utilizados para la priorizaci\u00f3n de proyectos en la regi\u00f3n de Ays\u00e9n, y las razones por las cuales el sector del R\u00edo Mosco contin\u00faa siendo postergado.<\/p>\n<p style=\"text-align: justify;\">Es fundamental que las autoridades act\u00faen con responsabilidad y equidad en la distribuci\u00f3n de recursos, garantizando soluciones concretas y efectivas para todas las comunidades de la regi\u00f3n. La poblaci\u00f3n del R\u00edo Mosco no puede seguir esperando, mientras otras localidades con menor cantidad de habitantes reciben proyectos de conectividad de alto impacto y recursos p\u00fablicos se destinan a proyectos ornamentales o tur\u00edsticos.<\/p>\n<p style=\"text-align: justify;\">El Comit\u00e9 de Adelanto del R\u00edo Mosco hace un llamado a la comunidad y a los medios de comunicaci\u00f3n a visibilizar esta problem\u00e1tica y exigir respuestas de parte de las autoridades competentes.<\/p>\n<\/div><\/section><\/div>\n<div  style='height:50px' class='hr hr-invisible   avia-builder-el-6  el_after_av_one_full  el_before_av_social_share '><span class='hr-inner ' ><span class='hr-inner-style'><\/span><\/span><\/div>\n<div  class='av-social-sharing-box  avia-builder-el-7  el_after_av_hr  el_before_av_hr  '><div class='av-share-box'><h5 class='av-share-link-description av-no-toc '>Compartir esta noticia<\/h5><ul class='av-share-box-list noLightbox'><li class='av-share-link av-social-link-facebook' ><a target=\"_blank\" aria-label=\"Compartir en Facebook\" href='https:\/\/www.facebook.com\/sharer.php?u=https:\/\/radiorevelacionfm.cl\/?p=53131&#038;t=Descontento%20de%20la%20comunidad%20del%20R%C3%ADo%20Mosco%20ante%20el%20abandono%20en%20la%20cartera%202025%20del%20MOP' aria-hidden='false' data-av_icon='\ue8f3' data-av_iconfont='entypo-fontello' title='' data-avia-related-tooltip='Compartir en Facebook' rel=\"noopener\"><span class='avia_hidden_link_text'>Compartir en Facebook<\/span><\/a><\/li><li class='av-share-link av-social-link-twitter' ><a target=\"_blank\" aria-label=\"Compartir en Twitter\" href='https:\/\/twitter.com\/share?text=Descontento%20de%20la%20comunidad%20del%20R%C3%ADo%20Mosco%20ante%20el%20abandono%20en%20la%20cartera%202025%20del%20MOP&#038;url=https:\/\/radiorevelacionfm.cl\/?p=53131' aria-hidden='false' data-av_icon='\ue8f1' data-av_iconfont='entypo-fontello' title='' data-avia-related-tooltip='Compartir en Twitter' rel=\"noopener\"><span class='avia_hidden_link_text'>Compartir en Twitter<\/span><\/a><\/li><li class='av-share-link av-social-link-whatsapp' ><a target=\"_blank\" aria-label=\"Compartir en Whatsapp\" href='https:\/\/api.whatsapp.com\/send?text=https:\/\/radiorevelacionfm.cl\/?p=53131' aria-hidden='false' data-av_icon='\uf232' data-av_iconfont='entypo-fontello' title='' data-avia-related-tooltip='Compartir en Whatsapp' rel=\"noopener\"><span class='avia_hidden_link_text'>Compartir en Whatsapp<\/span><\/a><\/li><li class='av-share-link av-social-link-linkedin' ><a target=\"_blank\" aria-label=\"Compartir en LinkedIn\" href='https:\/\/linkedin.com\/shareArticle?mini=true&#038;title=Descontento%20de%20la%20comunidad%20del%20R%C3%ADo%20Mosco%20ante%20el%20abandono%20en%20la%20cartera%202025%20del%20MOP&#038;url=https:\/\/radiorevelacionfm.cl\/?p=53131' aria-hidden='false' data-av_icon='\ue8fc' data-av_iconfont='entypo-fontello' title='' data-avia-related-tooltip='Compartir en LinkedIn' rel=\"noopener\"><span class='avia_hidden_link_text'>Compartir en LinkedIn<\/span><\/a><\/li><li class='av-share-link av-social-link-mail' ><a  aria-label=\"Compartir por correo\" href='mailto:?subject=Descontento%20de%20la%20comunidad%20del%20R%C3%ADo%20Mosco%20ante%20el%20abandono%20en%20la%20cartera%202025%20del%20MOP&#038;body=https:\/\/radiorevelacionfm.cl\/?p=53131' aria-hidden='false' data-av_icon='\ue805' data-av_iconfont='entypo-fontello' title='' data-avia-related-tooltip='Compartir por correo'><span class='avia_hidden_link_text'>Compartir por correo<\/span><\/a><\/li><\/ul><\/div><\/div>\n<div  style='height:50px' class='hr hr-invisible   avia-builder-el-8  el_after_av_social_share  el_before_av_comments_list '><span class='hr-inner ' ><span class='hr-inner-style'><\/span><\/span><\/div>\n<div  class='av-buildercomment  av-blog-meta-html-info-disabled av-blog-meta-tag-disabled  '><\/div>\n","protected":false},"excerpt":{"rendered":"","protected":false},"author":1,"featured_media":53614,"comment_status":"closed","ping_status":"closed","sticky":false,"template":"","format":"standard","meta":{"footnotes":""},"categories":[38],"tags":[],"class_list":["post-53131","post","type-post","status-publish","format-standard","has-post-thumbnail","hentry","category-regional"],"jetpack_featured_media_url":"https:\/\/radiorevelacionfm.cl\/wp-content\/uploads\/2025\/05\/Estado-Ruta-Mosco-1-1-1.jpg","_links":{"self":[{"href":"https:\/\/radiorevelacionfm.cl\/index.php?rest_route=\/wp\/v2\/posts\/53131","targetHints":{"allow":["GET"]}}],"collection":[{"href":"https:\/\/radiorevelacionfm.cl\/index.php?rest_route=\/wp\/v2\/posts"}],"about":[{"href":"https:\/\/radiorevelacionfm.cl\/index.php?rest_route=\/wp\/v2\/types\/post"}],"author":[{"embeddable":true,"href":"https:\/\/radiorevelacionfm.cl\/index.php?rest_route=\/wp\/v2\/users\/1"}],"replies":[{"embeddable":true,"href":"https:\/\/radiorevelacionfm.cl\/index.php?rest_route=%2Fwp%2Fv2%2Fcomments&post=53131"}],"version-history":[{"count":3,"href":"https:\/\/radiorevelacionfm.cl\/index.php?rest_route=\/wp\/v2\/posts\/53131\/revisions"}],"predecessor-version":[{"id":53616,"href":"https:\/\/radiorevelacionfm.cl\/index.php?rest_route=\/wp\/v2\/posts\/53131\/revisions\/53616"}],"wp:featuredmedia":[{"embeddable":true,"href":"https:\/\/radiorevelacionfm.cl\/index.php?rest_route=\/wp\/v2\/media\/53614"}],"wp:attachment":[{"href":"https:\/\/radiorevelacionfm.cl\/index.php?rest_route=%2Fwp%2Fv2%2Fmedia&parent=53131"}],"wp:term":[{"taxonomy":"category","embeddable":true,"href":"https:\/\/radiorevelacionfm.cl\/index.php?rest_route=%2Fwp%2Fv2%2Fcategories&post=53131"},{"taxonomy":"post_tag","embeddable":true,"href":"https:\/\/radiorevelacionfm.cl\/index.php?rest_route=%2Fwp%2Fv2%2Ftags&post=53131"}],"curies":[{"name":"wp","href":"https:\/\/api.w.org\/{rel}","templated":true}]}}