{"id":53124,"date":"2025-04-25T15:32:34","date_gmt":"2025-04-25T18:32:34","guid":{"rendered":"https:\/\/radiorevelacionfm.cl\/?p=53124"},"modified":"2025-04-25T15:32:34","modified_gmt":"2025-04-25T18:32:34","slug":"bibliobus-aysen-celebra-el-dia-del-libro-recorriendo-la-patagonia-y-fomentando-la-lectura","status":"publish","type":"post","link":"https:\/\/radiorevelacionfm.cl\/?p=53124","title":{"rendered":"Bibliob\u00fas Ays\u00e9n celebra el D\u00eda del Libro recorriendo la Patagonia y fomentando la lectura"},"content":{"rendered":"<div class=\"flex_column av_one_full  flex_column_div av-zero-column-padding first  avia-builder-el-0  el_before_av_one_full  avia-builder-el-first  \" style='border-radius:0px; '><div  class='avia-image-container  av-styling-    avia-builder-el-1  avia-builder-el-no-sibling  avia-align-center '  itemprop=\"image\" itemscope=\"itemscope\" itemtype=\"https:\/\/schema.org\/ImageObject\"  ><div class='avia-image-container-inner'><div class='avia-image-overlay-wrap'><img decoding=\"async\" class='wp-image-53125 avia-img-lazy-loading-not-53125 avia_image' src=\"https:\/\/radiorevelacionfm.cl\/wp-content\/uploads\/2025\/04\/Escuela-Tortel-3-1-1.jpg\" alt='' title='Escuela Tortel (3) (1) (1)' height=\"600\" width=\"800\"  itemprop=\"thumbnailUrl\" srcset=\"https:\/\/radiorevelacionfm.cl\/wp-content\/uploads\/2025\/04\/Escuela-Tortel-3-1-1.jpg 800w, https:\/\/radiorevelacionfm.cl\/wp-content\/uploads\/2025\/04\/Escuela-Tortel-3-1-1-300x225.jpg 300w, https:\/\/radiorevelacionfm.cl\/wp-content\/uploads\/2025\/04\/Escuela-Tortel-3-1-1-768x576.jpg 768w, https:\/\/radiorevelacionfm.cl\/wp-content\/uploads\/2025\/04\/Escuela-Tortel-3-1-1-705x529.jpg 705w, https:\/\/radiorevelacionfm.cl\/wp-content\/uploads\/2025\/04\/Escuela-Tortel-3-1-1-450x338.jpg 450w, https:\/\/radiorevelacionfm.cl\/wp-content\/uploads\/2025\/04\/Escuela-Tortel-3-1-1-600x450.jpg 600w\" sizes=\"(max-width: 800px) 100vw, 800px\" \/><\/div><\/div><\/div><\/div><div class=\"flex_column av_one_full  flex_column_div av-zero-column-padding first  avia-builder-el-2  el_after_av_one_full  el_before_av_one_full  column-top-margin\" style='border-radius:0px; '><section class=\"av_textblock_section \"  itemscope=\"itemscope\" itemtype=\"https:\/\/schema.org\/BlogPosting\" itemprop=\"blogPost\" ><div class='avia_textblock  '   itemprop=\"text\" ><p style=\"text-align: center;\"><span style=\"font-size: 18pt;\"><b>Bibliob\u00fas Ays\u00e9n celebra el D\u00eda del Libro recorriendo la Patagonia y fomentando la lectura<\/b><\/span><\/p>\n<div id=\"gtx-trans\" style=\"position: absolute; left: -50px; top: 4.31534px;\">\n<div class=\"gtx-trans-icon\"><\/div>\n<\/div>\n<\/div><\/section><\/div><div class=\"flex_column av_one_full  flex_column_div av-zero-column-padding first  avia-builder-el-4  el_after_av_one_full  el_before_av_hr  column-top-margin\" style='border-radius:0px; '><section class=\"av_textblock_section \"  itemscope=\"itemscope\" itemtype=\"https:\/\/schema.org\/BlogPosting\" itemprop=\"blogPost\" ><div class='avia_textblock  '   itemprop=\"text\" ><p style=\"text-align: justify;\">30 a\u00f1os lleva viajando por las diferentes localidades de la Regi\u00f3n de Ays\u00e9n el primer Bibliob\u00fas del pa\u00eds, inaugurado en 1995 con un viaje hacia el sector Vagabundo y luego, en lancha hasta Caleta Tortel, lo que abri\u00f3 caminos al fomento lector hacia las localidades m\u00e1s aisladas del territorio.<\/p>\n<p style=\"text-align: justify;\">El conductor del Bibliob\u00fas, Marcos Almonacid Rivera, quien lleva cinco a\u00f1os a cargo de esa labor, lleg\u00f3 este D\u00eda del Libro a entregar literatura y creaciones a ni\u00f1os y ni\u00f1as de Bah\u00eda Murta y Puerto S\u00e1nchez, donde el cuentacuentos Juan \u201cCuentamares\u201d Romero narr\u00f3 sus aventuras para luego trasladarse con todo el equipo hasta la Escuela P\u00fablica de Cochrane, donde lo esperaban m\u00e1s de 100 estudiantes para celebrar el libro, el fomento lector y el derecho de autor.<\/p>\n<p style=\"text-align: justify;\">Marcos dijo que \u201cquedaron con gusto a poco porque siempre nuestra agenda es un poco apretada. Estamos conmemorando los 30 a\u00f1os del Bibliob\u00fas y nuestra llegada a Tortel. Luego pasamos a Murta y tambi\u00e9n a Cochrane donde trabajamos todo el d\u00eda. Hubo harta concurrencia y una muy buena acogida. Nuestro cuentacuentos se luci\u00f3 con todo el p\u00fablico. Tambi\u00e9n estuvimos instalados en la rotonda de Tortel para que la comunidad conociera el veh\u00edculo\u201d.<\/p>\n<p style=\"text-align: justify;\">Como cada a\u00f1o, el Bibliob\u00fas se despliega por todas las comunas del territorio llevando miles de vol\u00famenes para apoyar la labor educativa en escenarios complejos y aislados de Ays\u00e9n. Adem\u00e1s, el veh\u00edculo forma parte de la Coordinaci\u00f3n de Bibliotecas de Ays\u00e9n.<\/p>\n<p style=\"text-align: justify;\">El seremi de Culturas Ays\u00e9n, Felipe Quiroz, dijo que \u201cfuimos pioneros en poner una biblioteca sobre ruedas en el pa\u00eds y ya son decenas de miles de kil\u00f3metros los que este veh\u00edculo ha recorrido, fomentando la lectura y apoyando la ense\u00f1anza. Queremos que los y las estudiantes de Ays\u00e9n sigan recibiendo con tanto entusiasmo a nuestro m\u00f3vil literario por excelencia, que este a\u00f1o financi\u00f3 parte de su gira con nuestro Fondo de Fomento del Libro de Lectura del Ministerio de las Culturas, a trav\u00e9s de la Agrupaci\u00f3n de Amigos del Bibliob\u00fas\u201d.<\/p>\n<p style=\"text-align: justify;\">La directora regional de Patrimonio, Claudia Cantero, dijo que \u201cel Bibliob\u00fas estuvo esta semana recorriendo las localidades de Bah\u00eda Murta, Calera Tortel y Cochrane, recordando lo que fue su primer recorrido hace 30 a\u00f1os. Fuimos los primeros y luego se repiti\u00f3 en el resto de Chile, por lo que estamos muy orgullosos en este nuevo D\u00eda del Libro. El Bibliob\u00fas ya viene de regreso para retomar fuerzas y seguir su ruta hacia otras localidades\u201d.<\/p>\n<\/div><\/section><\/div><div  style='height:50px' class='hr hr-invisible   avia-builder-el-6  el_after_av_one_full  el_before_av_social_share '><span class='hr-inner ' ><span class='hr-inner-style'><\/span><\/span><\/div><\/p>\n<div  class='av-social-sharing-box  avia-builder-el-7  el_after_av_hr  el_before_av_hr  '><div class='av-share-box'><h5 class='av-share-link-description av-no-toc '>Compartir esta noticia<\/h5><ul class='av-share-box-list noLightbox'><li class='av-share-link av-social-link-facebook' ><a target=\"_blank\" aria-label=\"Compartir en Facebook\" href='https:\/\/www.facebook.com\/sharer.php?u=https:\/\/radiorevelacionfm.cl\/?p=53124&#038;t=Bibliob%C3%BAs%20Ays%C3%A9n%20celebra%20el%20D%C3%ADa%20del%20Libro%20recorriendo%20la%20Patagonia%20y%20fomentando%20la%20lectura' aria-hidden='false' data-av_icon='\ue8f3' data-av_iconfont='entypo-fontello' title='' data-avia-related-tooltip='Compartir en Facebook' rel=\"noopener\"><span class='avia_hidden_link_text'>Compartir en Facebook<\/span><\/a><\/li><li class='av-share-link av-social-link-twitter' ><a target=\"_blank\" aria-label=\"Compartir en Twitter\" href='https:\/\/twitter.com\/share?text=Bibliob%C3%BAs%20Ays%C3%A9n%20celebra%20el%20D%C3%ADa%20del%20Libro%20recorriendo%20la%20Patagonia%20y%20fomentando%20la%20lectura&#038;url=https:\/\/radiorevelacionfm.cl\/?p=53124' aria-hidden='false' data-av_icon='\ue8f1' data-av_iconfont='entypo-fontello' title='' data-avia-related-tooltip='Compartir en Twitter' rel=\"noopener\"><span class='avia_hidden_link_text'>Compartir en Twitter<\/span><\/a><\/li><li class='av-share-link av-social-link-whatsapp' ><a target=\"_blank\" aria-label=\"Compartir en Whatsapp\" href='https:\/\/api.whatsapp.com\/send?text=https:\/\/radiorevelacionfm.cl\/?p=53124' aria-hidden='false' data-av_icon='\uf232' data-av_iconfont='entypo-fontello' title='' data-avia-related-tooltip='Compartir en Whatsapp' rel=\"noopener\"><span class='avia_hidden_link_text'>Compartir en Whatsapp<\/span><\/a><\/li><li class='av-share-link av-social-link-linkedin' ><a target=\"_blank\" aria-label=\"Compartir en LinkedIn\" href='https:\/\/linkedin.com\/shareArticle?mini=true&#038;title=Bibliob%C3%BAs%20Ays%C3%A9n%20celebra%20el%20D%C3%ADa%20del%20Libro%20recorriendo%20la%20Patagonia%20y%20fomentando%20la%20lectura&#038;url=https:\/\/radiorevelacionfm.cl\/?p=53124' aria-hidden='false' data-av_icon='\ue8fc' data-av_iconfont='entypo-fontello' title='' data-avia-related-tooltip='Compartir en LinkedIn' rel=\"noopener\"><span class='avia_hidden_link_text'>Compartir en LinkedIn<\/span><\/a><\/li><li class='av-share-link av-social-link-mail' ><a  aria-label=\"Compartir por correo\" href='mailto:?subject=Bibliob%C3%BAs%20Ays%C3%A9n%20celebra%20el%20D%C3%ADa%20del%20Libro%20recorriendo%20la%20Patagonia%20y%20fomentando%20la%20lectura&#038;body=https:\/\/radiorevelacionfm.cl\/?p=53124' aria-hidden='false' data-av_icon='\ue805' data-av_iconfont='entypo-fontello' title='' data-avia-related-tooltip='Compartir por correo'><span class='avia_hidden_link_text'>Compartir por correo<\/span><\/a><\/li><\/ul><\/div><\/div>\n<div  style='height:50px' class='hr hr-invisible   avia-builder-el-8  el_after_av_social_share  el_before_av_comments_list '><span class='hr-inner ' ><span class='hr-inner-style'><\/span><\/span><\/div>\n<div  class='av-buildercomment  av-blog-meta-html-info-disabled av-blog-meta-tag-disabled  '><\/div>\n","protected":false},"excerpt":{"rendered":"","protected":false},"author":1,"featured_media":53125,"comment_status":"closed","ping_status":"closed","sticky":false,"template":"","format":"standard","meta":{"footnotes":""},"categories":[52],"tags":[],"class_list":["post-53124","post","type-post","status-publish","format-standard","has-post-thumbnail","hentry","category-cultura"],"jetpack_featured_media_url":"https:\/\/radiorevelacionfm.cl\/wp-content\/uploads\/2025\/04\/Escuela-Tortel-3-1-1.jpg","_links":{"self":[{"href":"https:\/\/radiorevelacionfm.cl\/index.php?rest_route=\/wp\/v2\/posts\/53124","targetHints":{"allow":["GET"]}}],"collection":[{"href":"https:\/\/radiorevelacionfm.cl\/index.php?rest_route=\/wp\/v2\/posts"}],"about":[{"href":"https:\/\/radiorevelacionfm.cl\/index.php?rest_route=\/wp\/v2\/types\/post"}],"author":[{"embeddable":true,"href":"https:\/\/radiorevelacionfm.cl\/index.php?rest_route=\/wp\/v2\/users\/1"}],"replies":[{"embeddable":true,"href":"https:\/\/radiorevelacionfm.cl\/index.php?rest_route=%2Fwp%2Fv2%2Fcomments&post=53124"}],"version-history":[{"count":2,"href":"https:\/\/radiorevelacionfm.cl\/index.php?rest_route=\/wp\/v2\/posts\/53124\/revisions"}],"predecessor-version":[{"id":53127,"href":"https:\/\/radiorevelacionfm.cl\/index.php?rest_route=\/wp\/v2\/posts\/53124\/revisions\/53127"}],"wp:featuredmedia":[{"embeddable":true,"href":"https:\/\/radiorevelacionfm.cl\/index.php?rest_route=\/wp\/v2\/media\/53125"}],"wp:attachment":[{"href":"https:\/\/radiorevelacionfm.cl\/index.php?rest_route=%2Fwp%2Fv2%2Fmedia&parent=53124"}],"wp:term":[{"taxonomy":"category","embeddable":true,"href":"https:\/\/radiorevelacionfm.cl\/index.php?rest_route=%2Fwp%2Fv2%2Fcategories&post=53124"},{"taxonomy":"post_tag","embeddable":true,"href":"https:\/\/radiorevelacionfm.cl\/index.php?rest_route=%2Fwp%2Fv2%2Ftags&post=53124"}],"curies":[{"name":"wp","href":"https:\/\/api.w.org\/{rel}","templated":true}]}}