{"id":53117,"date":"2025-04-25T15:17:33","date_gmt":"2025-04-25T18:17:33","guid":{"rendered":"https:\/\/radiorevelacionfm.cl\/?p=53117"},"modified":"2025-04-25T15:17:33","modified_gmt":"2025-04-25T18:17:33","slug":"empresa-aysenina-reafirma-su-compromiso-con-la-comunidad-educativa-tras-firma-de-convenio-y-aporte-de-un-invernadero-a-jardin-infantil-de-puerto-aysen","status":"publish","type":"post","link":"https:\/\/radiorevelacionfm.cl\/?p=53117","title":{"rendered":"Empresa Aysenina reafirma su compromiso con la comunidad educativa tras firma de convenio y aporte de un invernadero a jard\u00edn infantil de Puerto Ays\u00e9n"},"content":{"rendered":"<div class=\"flex_column av_one_full  flex_column_div av-zero-column-padding first  avia-builder-el-0  el_before_av_one_full  avia-builder-el-first  \" style='border-radius:0px; '><div  class='avia-image-container  av-styling-    avia-builder-el-1  avia-builder-el-no-sibling  avia-align-center '  itemprop=\"image\" itemscope=\"itemscope\" itemtype=\"https:\/\/schema.org\/ImageObject\"  ><div class='avia-image-container-inner'><div class='avia-image-overlay-wrap'><img decoding=\"async\" class='wp-image-53118 avia-img-lazy-loading-not-53118 avia_image' src=\"https:\/\/radiorevelacionfm.cl\/wp-content\/uploads\/2025\/04\/20250422_192737373_ios-1_optimized.jpg\" alt='' title='20250422_192737373_ios-(1)_optimized' height=\"600\" width=\"800\"  itemprop=\"thumbnailUrl\" srcset=\"https:\/\/radiorevelacionfm.cl\/wp-content\/uploads\/2025\/04\/20250422_192737373_ios-1_optimized.jpg 800w, https:\/\/radiorevelacionfm.cl\/wp-content\/uploads\/2025\/04\/20250422_192737373_ios-1_optimized-300x225.jpg 300w, https:\/\/radiorevelacionfm.cl\/wp-content\/uploads\/2025\/04\/20250422_192737373_ios-1_optimized-768x576.jpg 768w, https:\/\/radiorevelacionfm.cl\/wp-content\/uploads\/2025\/04\/20250422_192737373_ios-1_optimized-705x529.jpg 705w, https:\/\/radiorevelacionfm.cl\/wp-content\/uploads\/2025\/04\/20250422_192737373_ios-1_optimized-450x338.jpg 450w, https:\/\/radiorevelacionfm.cl\/wp-content\/uploads\/2025\/04\/20250422_192737373_ios-1_optimized-600x450.jpg 600w\" sizes=\"(max-width: 800px) 100vw, 800px\" \/><\/div><\/div><\/div><\/div><div class=\"flex_column av_one_full  flex_column_div av-zero-column-padding first  avia-builder-el-2  el_after_av_one_full  el_before_av_one_full  column-top-margin\" style='border-radius:0px; '><section class=\"av_textblock_section \"  itemscope=\"itemscope\" itemtype=\"https:\/\/schema.org\/BlogPosting\" itemprop=\"blogPost\" ><div class='avia_textblock  '   itemprop=\"text\" ><p style=\"text-align: center;\"><strong><span style=\"font-size: 18pt;\">Empresa Aysenina reafirma su compromiso con la comunidad educativa tras firma de convenio y aporte de un invernadero a jard\u00edn infantil de Puerto Ays\u00e9n <\/span><\/strong><\/p>\n<div id=\"gtx-trans\" style=\"position: absolute; left: -50px; top: 4.31534px;\">\n<div class=\"gtx-trans-icon\"><\/div>\n<\/div>\n<\/div><\/section><\/div><div class=\"flex_column av_one_full  flex_column_div av-zero-column-padding first  avia-builder-el-4  el_after_av_one_full  el_before_av_hr  column-top-margin\" style='border-radius:0px; '><section class=\"av_textblock_section \"  itemscope=\"itemscope\" itemtype=\"https:\/\/schema.org\/BlogPosting\" itemprop=\"blogPost\" ><div class='avia_textblock  '   itemprop=\"text\" ><p style=\"text-align: justify;\">Empresas Bahamonde reafirm\u00f3 su compromiso con la comunidad educativa de Puerto Ays\u00e9n. Lo anterior tras la firma de nuevo convenio de colaboraci\u00f3n, lo que se concret\u00f3 con el jard\u00edn infantil Capullitos de Calafate.<\/p>\n<p style=\"text-align: justify;\">Adem\u00e1s, la empresa aport\u00f3 con un invernadero para que pueda ser utilizado en dicho recinto. Esta actividad se enmarc\u00f3 en el D\u00eda de la Tierra, celebrado el martes 22 de abril.<\/p>\n<p style=\"text-align: justify;\">Hasta las dependencias del recinto concurrieron el gerente general de la destacada empresa aysenina, Alejandro Bahamonde, junto a la encargada de Vinculaci\u00f3n con el Medio, Daniela Garriga. A dicho lugar tambi\u00e9n arrib\u00f3 el director regional de la Junta Nacional de Jardines Infantiles (JUNJI), Juan Eduardo Lorca Valdivia.<\/p>\n<p style=\"text-align: justify;\">Tras concretarse la firma, el director regional de la JUNJI expres\u00f3 su felicidad, ya que este hito se da cuando cumplen 55 a\u00f1os como instituci\u00f3n.<\/p>\n<p style=\"text-align: justify;\">\u201cFirmar un tipo de convenio como este con Empresas Bahamonde nos permite sobre todo poder capacitar, entregar apoyo y soporte a nuestro equipo educativo y seguir trabajando con los ni\u00f1os y las ni\u00f1as en temas tan importantes como el reciclaje y el tratamiento de la basura\u201d, dijo.<\/p>\n<p style=\"text-align: justify;\">Enfatizando que ello apunta a comprometer a la familia en \u201cun proceso conjunto para cuidar el medio ambiente, sobre todo en una regi\u00f3n tan hermosa como Ays\u00e9n\u201d. Incluso, recalc\u00f3 que les permite trabajar en los sellos educativos, aludiendo al sello medioambiental que tienen los jardines infantiles bajo el alero de JUNJI.<\/p>\n<p style=\"text-align: justify;\">Por su parte, el gerente general Alejandro Bahamonde manifest\u00f3 que \u201cestamos muy satisfechos como empresa porque es otro jard\u00edn que est\u00e1 confiando en nuestro trabajo que estamos haciendo en el tema del reciclaje\u201d.<\/p>\n<p style=\"text-align: justify;\">Asimismo, inst\u00f3 a que otros establecimientos se acerquen a la empresa en caso de querer trabajar de manera conjunta. \u201cAportamos todo lo que es la implementaci\u00f3n para que tengan una mejor segregaci\u00f3n de residuos, que generan los alumnos, funcionarios y apoderados de los establecimientos educacionales\u201d, cerr\u00f3.<\/p>\n<p style=\"text-align: justify;\">En las \u00faltimas semanas, Empresas Bahamonde ha concretado la firma de convenios con recintos como el Colegio Sagrada Familia, el jard\u00edn infantil Capullitos de Calafate, la escuela bosque Renoval y el liceo Polit\u00e9cnico A-1.<\/p>\n<\/div><\/section><\/div><div  style='height:50px' class='hr hr-invisible   avia-builder-el-6  el_after_av_one_full  el_before_av_social_share '><span class='hr-inner ' ><span class='hr-inner-style'><\/span><\/span><\/div><\/p>\n<div  class='av-social-sharing-box  avia-builder-el-7  el_after_av_hr  el_before_av_hr  '><div class='av-share-box'><h5 class='av-share-link-description av-no-toc '>Compartir esta noticia<\/h5><ul class='av-share-box-list noLightbox'><li class='av-share-link av-social-link-facebook' ><a target=\"_blank\" aria-label=\"Compartir en Facebook\" href='https:\/\/www.facebook.com\/sharer.php?u=https:\/\/radiorevelacionfm.cl\/?p=53117&#038;t=Empresa%20Aysenina%20reafirma%20su%20compromiso%20con%20la%20comunidad%20educativa%20tras%20firma%20de%20convenio%20y%20aporte%20de%20un%20invernadero%20a%20jard%C3%ADn%20infantil%20de%20Puerto%20Ays%C3%A9n' aria-hidden='false' data-av_icon='\ue8f3' data-av_iconfont='entypo-fontello' title='' data-avia-related-tooltip='Compartir en Facebook' rel=\"noopener\"><span class='avia_hidden_link_text'>Compartir en Facebook<\/span><\/a><\/li><li class='av-share-link av-social-link-twitter' ><a target=\"_blank\" aria-label=\"Compartir en Twitter\" href='https:\/\/twitter.com\/share?text=Empresa%20Aysenina%20reafirma%20su%20compromiso%20con%20la%20comunidad%20educativa%20tras%20firma%20de%20convenio%20y%20aporte%20de%20un%20invernadero%20a%20jard%C3%ADn%20infantil%20de%20Puerto%20Ays%C3%A9n&#038;url=https:\/\/radiorevelacionfm.cl\/?p=53117' aria-hidden='false' data-av_icon='\ue8f1' data-av_iconfont='entypo-fontello' title='' data-avia-related-tooltip='Compartir en Twitter' rel=\"noopener\"><span class='avia_hidden_link_text'>Compartir en Twitter<\/span><\/a><\/li><li class='av-share-link av-social-link-whatsapp' ><a target=\"_blank\" aria-label=\"Compartir en Whatsapp\" href='https:\/\/api.whatsapp.com\/send?text=https:\/\/radiorevelacionfm.cl\/?p=53117' aria-hidden='false' data-av_icon='\uf232' data-av_iconfont='entypo-fontello' title='' data-avia-related-tooltip='Compartir en Whatsapp' rel=\"noopener\"><span class='avia_hidden_link_text'>Compartir en Whatsapp<\/span><\/a><\/li><li class='av-share-link av-social-link-linkedin' ><a target=\"_blank\" aria-label=\"Compartir en LinkedIn\" href='https:\/\/linkedin.com\/shareArticle?mini=true&#038;title=Empresa%20Aysenina%20reafirma%20su%20compromiso%20con%20la%20comunidad%20educativa%20tras%20firma%20de%20convenio%20y%20aporte%20de%20un%20invernadero%20a%20jard%C3%ADn%20infantil%20de%20Puerto%20Ays%C3%A9n&#038;url=https:\/\/radiorevelacionfm.cl\/?p=53117' aria-hidden='false' data-av_icon='\ue8fc' data-av_iconfont='entypo-fontello' title='' data-avia-related-tooltip='Compartir en LinkedIn' rel=\"noopener\"><span class='avia_hidden_link_text'>Compartir en LinkedIn<\/span><\/a><\/li><li class='av-share-link av-social-link-mail' ><a  aria-label=\"Compartir por correo\" href='mailto:?subject=Empresa%20Aysenina%20reafirma%20su%20compromiso%20con%20la%20comunidad%20educativa%20tras%20firma%20de%20convenio%20y%20aporte%20de%20un%20invernadero%20a%20jard%C3%ADn%20infantil%20de%20Puerto%20Ays%C3%A9n&#038;body=https:\/\/radiorevelacionfm.cl\/?p=53117' aria-hidden='false' data-av_icon='\ue805' data-av_iconfont='entypo-fontello' title='' data-avia-related-tooltip='Compartir por correo'><span class='avia_hidden_link_text'>Compartir por correo<\/span><\/a><\/li><\/ul><\/div><\/div>\n<div  style='height:50px' class='hr hr-invisible   avia-builder-el-8  el_after_av_social_share  el_before_av_comments_list '><span class='hr-inner ' ><span class='hr-inner-style'><\/span><\/span><\/div>\n<div  class='av-buildercomment  av-blog-meta-html-info-disabled av-blog-meta-tag-disabled  '><\/div>\n","protected":false},"excerpt":{"rendered":"","protected":false},"author":1,"featured_media":53118,"comment_status":"closed","ping_status":"closed","sticky":false,"template":"","format":"standard","meta":{"footnotes":""},"categories":[38],"tags":[],"class_list":["post-53117","post","type-post","status-publish","format-standard","has-post-thumbnail","hentry","category-regional"],"jetpack_featured_media_url":"https:\/\/radiorevelacionfm.cl\/wp-content\/uploads\/2025\/04\/20250422_192737373_ios-1_optimized.jpg","_links":{"self":[{"href":"https:\/\/radiorevelacionfm.cl\/index.php?rest_route=\/wp\/v2\/posts\/53117","targetHints":{"allow":["GET"]}}],"collection":[{"href":"https:\/\/radiorevelacionfm.cl\/index.php?rest_route=\/wp\/v2\/posts"}],"about":[{"href":"https:\/\/radiorevelacionfm.cl\/index.php?rest_route=\/wp\/v2\/types\/post"}],"author":[{"embeddable":true,"href":"https:\/\/radiorevelacionfm.cl\/index.php?rest_route=\/wp\/v2\/users\/1"}],"replies":[{"embeddable":true,"href":"https:\/\/radiorevelacionfm.cl\/index.php?rest_route=%2Fwp%2Fv2%2Fcomments&post=53117"}],"version-history":[{"count":2,"href":"https:\/\/radiorevelacionfm.cl\/index.php?rest_route=\/wp\/v2\/posts\/53117\/revisions"}],"predecessor-version":[{"id":53123,"href":"https:\/\/radiorevelacionfm.cl\/index.php?rest_route=\/wp\/v2\/posts\/53117\/revisions\/53123"}],"wp:featuredmedia":[{"embeddable":true,"href":"https:\/\/radiorevelacionfm.cl\/index.php?rest_route=\/wp\/v2\/media\/53118"}],"wp:attachment":[{"href":"https:\/\/radiorevelacionfm.cl\/index.php?rest_route=%2Fwp%2Fv2%2Fmedia&parent=53117"}],"wp:term":[{"taxonomy":"category","embeddable":true,"href":"https:\/\/radiorevelacionfm.cl\/index.php?rest_route=%2Fwp%2Fv2%2Fcategories&post=53117"},{"taxonomy":"post_tag","embeddable":true,"href":"https:\/\/radiorevelacionfm.cl\/index.php?rest_route=%2Fwp%2Fv2%2Ftags&post=53117"}],"curies":[{"name":"wp","href":"https:\/\/api.w.org\/{rel}","templated":true}]}}