{"id":53109,"date":"2025-04-25T10:30:36","date_gmt":"2025-04-25T13:30:36","guid":{"rendered":"https:\/\/radiorevelacionfm.cl\/?p=53109"},"modified":"2025-04-25T10:30:36","modified_gmt":"2025-04-25T13:30:36","slug":"lanzan-campana-para-reactivar-y-convocar-a-nuevos-clubes-de-forjadores-ambientales-en-la-region-aysen","status":"publish","type":"post","link":"https:\/\/radiorevelacionfm.cl\/?p=53109","title":{"rendered":"Lanzan campa\u00f1a para reactivar y convocar a nuevos clubes de Forjadores Ambientales en la regi\u00f3n Ays\u00e9n"},"content":{"rendered":"<div class=\"flex_column av_one_full  flex_column_div av-zero-column-padding first  avia-builder-el-0  el_before_av_one_full  avia-builder-el-first  \" style='border-radius:0px; '><div  class='avia-image-container  av-styling-    avia-builder-el-1  avia-builder-el-no-sibling  avia-align-center '  itemprop=\"image\" itemscope=\"itemscope\" itemtype=\"https:\/\/schema.org\/ImageObject\"  ><div class='avia-image-container-inner'><div class='avia-image-overlay-wrap'><img decoding=\"async\" class='wp-image-53110 avia-img-lazy-loading-not-53110 avia_image' src=\"https:\/\/radiorevelacionfm.cl\/wp-content\/uploads\/2025\/04\/foto-4-forjadores-1_optimized-1.jpeg\" alt='' title='foto-4-forjadores-(1)_optimized (1)' height=\"600\" width=\"800\"  itemprop=\"thumbnailUrl\" srcset=\"https:\/\/radiorevelacionfm.cl\/wp-content\/uploads\/2025\/04\/foto-4-forjadores-1_optimized-1.jpeg 800w, https:\/\/radiorevelacionfm.cl\/wp-content\/uploads\/2025\/04\/foto-4-forjadores-1_optimized-1-300x225.jpeg 300w, https:\/\/radiorevelacionfm.cl\/wp-content\/uploads\/2025\/04\/foto-4-forjadores-1_optimized-1-768x576.jpeg 768w, https:\/\/radiorevelacionfm.cl\/wp-content\/uploads\/2025\/04\/foto-4-forjadores-1_optimized-1-705x529.jpeg 705w, https:\/\/radiorevelacionfm.cl\/wp-content\/uploads\/2025\/04\/foto-4-forjadores-1_optimized-1-450x338.jpeg 450w, https:\/\/radiorevelacionfm.cl\/wp-content\/uploads\/2025\/04\/foto-4-forjadores-1_optimized-1-600x450.jpeg 600w\" sizes=\"(max-width: 800px) 100vw, 800px\" \/><\/div><\/div><\/div><\/div><div class=\"flex_column av_one_full  flex_column_div av-zero-column-padding first  avia-builder-el-2  el_after_av_one_full  el_before_av_one_full  column-top-margin\" style='border-radius:0px; '><section class=\"av_textblock_section \"  itemscope=\"itemscope\" itemtype=\"https:\/\/schema.org\/BlogPosting\" itemprop=\"blogPost\" ><div class='avia_textblock  '   itemprop=\"text\" ><p style=\"text-align: center;\"><strong><span style=\"font-size: 18pt;\">Lanzan campa\u00f1a para reactivar y convocar a nuevos clubes de Forjadores Ambientales en la regi\u00f3n Ays\u00e9n<\/span><\/strong><\/p>\n<div id=\"gtx-trans\" style=\"position: absolute; left: -50px; top: 4.31534px;\">\n<div class=\"gtx-trans-icon\"><\/div>\n<\/div>\n<\/div><\/section><\/div><div class=\"flex_column av_one_full  flex_column_div av-zero-column-padding first  avia-builder-el-4  el_after_av_one_full  el_before_av_hr  column-top-margin\" style='border-radius:0px; '><section class=\"av_textblock_section \"  itemscope=\"itemscope\" itemtype=\"https:\/\/schema.org\/BlogPosting\" itemprop=\"blogPost\" ><div class='avia_textblock  '   itemprop=\"text\" ><p><em>Con plantaci\u00f3n de \u00e1rboles nativos y actividades educativas, la SEREMI del Medio Ambiente refuerza la red de forjadores ambientales en la regi\u00f3n.<\/em><\/p>\n<p style=\"text-align: justify;\">Junto a la comunidad educativa de la Escuela B\u00e1sica Municipal Ribera Sur de Puerto Ays\u00e9n, se realiz\u00f3 el lanzamiento de la campa\u00f1a #ForjadoresEnAcci\u00f3n, el tiempo es hoy! Iniciativa liderada por la SEREMI del Medio Ambiente y que tiene como objetivo relanzar la red de Forjadores Ambientales, invitando a reactivar y actualizar antiguos clubes de forjadores, pero tambi\u00e9n a constituir y registrar nuevos clubes desde diversos espacios ciudadanos.<\/p>\n<p style=\"text-align: justify;\">\u201cHoy estamos realizando este lanzamiento acompa\u00f1ados de estos forjadores y forjadoras que nacen al alero de un establecimiento educacional, como tantos otros que tenemos en la regi\u00f3n y queremos invitar a os clubes a actualizar sus datos, a reactivar aquellos que se han perdido, pero especialmente, queremos ampliar este llamado a clubes de adultos mayores, a clubes deportivos, a j\u00f3venes y adultos con compromiso ambiental a registrar su club en nuestra plataforma para seguir realizando acci\u00f3n ambiental en conjunto\u201d, declar\u00f3 el Seremi de Medio Ambiente, Yoal D\u00edaz.<\/p>\n<p style=\"text-align: justify;\">La actividad de lanzamiento reuni\u00f3 a estudiantes, docentes y miembros de la comunidad educativa en torno a la conciencia ecol\u00f3gica y compromiso ambiental de los Forjadores Ambientales, para luego realizar una plantaci\u00f3n de \u00e1rboles nativos en el huerto del establecimiento, a cargo de la Corporaci\u00f3n Nacional Forestal \u2013 CONAF. As\u00ed tambi\u00e9n, desde la SEREMI del Medio Ambiente, se realiz\u00f3 la entrega de jockeys distintivos del programa Forjadores Ambientales.<\/p>\n<p style=\"text-align: justify;\">Los Clubes de Forjadores Ambientales forman parte de la Estrategia Nacional de Educaci\u00f3n para el Desarrollo Sostenible del Ministerio del Medio Ambiente. Desde 1999, estos espacios re\u00fanen a estudiantes, docentes y vecinos en torno a la protecci\u00f3n del entorno, fomentando la corresponsabilidad ambiental, el trabajo colaborativo y el fortalecimiento del tejido social. En la regi\u00f3n de Ays\u00e9n existen m\u00e1s de 30 clubes activos en comunas como Coyhaique, Melinka, Caleta Andrade, Puyuhuapi y Puerto R\u00edo Tranquilo, con cerca de 300 voluntarios comprometidos.<\/p>\n<p style=\"text-align: justify;\">La campa\u00f1a, seg\u00fan indic\u00f3 el SEREMI Yoal D\u00edaz, busca reforzar la red de Forjadores Ambientales en la regi\u00f3n de Ays\u00e9n, incentivando la creaci\u00f3n de nuevos clubes en escuelas y liceos, consolidando la educaci\u00f3n ambiental como un eje transversal en la formaci\u00f3n escolar; pero tambi\u00e9n en nuevos espacios ciudadanos que permitan promover una cultura ambiental m\u00e1s all\u00e1 de la educaci\u00f3n formal, vinculando a toda la comunidad en un proceso activo e integral, para lo que el Seremi invit\u00f3 a la comunidad a visitar el sitio web <a href=\"https:\/\/forjadoresambientales.mma.gob.cl\/\">https:\/\/forjadoresambientales.mma.gob.cl\/<\/a> y seguir las instrucciones para la inscripci\u00f3n o actualizaci\u00f3n de datos.<\/p>\n<p style=\"text-align: justify;\">Coincidentemente, el d\u00eda de la realizaci\u00f3n de esta jornada, el Ministerio del Medio Ambiente aprob\u00f3 la adjudicaci\u00f3n del proyecto <em>\u201cAgua y Tierra: Talleres de Sustentabilidad y Educaci\u00f3n Ambiental\u201d<\/em> postulado por el Centro General de Padres y Apoderados de la Escuela Ribera Sur al Fondo de Protecci\u00f3n Ambiental 2025, \u00a0\u201cEl relanzamiento del Club de Forjadores Ambientales y la adjudicaci\u00f3n del proyecto FPA son un claro ejemplo de c\u00f3mo una comunidad organizada puede marcar la diferencia en la educaci\u00f3n ambiental y el cuidado del territorio\u201d, concluy\u00f3 el Seremi, Yoal D\u00edaz.<\/p>\n<\/div><\/section><\/div><div  style='height:50px' class='hr hr-invisible   avia-builder-el-6  el_after_av_one_full  el_before_av_social_share '><span class='hr-inner ' ><span class='hr-inner-style'><\/span><\/span><\/div><\/p>\n<div  class='av-social-sharing-box  avia-builder-el-7  el_after_av_hr  el_before_av_hr  '><div class='av-share-box'><h5 class='av-share-link-description av-no-toc '>Compartir esta noticia<\/h5><ul class='av-share-box-list noLightbox'><li class='av-share-link av-social-link-facebook' ><a target=\"_blank\" aria-label=\"Compartir en Facebook\" href='https:\/\/www.facebook.com\/sharer.php?u=https:\/\/radiorevelacionfm.cl\/?p=53109&#038;t=Lanzan%20campa%C3%B1a%20para%20reactivar%20y%20convocar%20a%20nuevos%20clubes%20de%20Forjadores%20Ambientales%20en%20la%20regi%C3%B3n%20Ays%C3%A9n' aria-hidden='false' data-av_icon='\ue8f3' data-av_iconfont='entypo-fontello' title='' data-avia-related-tooltip='Compartir en Facebook' rel=\"noopener\"><span class='avia_hidden_link_text'>Compartir en Facebook<\/span><\/a><\/li><li class='av-share-link av-social-link-twitter' ><a target=\"_blank\" aria-label=\"Compartir en Twitter\" href='https:\/\/twitter.com\/share?text=Lanzan%20campa%C3%B1a%20para%20reactivar%20y%20convocar%20a%20nuevos%20clubes%20de%20Forjadores%20Ambientales%20en%20la%20regi%C3%B3n%20Ays%C3%A9n&#038;url=https:\/\/radiorevelacionfm.cl\/?p=53109' aria-hidden='false' data-av_icon='\ue8f1' data-av_iconfont='entypo-fontello' title='' data-avia-related-tooltip='Compartir en Twitter' rel=\"noopener\"><span class='avia_hidden_link_text'>Compartir en Twitter<\/span><\/a><\/li><li class='av-share-link av-social-link-whatsapp' ><a target=\"_blank\" aria-label=\"Compartir en Whatsapp\" href='https:\/\/api.whatsapp.com\/send?text=https:\/\/radiorevelacionfm.cl\/?p=53109' aria-hidden='false' data-av_icon='\uf232' data-av_iconfont='entypo-fontello' title='' data-avia-related-tooltip='Compartir en Whatsapp' rel=\"noopener\"><span class='avia_hidden_link_text'>Compartir en Whatsapp<\/span><\/a><\/li><li class='av-share-link av-social-link-linkedin' ><a target=\"_blank\" aria-label=\"Compartir en LinkedIn\" href='https:\/\/linkedin.com\/shareArticle?mini=true&#038;title=Lanzan%20campa%C3%B1a%20para%20reactivar%20y%20convocar%20a%20nuevos%20clubes%20de%20Forjadores%20Ambientales%20en%20la%20regi%C3%B3n%20Ays%C3%A9n&#038;url=https:\/\/radiorevelacionfm.cl\/?p=53109' aria-hidden='false' data-av_icon='\ue8fc' data-av_iconfont='entypo-fontello' title='' data-avia-related-tooltip='Compartir en LinkedIn' rel=\"noopener\"><span class='avia_hidden_link_text'>Compartir en LinkedIn<\/span><\/a><\/li><li class='av-share-link av-social-link-mail' ><a  aria-label=\"Compartir por correo\" href='mailto:?subject=Lanzan%20campa%C3%B1a%20para%20reactivar%20y%20convocar%20a%20nuevos%20clubes%20de%20Forjadores%20Ambientales%20en%20la%20regi%C3%B3n%20Ays%C3%A9n&#038;body=https:\/\/radiorevelacionfm.cl\/?p=53109' aria-hidden='false' data-av_icon='\ue805' data-av_iconfont='entypo-fontello' title='' data-avia-related-tooltip='Compartir por correo'><span class='avia_hidden_link_text'>Compartir por correo<\/span><\/a><\/li><\/ul><\/div><\/div>\n<div  style='height:50px' class='hr hr-invisible   avia-builder-el-8  el_after_av_social_share  el_before_av_comments_list '><span class='hr-inner ' ><span class='hr-inner-style'><\/span><\/span><\/div>\n<div  class='av-buildercomment  av-blog-meta-html-info-disabled av-blog-meta-tag-disabled  '><\/div>\n","protected":false},"excerpt":{"rendered":"","protected":false},"author":1,"featured_media":53110,"comment_status":"closed","ping_status":"closed","sticky":false,"template":"","format":"standard","meta":{"footnotes":""},"categories":[39],"tags":[],"class_list":["post-53109","post","type-post","status-publish","format-standard","has-post-thumbnail","hentry","category-medio-ambiente"],"jetpack_featured_media_url":"https:\/\/radiorevelacionfm.cl\/wp-content\/uploads\/2025\/04\/foto-4-forjadores-1_optimized-1.jpeg","_links":{"self":[{"href":"https:\/\/radiorevelacionfm.cl\/index.php?rest_route=\/wp\/v2\/posts\/53109","targetHints":{"allow":["GET"]}}],"collection":[{"href":"https:\/\/radiorevelacionfm.cl\/index.php?rest_route=\/wp\/v2\/posts"}],"about":[{"href":"https:\/\/radiorevelacionfm.cl\/index.php?rest_route=\/wp\/v2\/types\/post"}],"author":[{"embeddable":true,"href":"https:\/\/radiorevelacionfm.cl\/index.php?rest_route=\/wp\/v2\/users\/1"}],"replies":[{"embeddable":true,"href":"https:\/\/radiorevelacionfm.cl\/index.php?rest_route=%2Fwp%2Fv2%2Fcomments&post=53109"}],"version-history":[{"count":2,"href":"https:\/\/radiorevelacionfm.cl\/index.php?rest_route=\/wp\/v2\/posts\/53109\/revisions"}],"predecessor-version":[{"id":53112,"href":"https:\/\/radiorevelacionfm.cl\/index.php?rest_route=\/wp\/v2\/posts\/53109\/revisions\/53112"}],"wp:featuredmedia":[{"embeddable":true,"href":"https:\/\/radiorevelacionfm.cl\/index.php?rest_route=\/wp\/v2\/media\/53110"}],"wp:attachment":[{"href":"https:\/\/radiorevelacionfm.cl\/index.php?rest_route=%2Fwp%2Fv2%2Fmedia&parent=53109"}],"wp:term":[{"taxonomy":"category","embeddable":true,"href":"https:\/\/radiorevelacionfm.cl\/index.php?rest_route=%2Fwp%2Fv2%2Fcategories&post=53109"},{"taxonomy":"post_tag","embeddable":true,"href":"https:\/\/radiorevelacionfm.cl\/index.php?rest_route=%2Fwp%2Fv2%2Ftags&post=53109"}],"curies":[{"name":"wp","href":"https:\/\/api.w.org\/{rel}","templated":true}]}}