{"id":5310,"date":"2021-06-16T13:32:05","date_gmt":"2021-06-16T16:32:05","guid":{"rendered":"https:\/\/radiorevelacionfm.cl\/?p=5310"},"modified":"2021-06-16T13:32:05","modified_gmt":"2021-06-16T16:32:05","slug":"entregan-resultados-de-la-segunda-version-de-la-encuesta-senda-en-tiempos-de-covid19","status":"publish","type":"post","link":"https:\/\/radiorevelacionfm.cl\/?p=5310","title":{"rendered":"Entregan resultados de la segunda versi\u00f3n de la Encuesta Senda en tiempos de Covid19"},"content":{"rendered":"<div class=\"flex_column av_one_full  flex_column_div av-zero-column-padding first  avia-builder-el-0  el_before_av_one_full  avia-builder-el-first  \" style='border-radius:0px; '><div  class='avia-image-container  av-styling-    avia-builder-el-1  avia-builder-el-no-sibling  avia-align-center '  itemprop=\"image\" itemscope=\"itemscope\" itemtype=\"https:\/\/schema.org\/ImageObject\"  ><div class='avia-image-container-inner'><div class='avia-image-overlay-wrap'><img decoding=\"async\" class='wp-image-0 avia-img-lazy-loading-not-0 avia_image' src=\"https:\/\/radiorevelacionfm.cl\/wp-content\/uploads\/2021\/06\/Foto-Directora1-1.jpg\" alt='' title=''   itemprop=\"thumbnailUrl\"  \/><\/div><\/div><\/div><\/div><div class=\"flex_column av_one_full  flex_column_div av-zero-column-padding first  avia-builder-el-2  el_after_av_one_full  el_before_av_one_full  column-top-margin\" style='border-radius:0px; '><section class=\"av_textblock_section \"  itemscope=\"itemscope\" itemtype=\"https:\/\/schema.org\/BlogPosting\" itemprop=\"blogPost\" ><div class='avia_textblock  '   itemprop=\"text\" ><p style=\"text-align: center;\"><strong><span style=\"font-size: 18pt;\">Entregan resultados de la segunda versi\u00f3n de la Encuesta Senda en tiempos de Covid19<\/span><\/strong><\/p>\n<div id=\"gtx-trans\" style=\"position: absolute; left: -50px; top: 4.31534px;\">\n<div class=\"gtx-trans-icon\"><\/div>\n<\/div>\n<\/div><\/section><\/div><div class=\"flex_column av_one_full  flex_column_div av-zero-column-padding first  avia-builder-el-4  el_after_av_one_full  el_before_av_hr  column-top-margin\" style='border-radius:0px; '><section class=\"av_textblock_section \"  itemscope=\"itemscope\" itemtype=\"https:\/\/schema.org\/BlogPosting\" itemprop=\"blogPost\" ><div class='avia_textblock  '   itemprop=\"text\" ><p style=\"text-align: justify;\">Al mediod\u00eda de este martes 14 de junio y en el contexto del reporte de situaci\u00f3n sanitaria de la regi\u00f3n, entregado por la Seremi de Salud Ays\u00e9n, la Directora Regional de Senda, dio a conocer los resultados de la regi\u00f3n de Ays\u00e9n, de la <em>SEGUNDA ENCUESTA ONLINE EFECTOS COVID-19 EN USO DE ALCOHOL Y OTRAS DROGAS EN CHILE<\/em> realizada por el Servicio Nacional para la Prevenci\u00f3n y Rehabilitaci\u00f3n del Consumo de Drogas y Alcohol SENDA.<\/p>\n<p style=\"text-align: justify;\">La encuesta aplicada por SENDA en su segunda versi\u00f3n entre los d\u00edas 20 de abril y el 14 de mayo del a\u00f1o en curso, estuvo dirigida a personas mayores de 18 a\u00f1os de la regi\u00f3n, consumidores de alcohol u otra droga, se aplic\u00f3 en formato online y tuvo el car\u00e1cter de voluntario, confidencial y an\u00f3nimo.<\/p>\n<p style=\"text-align: justify;\">Los resultados entregados por SENDA Ays\u00e9n se vinculan al consumo de alcohol y otras drogas entre las que destacan la marihuana y los medicamentos sin receta m\u00e9dica.<\/p>\n<p style=\"text-align: justify;\">Entre los principales resultados obtenidos en relaci\u00f3n al consumo de alcohol, destaca el que un 32,5 % de quienes respondieron la encuesta indica que ha consumido menos alcohol desde el inicio del Covid-19; un 24,4 % se\u00f1ala que ha consumido m\u00e1s y un 36,6 % declara haber consumido la misma cantidad.<\/p>\n<p style=\"text-align: justify;\">En cuanto a la marihuana un 25,0 % declara haber consumido menos marihuana; un 32,4 % dice haber consumido m\u00e1s y un 31,5 % indica haber usado la misma cantidad.<\/p>\n<p style=\"text-align: justify;\">Preocupante resultado arroj\u00f3 la encuesta en el \u00e1mbito del consumo de medicamentos sin receta m\u00e9dica, considerando que el 46,6 % de las personas que respondieron la encuesta y reconocieron el consumo de medicamentos sin receta m\u00e9dica, se\u00f1alan haber aumentado el consumo desde el inicio de la pandemia; el 6,9 % declara que ha consumido menos y el 34,5 % se\u00f1ala haber usado la misma cantidad.<\/p>\n<p style=\"text-align: justify;\">Consultada al respecto la Directora Regional de Senda, Annie Katherine Hunter Guti\u00e9rrez indic\u00f3: \u201cprimero que todo destacar la participaci\u00f3n de la comunidad, important\u00edsimo su aporte y destacar tambi\u00e9n el aumento de encuestas que se validaron a an\u00e1lisis, subimos en ese aspecto en relaci\u00f3n al a\u00f1o anterior. Nos preocupa, indiscutiblemente el que haya subido el porcentaje de personas que declara un aumento de consumo de alcohol y de marihuana, as\u00ed como tambi\u00e9n preocupa el alto porcentaje de personas que reconoce haber aumentado el consumo de medicamentos sin receta m\u00e9dica; considerando las razones esgrimidas para explicar el alza, es innegable que el COVID-19 ha impactado los h\u00e1bitos de consumo de los Aiseninos, que sin pandemia no se destacan necesariamente por ser saludables. Los datos sustentan el llamado que SENDA viene haciendo en cuanto a la necesidad de instalar una cultura preventiva ante el consumo de alcohol y otras drogas y trabajar en conjunto una problem\u00e1tica que nos est\u00e1 aquejando como comunidad\u201d.<\/p>\n<p style=\"text-align: justify;\">Importante resulta destacar que el 46,7 % de las personas que declara consumir m\u00e1s alcohol, as\u00ed como tambi\u00e9n el 57,1 % que declara consumir m\u00e1s marihuana y el 66,7% de quienes reconocen consumir m\u00e1s medicamentos sin receta m\u00e9dica, se\u00f1alan que esto se debe a la ansiedad, estr\u00e9s y\/o depresi\u00f3n que le produce el contexto de pandemia;\u00a0 mientras que un 50,0% de quienes declaran consumir menos alcohol lo explican en tener menos oportunidades para consumir, el 22,2% de quienes consumen menos marihuana declaran no saber el por qu\u00e9 consumen menos y el 50,0% de quienes declaran consumir menos medicamentos sin receta m\u00e9dica lo justifica en el estar preocupados por su salud.<\/p>\n<p style=\"text-align: justify;\">Los resultados se obtuvieron tras el an\u00e1lisis realizado por la mesa de expertos de un total de 504 encuestas validadas de un universo superior a las 740 encuestas en donde prim\u00f3 la respuesta de las mujeres alcanzando un 60,1% y la de personas entre los 18 y los 39 a\u00f1os de edad correspondiente a un 56,9%.<\/p>\n<\/div><\/section><\/div><div  style='height:50px' class='hr hr-invisible   avia-builder-el-6  el_after_av_one_full  el_before_av_social_share '><span class='hr-inner ' ><span class='hr-inner-style'><\/span><\/span><\/div><\/p>\n<div  class='av-social-sharing-box  avia-builder-el-7  el_after_av_hr  el_before_av_hr  '><div class='av-share-box'><h5 class='av-share-link-description av-no-toc '>Compartir esta noticia<\/h5><ul class='av-share-box-list noLightbox'><li class='av-share-link av-social-link-facebook' ><a target=\"_blank\" aria-label=\"Compartir en Facebook\" href='https:\/\/www.facebook.com\/sharer.php?u=https:\/\/radiorevelacionfm.cl\/?p=5310&#038;t=Entregan%20resultados%20de%20la%20segunda%20versi%C3%B3n%20de%20la%20Encuesta%20Senda%20en%20tiempos%20de%20Covid19' aria-hidden='false' data-av_icon='\ue8f3' data-av_iconfont='entypo-fontello' title='' data-avia-related-tooltip='Compartir en Facebook' rel=\"noopener\"><span class='avia_hidden_link_text'>Compartir en Facebook<\/span><\/a><\/li><li class='av-share-link av-social-link-twitter' ><a target=\"_blank\" aria-label=\"Compartir en Twitter\" href='https:\/\/twitter.com\/share?text=Entregan%20resultados%20de%20la%20segunda%20versi%C3%B3n%20de%20la%20Encuesta%20Senda%20en%20tiempos%20de%20Covid19&#038;url=https:\/\/radiorevelacionfm.cl\/?p=5310' aria-hidden='false' data-av_icon='\ue8f1' data-av_iconfont='entypo-fontello' title='' data-avia-related-tooltip='Compartir en Twitter' rel=\"noopener\"><span class='avia_hidden_link_text'>Compartir en Twitter<\/span><\/a><\/li><li class='av-share-link av-social-link-whatsapp' ><a target=\"_blank\" aria-label=\"Compartir en Whatsapp\" href='https:\/\/api.whatsapp.com\/send?text=https:\/\/radiorevelacionfm.cl\/?p=5310' aria-hidden='false' data-av_icon='\uf232' data-av_iconfont='entypo-fontello' title='' data-avia-related-tooltip='Compartir en Whatsapp' rel=\"noopener\"><span class='avia_hidden_link_text'>Compartir en Whatsapp<\/span><\/a><\/li><li class='av-share-link av-social-link-linkedin' ><a target=\"_blank\" aria-label=\"Compartir en LinkedIn\" href='https:\/\/linkedin.com\/shareArticle?mini=true&#038;title=Entregan%20resultados%20de%20la%20segunda%20versi%C3%B3n%20de%20la%20Encuesta%20Senda%20en%20tiempos%20de%20Covid19&#038;url=https:\/\/radiorevelacionfm.cl\/?p=5310' aria-hidden='false' data-av_icon='\ue8fc' data-av_iconfont='entypo-fontello' title='' data-avia-related-tooltip='Compartir en LinkedIn' rel=\"noopener\"><span class='avia_hidden_link_text'>Compartir en LinkedIn<\/span><\/a><\/li><li class='av-share-link av-social-link-mail' ><a  aria-label=\"Compartir por correo\" href='mailto:?subject=Entregan%20resultados%20de%20la%20segunda%20versi%C3%B3n%20de%20la%20Encuesta%20Senda%20en%20tiempos%20de%20Covid19&#038;body=https:\/\/radiorevelacionfm.cl\/?p=5310' aria-hidden='false' data-av_icon='\ue805' data-av_iconfont='entypo-fontello' title='' data-avia-related-tooltip='Compartir por correo'><span class='avia_hidden_link_text'>Compartir por correo<\/span><\/a><\/li><\/ul><\/div><\/div>\n<div  style='height:50px' class='hr hr-invisible   avia-builder-el-8  el_after_av_social_share  el_before_av_comments_list '><span class='hr-inner ' ><span class='hr-inner-style'><\/span><\/span><\/div>\n<div  class='av-buildercomment  av-blog-meta-html-info-disabled av-blog-meta-tag-disabled  '><\/div>\n","protected":false},"excerpt":{"rendered":"","protected":false},"author":1,"featured_media":0,"comment_status":"open","ping_status":"open","sticky":false,"template":"","format":"standard","meta":{"footnotes":""},"categories":[38],"tags":[],"class_list":["post-5310","post","type-post","status-publish","format-standard","hentry","category-regional"],"jetpack_featured_media_url":"","_links":{"self":[{"href":"https:\/\/radiorevelacionfm.cl\/index.php?rest_route=\/wp\/v2\/posts\/5310","targetHints":{"allow":["GET"]}}],"collection":[{"href":"https:\/\/radiorevelacionfm.cl\/index.php?rest_route=\/wp\/v2\/posts"}],"about":[{"href":"https:\/\/radiorevelacionfm.cl\/index.php?rest_route=\/wp\/v2\/types\/post"}],"author":[{"embeddable":true,"href":"https:\/\/radiorevelacionfm.cl\/index.php?rest_route=\/wp\/v2\/users\/1"}],"replies":[{"embeddable":true,"href":"https:\/\/radiorevelacionfm.cl\/index.php?rest_route=%2Fwp%2Fv2%2Fcomments&post=5310"}],"version-history":[{"count":1,"href":"https:\/\/radiorevelacionfm.cl\/index.php?rest_route=\/wp\/v2\/posts\/5310\/revisions"}],"predecessor-version":[{"id":5312,"href":"https:\/\/radiorevelacionfm.cl\/index.php?rest_route=\/wp\/v2\/posts\/5310\/revisions\/5312"}],"wp:attachment":[{"href":"https:\/\/radiorevelacionfm.cl\/index.php?rest_route=%2Fwp%2Fv2%2Fmedia&parent=5310"}],"wp:term":[{"taxonomy":"category","embeddable":true,"href":"https:\/\/radiorevelacionfm.cl\/index.php?rest_route=%2Fwp%2Fv2%2Fcategories&post=5310"},{"taxonomy":"post_tag","embeddable":true,"href":"https:\/\/radiorevelacionfm.cl\/index.php?rest_route=%2Fwp%2Fv2%2Ftags&post=5310"}],"curies":[{"name":"wp","href":"https:\/\/api.w.org\/{rel}","templated":true}]}}