{"id":53099,"date":"2025-04-25T09:56:21","date_gmt":"2025-04-25T12:56:21","guid":{"rendered":"https:\/\/radiorevelacionfm.cl\/?p=53099"},"modified":"2025-04-25T09:56:21","modified_gmt":"2025-04-25T12:56:21","slug":"fiesta-de-la-manzana-y-corrida-de-la-guina-en-villa-los-torreones-convoco-a-cientos-de-visitantes","status":"publish","type":"post","link":"https:\/\/radiorevelacionfm.cl\/?p=53099","title":{"rendered":"Fiesta de la Manzana y Corrida de la gui\u00f1a en Villa Los Torreones convoc\u00f3 a cientos de visitantes"},"content":{"rendered":"<div class=\"flex_column av_one_full  flex_column_div av-zero-column-padding first  avia-builder-el-0  el_before_av_one_full  avia-builder-el-first  \" style='border-radius:0px; '><div  class='avia-image-container  av-styling-    avia-builder-el-1  avia-builder-el-no-sibling  avia-align-center '  itemprop=\"image\" itemscope=\"itemscope\" itemtype=\"https:\/\/schema.org\/ImageObject\"  ><div class='avia-image-container-inner'><div class='avia-image-overlay-wrap'><img decoding=\"async\" class='wp-image-53100 avia-img-lazy-loading-not-53100 avia_image' src=\"https:\/\/radiorevelacionfm.cl\/wp-content\/uploads\/2025\/04\/fiesta-de-la-manzana-1_optimized-1.jpeg\" alt='' title='fiesta-de-la-manzana-(1)_optimized (1)' height=\"600\" width=\"827\"  itemprop=\"thumbnailUrl\" srcset=\"https:\/\/radiorevelacionfm.cl\/wp-content\/uploads\/2025\/04\/fiesta-de-la-manzana-1_optimized-1.jpeg 827w, https:\/\/radiorevelacionfm.cl\/wp-content\/uploads\/2025\/04\/fiesta-de-la-manzana-1_optimized-1-300x218.jpeg 300w, https:\/\/radiorevelacionfm.cl\/wp-content\/uploads\/2025\/04\/fiesta-de-la-manzana-1_optimized-1-768x557.jpeg 768w, https:\/\/radiorevelacionfm.cl\/wp-content\/uploads\/2025\/04\/fiesta-de-la-manzana-1_optimized-1-705x511.jpeg 705w, https:\/\/radiorevelacionfm.cl\/wp-content\/uploads\/2025\/04\/fiesta-de-la-manzana-1_optimized-1-450x326.jpeg 450w, https:\/\/radiorevelacionfm.cl\/wp-content\/uploads\/2025\/04\/fiesta-de-la-manzana-1_optimized-1-600x435.jpeg 600w\" sizes=\"(max-width: 827px) 100vw, 827px\" \/><\/div><\/div><\/div><\/div><div class=\"flex_column av_one_full  flex_column_div av-zero-column-padding first  avia-builder-el-2  el_after_av_one_full  el_before_av_one_full  column-top-margin\" style='border-radius:0px; '><section class=\"av_textblock_section \"  itemscope=\"itemscope\" itemtype=\"https:\/\/schema.org\/BlogPosting\" itemprop=\"blogPost\" ><div class='avia_textblock  '   itemprop=\"text\" ><p style=\"text-align: center;\"><strong><span style=\"font-size: 18pt;\"><em>Fiesta de la Manzana y Corrida de la gui\u00f1a<\/em> en Villa Los Torreones convoc\u00f3 a cientos de visitantes<\/span><\/strong><\/p>\n<div id=\"gtx-trans\" style=\"position: absolute; left: -50px; top: 4.31534px;\">\n<div class=\"gtx-trans-icon\"><\/div>\n<\/div>\n<\/div><\/section><\/div><div class=\"flex_column av_one_full  flex_column_div av-zero-column-padding first  avia-builder-el-4  el_after_av_one_full  el_before_av_hr  column-top-margin\" style='border-radius:0px; '><section class=\"av_textblock_section \"  itemscope=\"itemscope\" itemtype=\"https:\/\/schema.org\/BlogPosting\" itemprop=\"blogPost\" ><div class='avia_textblock  '   itemprop=\"text\" ><p style=\"text-align: justify;\"><em>La primera versi\u00f3n de esta fiesta costumbrista convoc\u00f3 a personas de toda la regi\u00f3n, logrando convertirse en un aporte al desarrollo del turismo y emprendimiento local.<\/em><\/p>\n<p style=\"text-align: justify;\">Desde las primeras horas de la ma\u00f1ana, se dieron cita familias de toda la regi\u00f3n, logrando una excelente convocatoria para la <strong>Corrida de la Gui\u00f1a<\/strong>, cuyo recorrido de 13 kil\u00f3metros, se desarroll\u00f3 a trav\u00e9s del Circuito Caracoles, localizado en el r\u00edo\u00a0del mismo nombre, entre dos pasarelas que cruzan el r\u00edo Simpson. Quienes participaron en esta corrida familiar, no competitiva, se mostraron felices de poder recorrer los bellos paisajes de la ruta establecida.<\/p>\n<p style=\"text-align: justify;\">La meta de la carrera se instal\u00f3 en la puerta de entrada a la Primera Fiesta de la Manzana de Villa Los Torreones, en la antigua escuela del pueblo. Esta iniciativa tur\u00edstico cultural fue organizada por la Asociaci\u00f3n Gremial de Peque\u00f1os Campesinos de Villa Los Torreones, Agrupaci\u00f3n de Turismo Los Torreones y el club de triatletas TriAys\u00e9n, junto con el Laboratorio de Innovaci\u00f3n Tur\u00edstica de la Patagonia de la Universidad Austral de Chile, con apoyo de la Junta de Vecinos de Villa Los Torreones, Conaf y la Municipalidad de Ays\u00e9n.<\/p>\n<p style=\"text-align: justify;\">M\u00e1s de 600 personas participaron en esta fiesta, donde pudieron degustar preparaciones en base a la manzana patag\u00f3nica, tales como sidra, chicha, empanadas de manzanas y strudel. Diversos emprendimientos de gastronom\u00eda, artesan\u00eda, cerveza artesanal, kombucha, operadores tur\u00edsticos locales, como tambi\u00e9n stands de instituciones p\u00fablicas como CONAF, INDAP, SERCOTEC, Municipalidad de Ays\u00e9n y el Laboratorio de Innovaci\u00f3n Tur\u00edstica de la Patagonia de la Universidad Austral de Chile, se dieron cita en esta celebraci\u00f3n.<\/p>\n<p style=\"text-align: justify;\">Durante la jornada se entregaron reconocimientos a cuatro pobladores fundadores de Villa Los Torreones: Ermelinda Asencio, Irma Vargas, Jos\u00e9 Antonio Gallardo y de manera p\u00f3stuma, a Alberto \u00c1lvarez, convirti\u00e9ndose en un importante y emotivo momento para los vecinos.<\/p>\n<p style=\"text-align: justify;\">Tambi\u00e9n se llevaron a cabo variados concursos, como la mejor empanada de manzana, ocasi\u00f3n en la que cinco vecinas del sector compitieron por el primer lugar, resultando ganadora la Sra. Glenda Vargas, con una preparaci\u00f3n que recuerda los sabores de casa y del cari\u00f1o de la gente de la localidad. El jurado estuvo compuesto por tres personas, presidido por el Chef y profesor de la carrera de Gastronom\u00eda de Inacap Coyhaique, Cesar Silva.<\/p>\n<p style=\"text-align: justify;\">Otro atractivo momento fue la competencia por la manzana m\u00e1s pesada, resultando ganadora una manzana de 320 gr. producida por la vecina Jessica \u00c1lvarez del sector km.28.<\/p>\n<p style=\"text-align: justify;\">Para amenizar el d\u00eda, se cont\u00f3 con la presentaci\u00f3n de grupos locales que interpretaron m\u00fasica patagona. El cantautor y poeta, V\u00edctor Flavio Vargas, el d\u00fao musical Hachamachete, con folclore latinoamericano; el rock, soul y rap representado por Fernando Prosa y el Lago de Las Almas, finalizando con el grupo Nalcayec con danza y folclore patag\u00f3n.<\/p>\n<p style=\"text-align: justify;\"><strong>\u00a0<\/strong><\/p>\n<\/div><\/section><\/div><div  style='height:50px' class='hr hr-invisible   avia-builder-el-6  el_after_av_one_full  el_before_av_social_share '><span class='hr-inner ' ><span class='hr-inner-style'><\/span><\/span><\/div><\/p>\n<div  class='av-social-sharing-box  avia-builder-el-7  el_after_av_hr  el_before_av_hr  '><div class='av-share-box'><h5 class='av-share-link-description av-no-toc '>Compartir esta noticia<\/h5><ul class='av-share-box-list noLightbox'><li class='av-share-link av-social-link-facebook' ><a target=\"_blank\" aria-label=\"Compartir en Facebook\" href='https:\/\/www.facebook.com\/sharer.php?u=https:\/\/radiorevelacionfm.cl\/?p=53099&#038;t=Fiesta%20de%20la%20Manzana%20y%20Corrida%20de%20la%20gui%C3%B1a%20en%20Villa%20Los%20Torreones%20convoc%C3%B3%20a%20cientos%20de%20visitantes' aria-hidden='false' data-av_icon='\ue8f3' data-av_iconfont='entypo-fontello' title='' data-avia-related-tooltip='Compartir en Facebook' rel=\"noopener\"><span class='avia_hidden_link_text'>Compartir en Facebook<\/span><\/a><\/li><li class='av-share-link av-social-link-twitter' ><a target=\"_blank\" aria-label=\"Compartir en Twitter\" href='https:\/\/twitter.com\/share?text=Fiesta%20de%20la%20Manzana%20y%20Corrida%20de%20la%20gui%C3%B1a%20en%20Villa%20Los%20Torreones%20convoc%C3%B3%20a%20cientos%20de%20visitantes&#038;url=https:\/\/radiorevelacionfm.cl\/?p=53099' aria-hidden='false' data-av_icon='\ue8f1' data-av_iconfont='entypo-fontello' title='' data-avia-related-tooltip='Compartir en Twitter' rel=\"noopener\"><span class='avia_hidden_link_text'>Compartir en Twitter<\/span><\/a><\/li><li class='av-share-link av-social-link-whatsapp' ><a target=\"_blank\" aria-label=\"Compartir en Whatsapp\" href='https:\/\/api.whatsapp.com\/send?text=https:\/\/radiorevelacionfm.cl\/?p=53099' aria-hidden='false' data-av_icon='\uf232' data-av_iconfont='entypo-fontello' title='' data-avia-related-tooltip='Compartir en Whatsapp' rel=\"noopener\"><span class='avia_hidden_link_text'>Compartir en Whatsapp<\/span><\/a><\/li><li class='av-share-link av-social-link-linkedin' ><a target=\"_blank\" aria-label=\"Compartir en LinkedIn\" href='https:\/\/linkedin.com\/shareArticle?mini=true&#038;title=Fiesta%20de%20la%20Manzana%20y%20Corrida%20de%20la%20gui%C3%B1a%20en%20Villa%20Los%20Torreones%20convoc%C3%B3%20a%20cientos%20de%20visitantes&#038;url=https:\/\/radiorevelacionfm.cl\/?p=53099' aria-hidden='false' data-av_icon='\ue8fc' data-av_iconfont='entypo-fontello' title='' data-avia-related-tooltip='Compartir en LinkedIn' rel=\"noopener\"><span class='avia_hidden_link_text'>Compartir en LinkedIn<\/span><\/a><\/li><li class='av-share-link av-social-link-mail' ><a  aria-label=\"Compartir por correo\" href='mailto:?subject=Fiesta%20de%20la%20Manzana%20y%20Corrida%20de%20la%20gui%C3%B1a%20en%20Villa%20Los%20Torreones%20convoc%C3%B3%20a%20cientos%20de%20visitantes&#038;body=https:\/\/radiorevelacionfm.cl\/?p=53099' aria-hidden='false' data-av_icon='\ue805' data-av_iconfont='entypo-fontello' title='' data-avia-related-tooltip='Compartir por correo'><span class='avia_hidden_link_text'>Compartir por correo<\/span><\/a><\/li><\/ul><\/div><\/div>\n<div  style='height:50px' class='hr hr-invisible   avia-builder-el-8  el_after_av_social_share  el_before_av_comments_list '><span class='hr-inner ' ><span class='hr-inner-style'><\/span><\/span><\/div>\n<div  class='av-buildercomment  av-blog-meta-html-info-disabled av-blog-meta-tag-disabled  '><\/div>\n","protected":false},"excerpt":{"rendered":"","protected":false},"author":1,"featured_media":53100,"comment_status":"closed","ping_status":"closed","sticky":false,"template":"","format":"standard","meta":{"footnotes":""},"categories":[38],"tags":[],"class_list":["post-53099","post","type-post","status-publish","format-standard","has-post-thumbnail","hentry","category-regional"],"jetpack_featured_media_url":"https:\/\/radiorevelacionfm.cl\/wp-content\/uploads\/2025\/04\/fiesta-de-la-manzana-1_optimized-1.jpeg","_links":{"self":[{"href":"https:\/\/radiorevelacionfm.cl\/index.php?rest_route=\/wp\/v2\/posts\/53099","targetHints":{"allow":["GET"]}}],"collection":[{"href":"https:\/\/radiorevelacionfm.cl\/index.php?rest_route=\/wp\/v2\/posts"}],"about":[{"href":"https:\/\/radiorevelacionfm.cl\/index.php?rest_route=\/wp\/v2\/types\/post"}],"author":[{"embeddable":true,"href":"https:\/\/radiorevelacionfm.cl\/index.php?rest_route=\/wp\/v2\/users\/1"}],"replies":[{"embeddable":true,"href":"https:\/\/radiorevelacionfm.cl\/index.php?rest_route=%2Fwp%2Fv2%2Fcomments&post=53099"}],"version-history":[{"count":2,"href":"https:\/\/radiorevelacionfm.cl\/index.php?rest_route=\/wp\/v2\/posts\/53099\/revisions"}],"predecessor-version":[{"id":53103,"href":"https:\/\/radiorevelacionfm.cl\/index.php?rest_route=\/wp\/v2\/posts\/53099\/revisions\/53103"}],"wp:featuredmedia":[{"embeddable":true,"href":"https:\/\/radiorevelacionfm.cl\/index.php?rest_route=\/wp\/v2\/media\/53100"}],"wp:attachment":[{"href":"https:\/\/radiorevelacionfm.cl\/index.php?rest_route=%2Fwp%2Fv2%2Fmedia&parent=53099"}],"wp:term":[{"taxonomy":"category","embeddable":true,"href":"https:\/\/radiorevelacionfm.cl\/index.php?rest_route=%2Fwp%2Fv2%2Fcategories&post=53099"},{"taxonomy":"post_tag","embeddable":true,"href":"https:\/\/radiorevelacionfm.cl\/index.php?rest_route=%2Fwp%2Fv2%2Ftags&post=53099"}],"curies":[{"name":"wp","href":"https:\/\/api.w.org\/{rel}","templated":true}]}}