{"id":53095,"date":"2025-04-24T21:06:15","date_gmt":"2025-04-25T00:06:15","guid":{"rendered":"https:\/\/radiorevelacionfm.cl\/?p=53095"},"modified":"2025-04-24T21:06:15","modified_gmt":"2025-04-25T00:06:15","slug":"direccion-del-trabajo-realizo-fiscalizacion-de-buses-interurbanos-durante-feriado-de-semana-santa","status":"publish","type":"post","link":"https:\/\/radiorevelacionfm.cl\/?p=53095","title":{"rendered":"Direcci\u00f3n del Trabajo realiz\u00f3 fiscalizaci\u00f3n de buses interurbanos durante feriado de Semana Santa"},"content":{"rendered":"<div class=\"flex_column av_one_full  flex_column_div av-zero-column-padding first  avia-builder-el-0  el_before_av_one_full  avia-builder-el-first  \" style='border-radius:0px; '><div  class='avia-image-container  av-styling-    avia-builder-el-1  avia-builder-el-no-sibling  avia-align-center '  itemprop=\"image\" itemscope=\"itemscope\" itemtype=\"https:\/\/schema.org\/ImageObject\"  ><div class='avia-image-container-inner'><div class='avia-image-overlay-wrap'><img decoding=\"async\" class='wp-image-53096 avia-img-lazy-loading-not-53096 avia_image' src=\"https:\/\/radiorevelacionfm.cl\/wp-content\/uploads\/2025\/04\/17.04.2025-Fiscalizacion-Buses-Semana-Santa5-1-1.jpg\" alt='' title='17.04.2025 Fiscalizaci\u00f3n Buses Semana Santa5 (1) (1)' height=\"600\" width=\"846\"  itemprop=\"thumbnailUrl\" srcset=\"https:\/\/radiorevelacionfm.cl\/wp-content\/uploads\/2025\/04\/17.04.2025-Fiscalizacion-Buses-Semana-Santa5-1-1.jpg 846w, https:\/\/radiorevelacionfm.cl\/wp-content\/uploads\/2025\/04\/17.04.2025-Fiscalizacion-Buses-Semana-Santa5-1-1-300x213.jpg 300w, https:\/\/radiorevelacionfm.cl\/wp-content\/uploads\/2025\/04\/17.04.2025-Fiscalizacion-Buses-Semana-Santa5-1-1-768x545.jpg 768w, https:\/\/radiorevelacionfm.cl\/wp-content\/uploads\/2025\/04\/17.04.2025-Fiscalizacion-Buses-Semana-Santa5-1-1-260x185.jpg 260w, https:\/\/radiorevelacionfm.cl\/wp-content\/uploads\/2025\/04\/17.04.2025-Fiscalizacion-Buses-Semana-Santa5-1-1-705x500.jpg 705w, https:\/\/radiorevelacionfm.cl\/wp-content\/uploads\/2025\/04\/17.04.2025-Fiscalizacion-Buses-Semana-Santa5-1-1-450x319.jpg 450w, https:\/\/radiorevelacionfm.cl\/wp-content\/uploads\/2025\/04\/17.04.2025-Fiscalizacion-Buses-Semana-Santa5-1-1-600x426.jpg 600w\" sizes=\"(max-width: 846px) 100vw, 846px\" \/><\/div><\/div><\/div><\/div><div class=\"flex_column av_one_full  flex_column_div av-zero-column-padding first  avia-builder-el-2  el_after_av_one_full  el_before_av_one_full  column-top-margin\" style='border-radius:0px; '><section class=\"av_textblock_section \"  itemscope=\"itemscope\" itemtype=\"https:\/\/schema.org\/BlogPosting\" itemprop=\"blogPost\" ><div class='avia_textblock  '   itemprop=\"text\" ><div><\/div>\n<p class=\"v1MsoNormal\" style=\"text-align: center;\"><strong><span style=\"font-size: 18pt;\">Direcci\u00f3n del Trabajo realiz\u00f3 fiscalizaci\u00f3n de buses interurbanos durante feriado de Semana Santa <\/span><\/strong><\/p>\n<div id=\"gtx-trans\" style=\"position: absolute; left: -50px; top: 4.31534px;\">\n<div class=\"gtx-trans-icon\"><\/div>\n<\/div>\n<\/div><\/section><\/div><div class=\"flex_column av_one_full  flex_column_div av-zero-column-padding first  avia-builder-el-4  el_after_av_one_full  el_before_av_hr  column-top-margin\" style='border-radius:0px; '><section class=\"av_textblock_section \"  itemscope=\"itemscope\" itemtype=\"https:\/\/schema.org\/BlogPosting\" itemprop=\"blogPost\" ><div class='avia_textblock  '   itemprop=\"text\" ><p style=\"text-align: justify;\"><em><span lang=\"ES\">Primera instancia de fiscalizaci\u00f3n en la Regi\u00f3n de Ays\u00e9n fue durante el Feriado de Semana Santa, tuvo un resultado de 2 multas. El programa inspectivo se repetir\u00e1 en los feriados largos venideros, verificando diversas materias, como los descansos de los conductores.<\/span><\/em><\/p>\n<p class=\"v1MsoNormal\" style=\"text-align: justify;\">La Direcci\u00f3n Regional del Trabajo Ays\u00e9n incluy\u00f3 por primera vez un programa de fiscalizaci\u00f3n de buses interurbanos de transportes de pasajeros en feriados largos, con ocasi\u00f3n del aumento de viajes, siendo su debut esta Semana Santa 2025. De esta forma, la Regi\u00f3n de Ays\u00e9n se suma al Programa Nacional de Fiscalizaci\u00f3n en esta materia.<\/p>\n<p class=\"v1MsoNormal\" style=\"text-align: justify;\">Este programa incluir\u00e1 todos los fines de semana largos venideros, as\u00ed lo afirm\u00f3 la Seremi del Trabajo y Previsi\u00f3n Social, Camila Covarrubias, \u00abLa Direcci\u00f3n del Trabajo llev\u00f3 adelante el primer programa de fiscalizaci\u00f3n de buses interurbanos de pasajeros, en un esfuerzo por velar por la seguridad y la salud de las y los trabajadores y tambi\u00e9n por la seguridad de los pasajeros. Como Gobierno estamos comprometidos con las y los trabajadores, por lo que durante todo el a\u00f1o estaremos realizando fiscalizaciones en los fines de semana largos\u00bb.<\/p>\n<p class=\"v1MsoNormal\" style=\"text-align: justify;\">En tanto, el director regional del Trabajo, Christian Aros, detall\u00f3 el resultado de esta primera fiscalizaci\u00f3n, \u00abComo Direcci\u00f3n del Trabajo por primera vez realizamos este programa de fiscalizaci\u00f3n de transporte interurbano de pasajeros simult\u00e1neamente en Coyhaique, Ays\u00e9n y Chile Chico, donde fiscalizamos, por ejemplo, la jornada de trabajo para que los choferes de la locomoci\u00f3n colectiva tengan su correspondiente tiempo de descanso y se asegure de esa manera la seguridad del trabajador o trabajadora de la empresa, como de los pasajeros que viajan con ellos. Estos procedimientos fueron 6 y terminaron 2 de ellos con multas. Invitamos a las empresas a respetar la normativa existente\u00bb.<\/p>\n<p class=\"v1MsoNormal\" style=\"text-align: justify;\"><span lang=\"ES\">Los controles estuvieron centrados exclusivamente en aquellos buses que realizan viajes de m\u00e1s de cinco horas. Para ello, en los terminales de las 16 regiones objeto del programa inspectivo los fiscalizadores subieron a las cabinas e imprimieron desde el dispositivo automatizado instalado junto al volante el comprobante de registro de jornada y descanso cumplido previamente por cada miembro de la tripulaci\u00f3n.<\/span><\/p>\n<p class=\"v1MsoNormal\" style=\"text-align: justify;\"><span lang=\"ES\">Durante esta fiscalizaci\u00f3n la DT pod\u00eda aplicar multas o hasta suspender a las tripulaciones o a parte de ellas si se comprobaba de los comprobantes impresos que no se hab\u00eda cumplido con los descansos previos, o incluso si de la toma de declaraciones a choferes y auxiliares surgieron indicios de aquella infracci\u00f3n.<\/span><\/p>\n<p class=\"v1MsoNormal\" style=\"text-align: justify;\"><b><u>Programa de fiscalizaci\u00f3n nacional<\/u><\/b><\/p>\n<p class=\"v1MsoNormal\" style=\"text-align: justify;\">A nivel nacional, la DT durante la fiscalizaci\u00f3n realizada entre el jueves 17 y el viernes 18 de abril, en 16 regiones del pa\u00eds,\u00a0<span lang=\"ES\">arroj\u00f3 232 fiscalizaciones, 88 de ellas terminadas con multas, cuyo monto fue de $244.249.584.<\/span><\/p>\n<p class=\"v1MsoNormal\" style=\"text-align: justify;\"><span lang=\"ES\">El programa consisti\u00f3 en fiscalizaciones a 232 buses en las regiones de Arica y Parinacota (10), Tarapac\u00e1 (15), Antofagasta (15), Atacama (15), Coquimbo (20), Valpara\u00edso (18), O&#8217;Higgins (10), Maule (15), \u00d1uble (10), Biob\u00edo (15), La Araucan\u00eda (11), Los R\u00edos (15), Los Lagos (26), Ays\u00e9n (6), Magallanes (1) y Metropolitana (30).<\/span><\/p>\n<p class=\"v1MsoNormal\" style=\"text-align: justify;\"><span lang=\"ES\">El objetivo del programa inspectivo fue verificar que las tripulaciones iniciaran sus turnos con los descansos legales previamente cumplidos, garantizando as\u00ed la seguridad carretera de choferes, auxiliares y pasajeros. Cinco tripulantes debieron terminar sus turnos al no cumplir con la citada disposici\u00f3n.<\/span><\/p>\n<p class=\"v1MsoNormal\" style=\"text-align: justify;\"><span lang=\"ES\">El director del Trabajo, Pablo Zenteno, subray\u00f3 el doble beneficio de estas fiscalizaciones: \u00abLa Direcci\u00f3n del Trabajo realiz\u00f3 entre ayer y hoy 232 fiscalizaciones en 16 regiones del pa\u00eds, con lo cual aumentamos las realizadas en la \u00faltima fiscalizaci\u00f3n, superando tambi\u00e9n las multas y los montos en dinero\u00bb.<\/span><\/p>\n<p class=\"v1MsoNormal\" style=\"text-align: justify;\"><span lang=\"ES\">La autoridad a\u00f1adi\u00f3 que \u00abal fiscalizar que choferes y auxiliares est\u00e9n debidamente descansados no solo hacemos cumplir la legislaci\u00f3n laboral, sino que tambi\u00e9n colaboramos a que los viajes para estos trabajadores y sus pasajeros sean seguros y no haya accidentes por culpa de la fatiga de quienes conducen los buses\u00bb.<\/span><\/p>\n<p class=\"v1MsoNormal\" style=\"text-align: justify;\"><b><u><span lang=\"ES\">Materias fiscalizables y multas<\/span><\/u><\/b><\/p>\n<p class=\"v1MsoNormal\" style=\"text-align: justify;\"><span lang=\"ES\">Las materias fiscalizadas fueron:<\/span><\/p>\n<p style=\"text-align: justify;\"><span lang=\"ES\">\u00b7 <\/span><span lang=\"ES\">Instalaci\u00f3n y funcionamiento del dispositivo de registro automatizado de asistencia y determinaci\u00f3n de las horas de trabajo.<\/span><\/p>\n<p style=\"text-align: justify;\"><span lang=\"ES\">\u00b7 <\/span><span lang=\"ES\">Funcionamiento correcto del dispositivo de registro automatizado de asistencia y determinaci\u00f3n de las horas de trabajo.<\/span><\/p>\n<p style=\"text-align: justify;\"><span lang=\"ES\">\u00b7 <\/span><span lang=\"ES\">Tiempo m\u00e1ximo de conducci\u00f3n continua (5 horas)<\/span><\/p>\n<p style=\"text-align: justify;\"><span lang=\"ES\">\u00b7 <\/span><span lang=\"ES\">Descanso m\u00ednimo entre turnos de conducci\u00f3n (2 horas)<\/span><\/p>\n<p style=\"text-align: justify;\"><span lang=\"ES\">\u00b7 <\/span><span lang=\"ES\">Descanso semanal compensatorio.<\/span><\/p>\n<p style=\"text-align: justify;\"><span lang=\"ES\">\u00b7 <\/span><span lang=\"ES\">Cumplimiento correcto de autorizaciones de jornadas excepcionales de trabajo y descanso.<\/span><\/p>\n<p class=\"v1MsoNormal\" style=\"text-align: justify;\"><span lang=\"ES\">Las infracciones a cualquiera de estas obligaciones significaron la aplicaci\u00f3n de multas que fluct\u00faan entre las 3 ($204.918) y las 60 ($4.098.360) Unidades Tributarias Mensuales, al valor de abril ($68.306), dependiendo de si la empresa sancionada es micro, peque\u00f1a, mediana o grande.<\/span><\/p>\n<p class=\"v1MsoNormal\" style=\"text-align: justify;\"><b><u><span lang=\"ES\">Suspensi\u00f3n de tripulantes<\/span><\/u><\/b><\/p>\n<p class=\"v1MsoNormal\" style=\"text-align: justify;\"><span lang=\"ES\">Los fiscalizadores pod\u00edan suspender a tripulantes (choferes y auxiliares) por alguna de las siguientes infracciones:<\/span><\/p>\n<p style=\"text-align: justify;\"><span lang=\"ES\">\u00b7 <\/span><span lang=\"ES\">No est\u00e1 instalado en el bus el dispositivo de registro automatizado de asistencia y determinaci\u00f3n de las horas de trabajo.<\/span><\/p>\n<p style=\"text-align: justify;\"><span lang=\"ES\">\u00b7 <\/span><span lang=\"ES\">El dispositivo est\u00e1 instalado, pero sin funcionamiento y de la declaraci\u00f3n del tripulante se advierte que no ha cumplido correctamente con sus jornadas y descansos.<\/span><\/p>\n<p style=\"text-align: justify;\"><span lang=\"ES\">\u00b7 <\/span><span lang=\"ES\">El dispositivo est\u00e1 en funcionamiento, pero el reporte impreso no arroja toda la informaci\u00f3n necesaria y de la declaraci\u00f3n del tripulante se advierte que no ha cumplido correctamente con sus jornadas y descansos.<\/span><\/p>\n<p style=\"text-align: justify;\"><span lang=\"ES\">\u00b7 <\/span><span lang=\"ES\">Los tripulantes en infracci\u00f3n deben dejar sus turnos de inmediato. Los buses que iban a conducir solo pueden iniciar sus viajes si las empresas reemplazan a los trabajadores suspendidos por otros que s\u00ed han cumplido previamente con los descansos legales.<\/span><\/p>\n<p class=\"v1MsoNormal\" style=\"text-align: justify;\"><b><u><span lang=\"ES\">Resultados por regiones del programa de Fiscalizaci\u00f3n<\/span><\/u><\/b><\/p>\n<p class=\"v1MsoNormal\" style=\"text-align: justify;\"><span lang=\"ES\">El balance regional fue el siguiente:<\/span><\/p>\n<table border=\"0\" cellspacing=\"0\" cellpadding=\"0\">\n<tbody>\n<tr>\n<td valign=\"top\" width=\"147\">\n<p class=\"v1MsoNormal\"><b><span lang=\"ES\">Regi\u00f3n<\/span><\/b><b><\/b><\/p>\n<\/td>\n<td valign=\"top\" width=\"147\">\n<p class=\"v1MsoNormal\"><b><span lang=\"ES\">Fiscalizaciones<\/span><\/b><b><\/b><\/p>\n<\/td>\n<td valign=\"top\" width=\"147\">\n<p class=\"v1MsoNormal\"><b><span lang=\"ES\">Multas<\/span><\/b><b><\/b><\/p>\n<\/td>\n<td valign=\"top\" width=\"147\">\n<p class=\"v1MsoNormal\"><b><span lang=\"ES\">Trabajadores suspendidos<\/span><\/b><b><\/b><\/p>\n<\/td>\n<\/tr>\n<tr>\n<td valign=\"top\" width=\"147\">\n<p class=\"v1MsoNormal\"><span lang=\"ES\">Arica y Parinacota<\/span><\/p>\n<\/td>\n<td valign=\"top\" width=\"147\">\n<p class=\"v1MsoNormal\" align=\"center\"><b><span lang=\"ES\">10<\/span><\/b><\/p>\n<\/td>\n<td valign=\"top\" width=\"147\">\n<p class=\"v1MsoNormal\" align=\"center\"><b><span lang=\"ES\">4<\/span><\/b><\/p>\n<\/td>\n<td valign=\"top\" width=\"147\">\n<p class=\"v1MsoNormal\" align=\"center\"><b><span lang=\"ES\">0<\/span><\/b><\/p>\n<\/td>\n<\/tr>\n<tr>\n<td valign=\"top\" width=\"147\">\n<p class=\"v1MsoNormal\"><span lang=\"ES\">Tarapac\u00e1<\/span><\/p>\n<\/td>\n<td valign=\"top\" width=\"147\">\n<p class=\"v1MsoNormal\" align=\"center\"><b><span lang=\"ES\">15<\/span><\/b><b><\/b><\/p>\n<\/td>\n<td valign=\"top\" width=\"147\">\n<p class=\"v1MsoNormal\" align=\"center\"><b><span lang=\"ES\">13<\/span><\/b><b><\/b><\/p>\n<\/td>\n<td valign=\"top\" width=\"147\">\n<p class=\"v1MsoNormal\" align=\"center\"><b><span lang=\"ES\">0<\/span><\/b><b><\/b><\/p>\n<\/td>\n<\/tr>\n<tr>\n<td valign=\"top\" width=\"147\">\n<p class=\"v1MsoNormal\"><span lang=\"ES\">Antofagasta<\/span><\/p>\n<\/td>\n<td valign=\"top\" width=\"147\">\n<p class=\"v1MsoNormal\" align=\"center\"><b><span lang=\"ES\">15<\/span><\/b><\/p>\n<\/td>\n<td valign=\"top\" width=\"147\">\n<p class=\"v1MsoNormal\" align=\"center\"><b><span lang=\"ES\">12<\/span><\/b><\/p>\n<\/td>\n<td valign=\"top\" width=\"147\">\n<p class=\"v1MsoNormal\" align=\"center\"><b><span lang=\"ES\">0<\/span><\/b><\/p>\n<\/td>\n<\/tr>\n<tr>\n<td valign=\"top\" width=\"147\">\n<p class=\"v1MsoNormal\"><span lang=\"ES\">Atacama<\/span><\/p>\n<\/td>\n<td valign=\"top\" width=\"147\">\n<p class=\"v1MsoNormal\" align=\"center\"><b><span lang=\"ES\">15<\/span><\/b><b><\/b><\/p>\n<\/td>\n<td valign=\"top\" width=\"147\">\n<p class=\"v1MsoNormal\" align=\"center\"><b><span lang=\"ES\">8<\/span><\/b><b><\/b><\/p>\n<\/td>\n<td valign=\"top\" width=\"147\">\n<p class=\"v1MsoNormal\" align=\"center\"><b><span lang=\"ES\">0<\/span><\/b><b><\/b><\/p>\n<\/td>\n<\/tr>\n<tr>\n<td valign=\"top\" width=\"147\">\n<p class=\"v1MsoNormal\"><span lang=\"ES\">Coquimbo<\/span><\/p>\n<\/td>\n<td valign=\"top\" width=\"147\">\n<p class=\"v1MsoNormal\" align=\"center\"><b><span lang=\"ES\">20<\/span><\/b><\/p>\n<\/td>\n<td valign=\"top\" width=\"147\">\n<p class=\"v1MsoNormal\" align=\"center\"><b><span lang=\"ES\">7<\/span><\/b><\/p>\n<\/td>\n<td valign=\"top\" width=\"147\">\n<p class=\"v1MsoNormal\" align=\"center\"><b><span lang=\"ES\">1<\/span><\/b><\/p>\n<\/td>\n<\/tr>\n<tr>\n<td valign=\"top\" width=\"147\">\n<p class=\"v1MsoNormal\"><span lang=\"ES\">Valpara\u00edso<\/span><\/p>\n<\/td>\n<td valign=\"top\" width=\"147\">\n<p class=\"v1MsoNormal\" align=\"center\"><b><span lang=\"ES\">18<\/span><\/b><b><\/b><\/p>\n<\/td>\n<td valign=\"top\" width=\"147\">\n<p class=\"v1MsoNormal\" align=\"center\"><b><span lang=\"ES\">2<\/span><\/b><b><\/b><\/p>\n<\/td>\n<td valign=\"top\" width=\"147\">\n<p class=\"v1MsoNormal\" align=\"center\"><b><span lang=\"ES\">0<\/span><\/b><b><\/b><\/p>\n<\/td>\n<\/tr>\n<tr>\n<td valign=\"top\" width=\"147\">\n<p class=\"v1MsoNormal\"><span lang=\"ES\">Metropolitana<\/span><\/p>\n<\/td>\n<td valign=\"top\" width=\"147\">\n<p class=\"v1MsoNormal\" align=\"center\"><b><span lang=\"ES\">30<\/span><\/b><\/p>\n<\/td>\n<td valign=\"top\" width=\"147\">\n<p class=\"v1MsoNormal\" align=\"center\"><b><span lang=\"ES\">9<\/span><\/b><\/p>\n<\/td>\n<td valign=\"top\" width=\"147\">\n<p class=\"v1MsoNormal\" align=\"center\"><b><span lang=\"ES\">0<\/span><\/b><\/p>\n<\/td>\n<\/tr>\n<tr>\n<td valign=\"top\" width=\"147\">\n<p class=\"v1MsoNormal\"><span lang=\"ES\">O&#8217;Higgins<\/span><\/p>\n<\/td>\n<td valign=\"top\" width=\"147\">\n<p class=\"v1MsoNormal\" align=\"center\"><b><span lang=\"ES\">10<\/span><\/b><b><\/b><\/p>\n<\/td>\n<td valign=\"top\" width=\"147\">\n<p class=\"v1MsoNormal\" align=\"center\"><b><span lang=\"ES\">4<\/span><\/b><b><\/b><\/p>\n<\/td>\n<td valign=\"top\" width=\"147\">\n<p class=\"v1MsoNormal\" align=\"center\"><b><span lang=\"ES\">0<\/span><\/b><b><\/b><\/p>\n<\/td>\n<\/tr>\n<tr>\n<td valign=\"top\" width=\"147\">\n<p class=\"v1MsoNormal\"><span lang=\"ES\">Maule<\/span><\/p>\n<\/td>\n<td valign=\"top\" width=\"147\">\n<p class=\"v1MsoNormal\" align=\"center\"><b><span lang=\"ES\">15<\/span><\/b><\/p>\n<\/td>\n<td valign=\"top\" width=\"147\">\n<p class=\"v1MsoNormal\" align=\"center\"><b><span lang=\"ES\">6<\/span><\/b><\/p>\n<\/td>\n<td valign=\"top\" width=\"147\">\n<p class=\"v1MsoNormal\" align=\"center\"><b><span lang=\"ES\">0<\/span><\/b><\/p>\n<\/td>\n<\/tr>\n<tr>\n<td valign=\"top\" width=\"147\">\n<p class=\"v1MsoNormal\"><span lang=\"ES\">\u00d1uble<\/span><\/p>\n<\/td>\n<td valign=\"top\" width=\"147\">\n<p class=\"v1MsoNormal\" align=\"center\"><b><span lang=\"ES\">10<\/span><\/b><b><\/b><\/p>\n<\/td>\n<td valign=\"top\" width=\"147\">\n<p class=\"v1MsoNormal\" align=\"center\"><b><span lang=\"ES\">2<\/span><\/b><b><\/b><\/p>\n<\/td>\n<td valign=\"top\" width=\"147\">\n<p class=\"v1MsoNormal\" align=\"center\"><b><span lang=\"ES\">0<\/span><\/b><b><\/b><\/p>\n<\/td>\n<\/tr>\n<tr>\n<td valign=\"top\" width=\"147\">\n<p class=\"v1MsoNormal\"><span lang=\"ES\">Biob\u00edo<\/span><\/p>\n<\/td>\n<td valign=\"top\" width=\"147\">\n<p class=\"v1MsoNormal\" align=\"center\"><b><span lang=\"ES\">15<\/span><\/b><\/p>\n<\/td>\n<td valign=\"top\" width=\"147\">\n<p class=\"v1MsoNormal\" align=\"center\"><b><span lang=\"ES\">0<\/span><\/b><\/p>\n<\/td>\n<td valign=\"top\" width=\"147\">\n<p class=\"v1MsoNormal\" align=\"center\"><b><span lang=\"ES\">0<\/span><\/b><\/p>\n<\/td>\n<\/tr>\n<tr>\n<td valign=\"top\" width=\"147\">\n<p class=\"v1MsoNormal\"><span lang=\"ES\">La Araucan\u00eda<\/span><\/p>\n<\/td>\n<td valign=\"top\" width=\"147\">\n<p class=\"v1MsoNormal\" align=\"center\"><b><span lang=\"ES\">11<\/span><\/b><b><\/b><\/p>\n<\/td>\n<td valign=\"top\" width=\"147\">\n<p class=\"v1MsoNormal\" align=\"center\"><b><span lang=\"ES\">3<\/span><\/b><b><\/b><\/p>\n<\/td>\n<td valign=\"top\" width=\"147\">\n<p class=\"v1MsoNormal\" align=\"center\"><b><span lang=\"ES\">0<\/span><\/b><b><\/b><\/p>\n<\/td>\n<\/tr>\n<tr>\n<td valign=\"top\" width=\"147\">\n<p class=\"v1MsoNormal\"><span lang=\"ES\">Los R\u00edos<\/span><\/p>\n<\/td>\n<td valign=\"top\" width=\"147\">\n<p class=\"v1MsoNormal\" align=\"center\"><b><span lang=\"ES\">15<\/span><\/b><\/p>\n<\/td>\n<td valign=\"top\" width=\"147\">\n<p class=\"v1MsoNormal\" align=\"center\"><b><span lang=\"ES\">9<\/span><\/b><\/p>\n<\/td>\n<td valign=\"top\" width=\"147\">\n<p class=\"v1MsoNormal\" align=\"center\"><b><span lang=\"ES\">3<\/span><\/b><\/p>\n<\/td>\n<\/tr>\n<tr>\n<td valign=\"top\" width=\"147\">\n<p class=\"v1MsoNormal\"><span lang=\"ES\">Los Lagos<\/span><\/p>\n<\/td>\n<td valign=\"top\" width=\"147\">\n<p class=\"v1MsoNormal\" align=\"center\"><b><span lang=\"ES\">26<\/span><\/b><b><\/b><\/p>\n<\/td>\n<td valign=\"top\" width=\"147\">\n<p class=\"v1MsoNormal\" align=\"center\"><b><span lang=\"ES\">6<\/span><\/b><b><\/b><\/p>\n<\/td>\n<td valign=\"top\" width=\"147\">\n<p class=\"v1MsoNormal\" align=\"center\"><b><span lang=\"ES\">1<\/span><\/b><b><\/b><\/p>\n<\/td>\n<\/tr>\n<tr>\n<td valign=\"top\" width=\"147\">\n<p class=\"v1MsoNormal\"><span lang=\"ES\">Ays\u00e9n<\/span><\/p>\n<\/td>\n<td valign=\"top\" width=\"147\">\n<p class=\"v1MsoNormal\" align=\"center\"><b><span lang=\"ES\">6<\/span><\/b><\/p>\n<\/td>\n<td valign=\"top\" width=\"147\">\n<p class=\"v1MsoNormal\" align=\"center\"><b><span lang=\"ES\">2<\/span><\/b><\/p>\n<\/td>\n<td valign=\"top\" width=\"147\">\n<p class=\"v1MsoNormal\" align=\"center\"><b><span lang=\"ES\">0<\/span><\/b><\/p>\n<\/td>\n<\/tr>\n<tr>\n<td valign=\"top\" width=\"147\">\n<p class=\"v1MsoNormal\"><span lang=\"ES\">Magallanes<\/span><\/p>\n<\/td>\n<td valign=\"top\" width=\"147\">\n<p class=\"v1MsoNormal\" align=\"center\"><b><span lang=\"ES\">1<\/span><\/b><\/p>\n<\/td>\n<td valign=\"top\" width=\"147\">\n<p class=\"v1MsoNormal\" align=\"center\"><b><span lang=\"ES\">1<\/span><\/b><\/p>\n<\/td>\n<td valign=\"top\" width=\"147\">\n<p class=\"v1MsoNormal\" align=\"center\"><b><span lang=\"ES\">0<\/span><\/b><\/p>\n<\/td>\n<\/tr>\n<tr>\n<td valign=\"top\" width=\"147\">\n<p class=\"v1MsoNormal\"><b><span lang=\"ES\">TOTAL<\/span><\/b><b><\/b><\/p>\n<\/td>\n<td valign=\"top\" width=\"147\">\n<p class=\"v1MsoNormal\"><b><span lang=\"ES\">\u00a0\u00a0\u00a0\u00a0\u00a0\u00a0\u00a0\u00a0\u00a0\u00a0\u00a0\u00a0\u00a0\u00a0232<\/span><\/b><b><\/b><\/p>\n<\/td>\n<td valign=\"top\" width=\"147\">\n<p class=\"v1MsoNormal\"><b><span lang=\"ES\">\u00a0\u00a0\u00a0\u00a0\u00a0\u00a0\u00a0\u00a0\u00a0\u00a0\u00a0\u00a0\u00a0\u00a0 88<\/span><\/b><b><\/b><\/p>\n<\/td>\n<td valign=\"top\" width=\"147\">\n<p class=\"v1MsoNormal\"><b><span lang=\"ES\">\u00a0\u00a0\u00a0\u00a0\u00a0\u00a0\u00a0\u00a0\u00a0\u00a0\u00a0\u00a0\u00a0\u00a0\u00a0\u00a0 5<\/span><\/b><b><\/b><\/p>\n<\/td>\n<\/tr>\n<\/tbody>\n<\/table>\n<p class=\"v1MsoNormal\" style=\"text-align: justify;\"><b><span lang=\"ES\">\u00a0<\/span><\/b><\/p>\n<p class=\"v1MsoNormal\" style=\"text-align: justify;\"><span lang=\"ES-MX\">\u00a0<\/span><\/p>\n<\/div><\/section><\/div><div  style='height:50px' class='hr hr-invisible   avia-builder-el-6  el_after_av_one_full  el_before_av_social_share '><span class='hr-inner ' ><span class='hr-inner-style'><\/span><\/span><\/div><\/p>\n<div  class='av-social-sharing-box  avia-builder-el-7  el_after_av_hr  el_before_av_hr  '><div class='av-share-box'><h5 class='av-share-link-description av-no-toc '>Compartir esta noticia<\/h5><ul class='av-share-box-list noLightbox'><li class='av-share-link av-social-link-facebook' ><a target=\"_blank\" aria-label=\"Compartir en Facebook\" href='https:\/\/www.facebook.com\/sharer.php?u=https:\/\/radiorevelacionfm.cl\/?p=53095&#038;t=Direcci%C3%B3n%20del%20Trabajo%20realiz%C3%B3%20fiscalizaci%C3%B3n%20de%20buses%20interurbanos%20durante%20feriado%20de%20Semana%20Santa' aria-hidden='false' data-av_icon='\ue8f3' data-av_iconfont='entypo-fontello' title='' data-avia-related-tooltip='Compartir en Facebook' rel=\"noopener\"><span class='avia_hidden_link_text'>Compartir en Facebook<\/span><\/a><\/li><li class='av-share-link av-social-link-twitter' ><a target=\"_blank\" aria-label=\"Compartir en Twitter\" href='https:\/\/twitter.com\/share?text=Direcci%C3%B3n%20del%20Trabajo%20realiz%C3%B3%20fiscalizaci%C3%B3n%20de%20buses%20interurbanos%20durante%20feriado%20de%20Semana%20Santa&#038;url=https:\/\/radiorevelacionfm.cl\/?p=53095' aria-hidden='false' data-av_icon='\ue8f1' data-av_iconfont='entypo-fontello' title='' data-avia-related-tooltip='Compartir en Twitter' rel=\"noopener\"><span class='avia_hidden_link_text'>Compartir en Twitter<\/span><\/a><\/li><li class='av-share-link av-social-link-whatsapp' ><a target=\"_blank\" aria-label=\"Compartir en Whatsapp\" href='https:\/\/api.whatsapp.com\/send?text=https:\/\/radiorevelacionfm.cl\/?p=53095' aria-hidden='false' data-av_icon='\uf232' data-av_iconfont='entypo-fontello' title='' data-avia-related-tooltip='Compartir en Whatsapp' rel=\"noopener\"><span class='avia_hidden_link_text'>Compartir en Whatsapp<\/span><\/a><\/li><li class='av-share-link av-social-link-linkedin' ><a target=\"_blank\" aria-label=\"Compartir en LinkedIn\" href='https:\/\/linkedin.com\/shareArticle?mini=true&#038;title=Direcci%C3%B3n%20del%20Trabajo%20realiz%C3%B3%20fiscalizaci%C3%B3n%20de%20buses%20interurbanos%20durante%20feriado%20de%20Semana%20Santa&#038;url=https:\/\/radiorevelacionfm.cl\/?p=53095' aria-hidden='false' data-av_icon='\ue8fc' data-av_iconfont='entypo-fontello' title='' data-avia-related-tooltip='Compartir en LinkedIn' rel=\"noopener\"><span class='avia_hidden_link_text'>Compartir en LinkedIn<\/span><\/a><\/li><li class='av-share-link av-social-link-mail' ><a  aria-label=\"Compartir por correo\" href='mailto:?subject=Direcci%C3%B3n%20del%20Trabajo%20realiz%C3%B3%20fiscalizaci%C3%B3n%20de%20buses%20interurbanos%20durante%20feriado%20de%20Semana%20Santa&#038;body=https:\/\/radiorevelacionfm.cl\/?p=53095' aria-hidden='false' data-av_icon='\ue805' data-av_iconfont='entypo-fontello' title='' data-avia-related-tooltip='Compartir por correo'><span class='avia_hidden_link_text'>Compartir por correo<\/span><\/a><\/li><\/ul><\/div><\/div>\n<div  style='height:50px' class='hr hr-invisible   avia-builder-el-8  el_after_av_social_share  el_before_av_comments_list '><span class='hr-inner ' ><span class='hr-inner-style'><\/span><\/span><\/div>\n<div  class='av-buildercomment  av-blog-meta-html-info-disabled av-blog-meta-tag-disabled  '><\/div>\n","protected":false},"excerpt":{"rendered":"","protected":false},"author":1,"featured_media":53096,"comment_status":"closed","ping_status":"closed","sticky":false,"template":"","format":"standard","meta":{"footnotes":""},"categories":[56],"tags":[],"class_list":["post-53095","post","type-post","status-publish","format-standard","has-post-thumbnail","hentry","category-trabajo"],"jetpack_featured_media_url":"https:\/\/radiorevelacionfm.cl\/wp-content\/uploads\/2025\/04\/17.04.2025-Fiscalizacion-Buses-Semana-Santa5-1-1.jpg","_links":{"self":[{"href":"https:\/\/radiorevelacionfm.cl\/index.php?rest_route=\/wp\/v2\/posts\/53095","targetHints":{"allow":["GET"]}}],"collection":[{"href":"https:\/\/radiorevelacionfm.cl\/index.php?rest_route=\/wp\/v2\/posts"}],"about":[{"href":"https:\/\/radiorevelacionfm.cl\/index.php?rest_route=\/wp\/v2\/types\/post"}],"author":[{"embeddable":true,"href":"https:\/\/radiorevelacionfm.cl\/index.php?rest_route=\/wp\/v2\/users\/1"}],"replies":[{"embeddable":true,"href":"https:\/\/radiorevelacionfm.cl\/index.php?rest_route=%2Fwp%2Fv2%2Fcomments&post=53095"}],"version-history":[{"count":2,"href":"https:\/\/radiorevelacionfm.cl\/index.php?rest_route=\/wp\/v2\/posts\/53095\/revisions"}],"predecessor-version":[{"id":53098,"href":"https:\/\/radiorevelacionfm.cl\/index.php?rest_route=\/wp\/v2\/posts\/53095\/revisions\/53098"}],"wp:featuredmedia":[{"embeddable":true,"href":"https:\/\/radiorevelacionfm.cl\/index.php?rest_route=\/wp\/v2\/media\/53096"}],"wp:attachment":[{"href":"https:\/\/radiorevelacionfm.cl\/index.php?rest_route=%2Fwp%2Fv2%2Fmedia&parent=53095"}],"wp:term":[{"taxonomy":"category","embeddable":true,"href":"https:\/\/radiorevelacionfm.cl\/index.php?rest_route=%2Fwp%2Fv2%2Fcategories&post=53095"},{"taxonomy":"post_tag","embeddable":true,"href":"https:\/\/radiorevelacionfm.cl\/index.php?rest_route=%2Fwp%2Fv2%2Ftags&post=53095"}],"curies":[{"name":"wp","href":"https:\/\/api.w.org\/{rel}","templated":true}]}}