{"id":53089,"date":"2025-04-25T09:48:30","date_gmt":"2025-04-25T12:48:30","guid":{"rendered":"https:\/\/radiorevelacionfm.cl\/?p=53089"},"modified":"2025-04-25T09:48:30","modified_gmt":"2025-04-25T12:48:30","slug":"expreso-conecta-mayor-2025-comienza-sus-viajes-en-la-comuna-de-aysen","status":"publish","type":"post","link":"https:\/\/radiorevelacionfm.cl\/?p=53089","title":{"rendered":"Expreso Conecta Mayor 2025 comienza sus viajes en la comuna de Ays\u00e9n"},"content":{"rendered":"<div class=\"flex_column av_one_full  flex_column_div av-zero-column-padding first  avia-builder-el-0  el_before_av_one_full  avia-builder-el-first  \" style='border-radius:0px; '><div  class='avia-image-container  av-styling-    avia-builder-el-1  avia-builder-el-no-sibling  avia-align-center '  itemprop=\"image\" itemscope=\"itemscope\" itemtype=\"https:\/\/schema.org\/ImageObject\"  ><div class='avia-image-container-inner'><div class='avia-image-overlay-wrap'><img decoding=\"async\" class='wp-image-53090 avia-img-lazy-loading-not-53090 avia_image' src=\"https:\/\/radiorevelacionfm.cl\/wp-content\/uploads\/2025\/04\/Conecta-Mayor-2025-3-1-1.jpg\" alt='' title='Conecta Mayor 2025 3 (1) (1)' height=\"600\" width=\"1067\"  itemprop=\"thumbnailUrl\" srcset=\"https:\/\/radiorevelacionfm.cl\/wp-content\/uploads\/2025\/04\/Conecta-Mayor-2025-3-1-1.jpg 1067w, https:\/\/radiorevelacionfm.cl\/wp-content\/uploads\/2025\/04\/Conecta-Mayor-2025-3-1-1-300x169.jpg 300w, https:\/\/radiorevelacionfm.cl\/wp-content\/uploads\/2025\/04\/Conecta-Mayor-2025-3-1-1-1030x579.jpg 1030w, https:\/\/radiorevelacionfm.cl\/wp-content\/uploads\/2025\/04\/Conecta-Mayor-2025-3-1-1-768x432.jpg 768w, https:\/\/radiorevelacionfm.cl\/wp-content\/uploads\/2025\/04\/Conecta-Mayor-2025-3-1-1-705x396.jpg 705w, https:\/\/radiorevelacionfm.cl\/wp-content\/uploads\/2025\/04\/Conecta-Mayor-2025-3-1-1-450x253.jpg 450w, https:\/\/radiorevelacionfm.cl\/wp-content\/uploads\/2025\/04\/Conecta-Mayor-2025-3-1-1-600x337.jpg 600w\" sizes=\"(max-width: 1067px) 100vw, 1067px\" \/><\/div><\/div><\/div><\/div><div class=\"flex_column av_one_full  flex_column_div av-zero-column-padding first  avia-builder-el-2  el_after_av_one_full  el_before_av_one_full  column-top-margin\" style='border-radius:0px; '><section class=\"av_textblock_section \"  itemscope=\"itemscope\" itemtype=\"https:\/\/schema.org\/BlogPosting\" itemprop=\"blogPost\" ><div class='avia_textblock  '   itemprop=\"text\" ><p style=\"text-align: center;\"><strong><span style=\"font-size: 18pt;\">Expreso Conecta Mayor 2025 comienza sus viajes en la comuna de Ays\u00e9n<\/span><\/strong><\/p>\n<div id=\"gtx-trans\" style=\"position: absolute; left: -50px; top: 4.31534px;\">\n<div class=\"gtx-trans-icon\"><\/div>\n<\/div>\n<\/div><\/section><\/div><\/p>\n<div class=\"flex_column av_one_full  flex_column_div av-zero-column-padding first  avia-builder-el-4  el_after_av_one_full  el_before_av_hr  column-top-margin\" style='border-radius:0px; '><section class=\"av_textblock_section \"  itemscope=\"itemscope\" itemtype=\"https:\/\/schema.org\/BlogPosting\" itemprop=\"blogPost\" ><div class='avia_textblock  '   itemprop=\"text\" ><p style=\"text-align: justify;\"><em>El programa para el servicio de traslado gratuito para adultos mayores de la comuna de Ays\u00e9n vuelve nuevamente al ruedo. En esta ocasi\u00f3n, la municipalidad asegur\u00f3 que el beneficio se ejecutar\u00e1 por 12 meses.<\/em><\/p>\n<p style=\"text-align: justify;\">El jueves 24 de abril nuevamente comenzaron los traslados para los adultos mayores que necesiten ir a realizar tr\u00e1mites, tanto en la ciudad de Coyhaique, como a Puerto Ays\u00e9n. Esto gracias a un programa realizado por la Ilustre Municipalidad de Ays\u00e9n, en el cual se van a buscar a las personas mayores sin costo alguno e independientemente de si est\u00e1n asociados a un club.<\/p>\n<p style=\"text-align: justify;\">Pablo Arredondo, coordinador de la Oficina de la Discapacidad, de la cual es dependiente la Oficina del Adulto Mayor; expres\u00f3 su alegr\u00eda, al igual que invit\u00f3 para el lanzamiento oficial del programa el d\u00eda 6 de mayo a las 14:30 horas.<\/p>\n<p style=\"text-align: justify;\">\u201cHoy damos por comenzado el gran programa \u201cExpreso Conecta Mayor\u201d, con nuestro viaje a Coyhaique, donde llevamos a 17 pasajeros. Estamos contentos de que volvamos a tener esta gran iniciativa y de poder seguir beneficiando a nuestras personas mayores. Y recordar que el lanzamiento oficial es el d\u00eda 6 de mayo en la Uni\u00f3n Comunal de Adultos Mayores de Puerto Ays\u00e9n\u201d, invit\u00f3 el trabajador social.<\/p>\n<p style=\"text-align: justify;\">Desde la Oficina del Adulto Mayor recalcan el hecho de que los horarios y recorridos han sido planificados pensando en la necesidad de sus usuarios. Cualquier persona mayor de la comuna de Ays\u00e9n puede llamar al n\u00famero 9 9716 9082 para pedir que lo puedan ir a buscar directamente hasta su casa.<\/p>\n<p style=\"text-align: justify;\">Este es el tercer a\u00f1o del programa en circulaci\u00f3n, pero la distinci\u00f3n fundamental de esta nueva temporada es que el periodo de funcionamiento del \u201cConecta Mayor\u201d ser\u00e1 de un a\u00f1o completo, a diferencia de en anteriores ocasiones que el beneficio duraba desde marzo a diciembre.<\/p>\n<p style=\"text-align: justify;\">Karina Montecinos, la Directora de Desarrollo Comunitario del municipio aysenino, explic\u00f3 que \u201ceste a\u00f1o el alcalde Luis Mart\u00ednez quiso entregarle un sello distinto a este programa de diez meses, as\u00ed que lo aument\u00f3 a doce. Esto quiere decir que en la \u00e9poca estival, enero y febrero, tambi\u00e9n est\u00e1n considerados los traslados para los adultos mayores; la cual era una solicitud que se ven\u00eda realizando por parte de los adultos mayores, porque justamente en esa \u00e9poca es donde los acompa\u00f1a el buen tiempo y pueden realizar actividades recreativas con m\u00e1s libertad\u201d.<\/p>\n<p style=\"text-align: justify;\">La directora igualmente se refiri\u00f3 al aumento de los viajes con fines recreativos, los cuales aumentaron a 15 en el a\u00f1o y ser\u00e1n administrados por la encargada de la Oficina del Adulto Mayor.<\/p>\n<p style=\"text-align: justify;\">Rosa Navarro, presidenta de la Uni\u00f3n Comunal de Adultos Mayores de Ays\u00e9n coment\u00f3 estar \u201ccontenta por este nuevo inicio, este ya es el tercer a\u00f1o del Conecta Mayor, un programa que ha sido ejemplar en nuestra comuna, donde viajan gente de Chacabuco, Ma\u00f1ihuales y Puerto Ays\u00e9n. Lo \u00fanico que le pido a mis pares es que tengamos el respeto entre nosotros, con los choferes y nuestra coordinadora que siempre ha estado al 100% con nosotros, esperamos que as\u00ed se siga trabajando y agradecemos completamente que se hayan ampliado dos meses m\u00e1s para que no haya periodo sin este excelente servicio\u00bb.<\/p>\n<p style=\"text-align: justify;\">Este programa tiene una ruta espec\u00edfica de trabajo y cuenta con la b\u00fasqueda al domicilio particular de cada uno y el regreso. Seg\u00fan el itinerario, los d\u00edas lunes se viaja desde Villa Ma\u00f1ihuales a Coyhaique; los martes se realizan recorridos por Puerto Ays\u00e9n urbano; los mi\u00e9rcoles se llevan a las personas de Villa Ma\u00f1ihuales a Puerto Ays\u00e9n; los jueves se realizan los viajes desde Puerto Ays\u00e9n, Chacabuco, sectores rurales y la ruta 240 a Coyhaique; por \u00faltimo los d\u00edas viernes se hacen recorridos por Puerto Ays\u00e9n rural y urbano.<\/p>\n<\/div><\/section><\/div>\n<div  style='height:50px' class='hr hr-invisible   avia-builder-el-6  el_after_av_one_full  el_before_av_social_share '><span class='hr-inner ' ><span class='hr-inner-style'><\/span><\/span><\/div>\n<div  class='av-social-sharing-box  avia-builder-el-7  el_after_av_hr  el_before_av_hr  '><div class='av-share-box'><h5 class='av-share-link-description av-no-toc '>Compartir esta noticia<\/h5><ul class='av-share-box-list noLightbox'><li class='av-share-link av-social-link-facebook' ><a target=\"_blank\" aria-label=\"Compartir en Facebook\" href='https:\/\/www.facebook.com\/sharer.php?u=https:\/\/radiorevelacionfm.cl\/?p=53089&#038;t=Expreso%20Conecta%20Mayor%202025%20comienza%20sus%20viajes%20en%20la%20comuna%20de%20Ays%C3%A9n' aria-hidden='false' data-av_icon='\ue8f3' data-av_iconfont='entypo-fontello' title='' data-avia-related-tooltip='Compartir en Facebook' rel=\"noopener\"><span class='avia_hidden_link_text'>Compartir en Facebook<\/span><\/a><\/li><li class='av-share-link av-social-link-twitter' ><a target=\"_blank\" aria-label=\"Compartir en Twitter\" href='https:\/\/twitter.com\/share?text=Expreso%20Conecta%20Mayor%202025%20comienza%20sus%20viajes%20en%20la%20comuna%20de%20Ays%C3%A9n&#038;url=https:\/\/radiorevelacionfm.cl\/?p=53089' aria-hidden='false' data-av_icon='\ue8f1' data-av_iconfont='entypo-fontello' title='' data-avia-related-tooltip='Compartir en Twitter' rel=\"noopener\"><span class='avia_hidden_link_text'>Compartir en Twitter<\/span><\/a><\/li><li class='av-share-link av-social-link-whatsapp' ><a target=\"_blank\" aria-label=\"Compartir en Whatsapp\" href='https:\/\/api.whatsapp.com\/send?text=https:\/\/radiorevelacionfm.cl\/?p=53089' aria-hidden='false' data-av_icon='\uf232' data-av_iconfont='entypo-fontello' title='' data-avia-related-tooltip='Compartir en Whatsapp' rel=\"noopener\"><span class='avia_hidden_link_text'>Compartir en Whatsapp<\/span><\/a><\/li><li class='av-share-link av-social-link-linkedin' ><a target=\"_blank\" aria-label=\"Compartir en LinkedIn\" href='https:\/\/linkedin.com\/shareArticle?mini=true&#038;title=Expreso%20Conecta%20Mayor%202025%20comienza%20sus%20viajes%20en%20la%20comuna%20de%20Ays%C3%A9n&#038;url=https:\/\/radiorevelacionfm.cl\/?p=53089' aria-hidden='false' data-av_icon='\ue8fc' data-av_iconfont='entypo-fontello' title='' data-avia-related-tooltip='Compartir en LinkedIn' rel=\"noopener\"><span class='avia_hidden_link_text'>Compartir en LinkedIn<\/span><\/a><\/li><li class='av-share-link av-social-link-mail' ><a  aria-label=\"Compartir por correo\" href='mailto:?subject=Expreso%20Conecta%20Mayor%202025%20comienza%20sus%20viajes%20en%20la%20comuna%20de%20Ays%C3%A9n&#038;body=https:\/\/radiorevelacionfm.cl\/?p=53089' aria-hidden='false' data-av_icon='\ue805' data-av_iconfont='entypo-fontello' title='' data-avia-related-tooltip='Compartir por correo'><span class='avia_hidden_link_text'>Compartir por correo<\/span><\/a><\/li><\/ul><\/div><\/div>\n<div  style='height:50px' class='hr hr-invisible   avia-builder-el-8  el_after_av_social_share  el_before_av_comments_list '><span class='hr-inner ' ><span class='hr-inner-style'><\/span><\/span><\/div>\n<div  class='av-buildercomment  av-blog-meta-html-info-disabled av-blog-meta-tag-disabled  '><\/div>\n","protected":false},"excerpt":{"rendered":"","protected":false},"author":1,"featured_media":53090,"comment_status":"closed","ping_status":"closed","sticky":false,"template":"","format":"standard","meta":{"footnotes":""},"categories":[38],"tags":[],"class_list":["post-53089","post","type-post","status-publish","format-standard","has-post-thumbnail","hentry","category-regional"],"jetpack_featured_media_url":"https:\/\/radiorevelacionfm.cl\/wp-content\/uploads\/2025\/04\/Conecta-Mayor-2025-3-1-1.jpg","_links":{"self":[{"href":"https:\/\/radiorevelacionfm.cl\/index.php?rest_route=\/wp\/v2\/posts\/53089","targetHints":{"allow":["GET"]}}],"collection":[{"href":"https:\/\/radiorevelacionfm.cl\/index.php?rest_route=\/wp\/v2\/posts"}],"about":[{"href":"https:\/\/radiorevelacionfm.cl\/index.php?rest_route=\/wp\/v2\/types\/post"}],"author":[{"embeddable":true,"href":"https:\/\/radiorevelacionfm.cl\/index.php?rest_route=\/wp\/v2\/users\/1"}],"replies":[{"embeddable":true,"href":"https:\/\/radiorevelacionfm.cl\/index.php?rest_route=%2Fwp%2Fv2%2Fcomments&post=53089"}],"version-history":[{"count":2,"href":"https:\/\/radiorevelacionfm.cl\/index.php?rest_route=\/wp\/v2\/posts\/53089\/revisions"}],"predecessor-version":[{"id":53102,"href":"https:\/\/radiorevelacionfm.cl\/index.php?rest_route=\/wp\/v2\/posts\/53089\/revisions\/53102"}],"wp:featuredmedia":[{"embeddable":true,"href":"https:\/\/radiorevelacionfm.cl\/index.php?rest_route=\/wp\/v2\/media\/53090"}],"wp:attachment":[{"href":"https:\/\/radiorevelacionfm.cl\/index.php?rest_route=%2Fwp%2Fv2%2Fmedia&parent=53089"}],"wp:term":[{"taxonomy":"category","embeddable":true,"href":"https:\/\/radiorevelacionfm.cl\/index.php?rest_route=%2Fwp%2Fv2%2Fcategories&post=53089"},{"taxonomy":"post_tag","embeddable":true,"href":"https:\/\/radiorevelacionfm.cl\/index.php?rest_route=%2Fwp%2Fv2%2Ftags&post=53089"}],"curies":[{"name":"wp","href":"https:\/\/api.w.org\/{rel}","templated":true}]}}