{"id":53082,"date":"2025-04-24T18:46:02","date_gmt":"2025-04-24T21:46:02","guid":{"rendered":"https:\/\/radiorevelacionfm.cl\/?p=53082"},"modified":"2025-04-24T18:46:02","modified_gmt":"2025-04-24T21:46:02","slug":"empoderamiento-economico-congrega-a-lideresas-y-emprendedoras-del-litoral-de-aysen","status":"publish","type":"post","link":"https:\/\/radiorevelacionfm.cl\/?p=53082","title":{"rendered":"Empoderamiento econ\u00f3mico congrega a lideresas y emprendedoras del litoral de Ays\u00e9n"},"content":{"rendered":"<div class=\"flex_column av_one_full  flex_column_div av-zero-column-padding first  avia-builder-el-0  el_before_av_one_full  avia-builder-el-first  \" style='border-radius:0px; '><div  class='avia-image-container  av-styling-    avia-builder-el-1  avia-builder-el-no-sibling  avia-align-center '  itemprop=\"image\" itemscope=\"itemscope\" itemtype=\"https:\/\/schema.org\/ImageObject\"  ><div class='avia-image-container-inner'><div class='avia-image-overlay-wrap'><img decoding=\"async\" class='wp-image-53083 avia-img-lazy-loading-not-53083 avia_image' src=\"https:\/\/radiorevelacionfm.cl\/wp-content\/uploads\/2025\/04\/original-3ECCF85B-DC78-45FB-B588-88DA2DAD2411-1-1.jpeg\" alt='' title='original-3ECCF85B-DC78-45FB-B588-88DA2DAD2411 (1) (1)' height=\"600\" width=\"886\"  itemprop=\"thumbnailUrl\" srcset=\"https:\/\/radiorevelacionfm.cl\/wp-content\/uploads\/2025\/04\/original-3ECCF85B-DC78-45FB-B588-88DA2DAD2411-1-1.jpeg 886w, https:\/\/radiorevelacionfm.cl\/wp-content\/uploads\/2025\/04\/original-3ECCF85B-DC78-45FB-B588-88DA2DAD2411-1-1-300x203.jpeg 300w, https:\/\/radiorevelacionfm.cl\/wp-content\/uploads\/2025\/04\/original-3ECCF85B-DC78-45FB-B588-88DA2DAD2411-1-1-768x520.jpeg 768w, https:\/\/radiorevelacionfm.cl\/wp-content\/uploads\/2025\/04\/original-3ECCF85B-DC78-45FB-B588-88DA2DAD2411-1-1-705x477.jpeg 705w, https:\/\/radiorevelacionfm.cl\/wp-content\/uploads\/2025\/04\/original-3ECCF85B-DC78-45FB-B588-88DA2DAD2411-1-1-450x305.jpeg 450w, https:\/\/radiorevelacionfm.cl\/wp-content\/uploads\/2025\/04\/original-3ECCF85B-DC78-45FB-B588-88DA2DAD2411-1-1-600x406.jpeg 600w\" sizes=\"(max-width: 886px) 100vw, 886px\" \/><\/div><\/div><\/div><\/div><div class=\"flex_column av_one_full  flex_column_div av-zero-column-padding first  avia-builder-el-2  el_after_av_one_full  el_before_av_one_full  column-top-margin\" style='border-radius:0px; '><section class=\"av_textblock_section \"  itemscope=\"itemscope\" itemtype=\"https:\/\/schema.org\/BlogPosting\" itemprop=\"blogPost\" ><div class='avia_textblock  '   itemprop=\"text\" ><p style=\"text-align: center;\"><strong><span style=\"font-size: 18pt;\">Empoderamiento econ\u00f3mico congrega a lideresas y emprendedoras del litoral de Ays\u00e9n<\/span><\/strong><\/p>\n<div id=\"gtx-trans\" style=\"position: absolute; left: -50px; top: 4.31534px;\">\n<div class=\"gtx-trans-icon\"><\/div>\n<\/div>\n<\/div><\/section><\/div><\/p>\n<div class=\"flex_column av_one_full  flex_column_div av-zero-column-padding first  avia-builder-el-4  el_after_av_one_full  el_before_av_hr  column-top-margin\" style='border-radius:0px; '><section class=\"av_textblock_section \"  itemscope=\"itemscope\" itemtype=\"https:\/\/schema.org\/BlogPosting\" itemprop=\"blogPost\" ><div class='avia_textblock  '   itemprop=\"text\" ><p style=\"text-align: justify;\">Puerto Cisnes. Autonom\u00eda econ\u00f3mica y toma de decisiones en el espacio laboral; rol de las mujeres frente a la crisis clim\u00e1tica y perfiles laborales y certificaci\u00f3n de actividades conexas, fueron algunos de los temas abordados en el taller Fortalecimiento de Liderazgos y Empoderamiento Econ\u00f3mico de Mujeres en la Pesca Artesanal, Turismo y otras actividades, al que asistieron alrededor de 25 mujeres de la zona litoral de la comuna de Cisnes.<\/p>\n<p style=\"text-align: justify;\">La actividad cont\u00f3 con la participaci\u00f3n de las autoridades de la regi\u00f3n de Ays\u00e9n del Servicio Nacional de Pesca y Acuicultura (SERNAPESCA), SEREMI del Medio Ambiente (MMA), SEREMI de la Mujer y Equidad de G\u00e9nero (MMyEG), Servicio Nacional de la Mujer (SERNAMEG), SEREMI de Justicia y Derechos Humanos, la Superintendencia de Insolvencia y Reemprendimiento (SUPERIR) y del municipio de la comuna de Cisnes.<\/p>\n<p style=\"text-align: justify;\">El objetivo del encuentro apunt\u00f3 a impulsar la identificaci\u00f3n de acciones concretas para mejorar el acceso a recursos, la toma de decisiones y la visibilidad de las mujeres en estos sectores, que realizan labores fundamentales para el desarrollo de las comunidades de la Patagonia norte, cuyas complejidades geogr\u00e1ficas, entre otros factores, dificultan su participaci\u00f3n y empoderamiento en estos sectores.<\/p>\n<p style=\"text-align: justify;\">El encuentro \u2014 gener\u00f3 un espacio de reflexi\u00f3n entre emprendedoras y lideresas de las localidades de Puerto Cisnes, Puerto Gala y Puerto Puyuhuapi sobre el rol de las mujeres en el desarrollo de la pesca artesanal, turismo, actividades conexas, entre otras \u2014 permiti\u00f3 el di\u00e1logo con las autoridades regionales y representantes del Servicio Nacional de Pesca y Acuicultura (SUBPESCA), el Instituto de Desarrollo de la Pesca Artesanal (INDESPA), la Organizaci\u00f3n para las Naciones Unidas para la Alimentaci\u00f3n y la Agricultura (FAO), el Proyecto GEF Gobernanza Marino Costera y Fundaci\u00f3n Chinquihue.<\/p>\n<p style=\"text-align: justify;\"><strong>La jornada<\/strong><\/p>\n<p style=\"text-align: justify;\">El evento destac\u00f3 la colaboraci\u00f3n de diversos servicios p\u00fablicos y otras entidades que coinciden en la importancia de establecer espacios para impulsar acciones concretas para el empoderamiento de las mujeres del sector.<\/p>\n<p style=\"text-align: justify;\">Entre los contenidos del encuentro destacaron los talleres sobre el empoderamiento de mujeres frente a la Crisis Clim\u00e1tica e insolvencia econ\u00f3mica con liderazgo y asociatividad, barreras y oportunidades para una mayor participaci\u00f3n de mujeres en la Gobernanza Costera.<\/p>\n<p style=\"text-align: justify;\">Adicionalmente se desarrollaron m\u00f3dulos informativos para aumentar la participaci\u00f3n de mujeres en la postulaci\u00f3n a fondos concursables de INDESPA, registro de Actividades Conexas, perfiles laborales y certificaci\u00f3n de Actividades Conexas, sobre la ley de Responsabilidad Parental y pago efectivo de pensiones de alimentos, autonom\u00eda econ\u00f3mica y toma de decisiones en el espacio laboral, entre otros.<\/p>\n<p style=\"text-align: justify;\">La coordinaci\u00f3n del taller fue liderada por SUBPESCA en conjunto con MMyEG, MMA, SERNAPESCA, SERNAMEG INDESPA, la I. Municipalidad de Cisnes y el proyecto GEF Gobernanza Marino Costera que implementa la FAO.<\/p>\n<p style=\"text-align: justify;\"><strong>Empoderamiento de la mujer y apoyo interinstitucional<\/strong><\/p>\n<p style=\"text-align: justify;\">Daniela Leiva, directora de SERNAPESCA Ays\u00e9n, afirm\u00f3 que la actividad \u201cimplica un reconocimiento a la actividad que las mujeres de la pesca artesanal vienen desarrollando hace muchos a\u00f1os, a su dedicaci\u00f3n, a su esfuerzo y a su trabajo, que muchas veces pasa desapercibido, pero resulta fundamental dentro de las comunidades. Las mujeres son un pilar clave para la tradici\u00f3n de la pesca artesanal. Estas tradiciones van de generaci\u00f3n en generaci\u00f3n, se las pasan a sus hijos, a sus hijas, a sus nietos, y eso es necesario realzarlo\u201d, agreg\u00f3 la autoridad.<\/p>\n<p style=\"text-align: justify;\">Katherine Calqu\u00edn, por su parte indic\u00f3 que \u201ccomo Ilustre Municipalidad de Cisnes, estamos orgullosos por este trabajo realizado en conjunto con diversos organismos para incentivar el empoderamiento econ\u00f3mico de las mujeres de la comuna. Seguiremos promoviendo la participaci\u00f3n de las mujeres y la generaci\u00f3n de este tipo de actividades\u201d, enfatiz\u00f3 Calqu\u00edn.<\/p>\n<p style=\"text-align: justify;\">Marcela Godoy, encargada de G\u00e9nero de SUBPESCA, quien viaj\u00f3 desde nivel central para reforzar la difusi\u00f3n del registro y certificaci\u00f3n de las Actividades Conexas entre las mujeres de la comuna, afirm\u00f3 que \u201ces muy importante desarrollar un trabajo colaborativo en estos temas con mujeres de comunas tan alejadas como Cisnes, porque eso nos permite tambi\u00e9n avanzar en igualdad y en nuestras autonom\u00edas\u201d, sostuvo Godoy.<\/p>\n<p style=\"text-align: justify;\">Yoal D\u00edaz, seremi del Medio Ambiente de Ays\u00e9n, valor\u00f3 la instancia e indic\u00f3 que este tipo de iniciativas nos ayudan a \u201cmirar c\u00f3mo la equidad territorial avanza a trav\u00e9s de estas gestiones y acciones, que permiten, primero, encontrarse, para que las mujeres que est\u00e1n trabajando en el litoral puedan compartir su experiencia, sus conocimientos, generar redes y poder abordar estas iniciativas de distintas formas, as\u00ed como tambi\u00e9n encontrar un camino para el trabajo colaborativo en el litoral\u00bb, destac\u00f3 la autoridad.<\/p>\n<p style=\"text-align: justify;\">Isidora Gacit\u00faa, seremi de la Mujer y Equidad de G\u00e9nero de la regi\u00f3n, quien expuso sobre la Ley de Pago Efectivo de Pensiones de Alimentos y su contribuci\u00f3n en el avance de la equidad de g\u00e9nero, indic\u00f3 que \u201clas redes de mujeres son fundamentales para fortalecer el tejido social, avanzar en equidad de g\u00e9nero y prevenir la violencia, que es una preocupaci\u00f3n constante para el Gobierno. Desde los distintos espacios, estamos construyendo ese tejido entre mujeres para erradicar la violencia\u201d, agreg\u00f3.<\/p>\n<p style=\"text-align: justify;\">Nilse Rabet, encargada de G\u00e9nero de INDESPA, indic\u00f3 que \u201cen la regi\u00f3n de Ays\u00e9n muchas mujeres generan valor agregado actividades como turismo y pesca y nuestro objetivo es aumentar la participaci\u00f3n de las mujeres en los instrumentos de fomento disponibles, que incorporan enfoque de g\u00e9nero en sus criterios de evaluaci\u00f3n, otorgando puntaje especial para mujeres en concursos individuales y para organizaciones que cuenten con socias mujeres y que sus directivas sean compuestas por mujeres\u201d.<\/p>\n<p style=\"text-align: justify;\">Rita B\u00f3rquez, especialista en G\u00e9nero de FAO Chile, destac\u00f3 la importancia de la instancia para relevar la participaci\u00f3n de la mujer en el desarrollo integral del sector marino costero de la regi\u00f3n. Desde FAO creemos que la igualdad entre hombres y mujeres y la promoci\u00f3n de este empoderamiento, es fundamental para lograr el desarrollo sostenible del litoral\u201d, asegur\u00f3 B\u00f3rquez.<\/p>\n<p style=\"text-align: justify;\">Samuel Navarro, seremi de Justicia y Derechos Humanos de Ays\u00e9n, destac\u00f3 el inter\u00e9s y participaci\u00f3n en la presentaci\u00f3n sobre Ley de Responsabilidad Parental y Pago Efectivo de Pensiones y con el Registro de Deudores. \u201cNueve de cada diez personas a las que deben alimentos son mujeres, por eso es muy importante que conozcan sus derechos y puedan ejercerlos en forma oportuna, porque de esta forma pueden satisfacer esta necesidad y esta obligaci\u00f3n que es legal, pero tambi\u00e9n es \u00e9tica y moral, ya que los ni\u00f1os y ni\u00f1as necesitan contar con estos insumos para su bienestar y desarrollo\u201d.<\/p>\n<p style=\"text-align: justify;\"><strong>La recepci\u00f3n de las participantes<\/strong><\/p>\n<p style=\"text-align: justify;\">\u201cHa sido muy satisfactorio participar de este taller. De verdad que es una muy buena instancia para conocer otras realidades de otras localidades. Se forman nexos, lo que es muy importante, tambi\u00e9n ver que hay muchas mujeres que tienen mucho conocimiento que a veces nosotros no tenemos\u201d, afirm\u00f3 Blanca Zambrano, dirigenta de Puerto Gala.<\/p>\n<p style=\"text-align: justify;\">Olga Soto, presidenta de la Corporaci\u00f3n \u01eaueulat agreg\u00f3 que \u201cme encanta que las mujeres tengamos estas oportunidades para podemos expresar nuestras opiniones sobre diversos tema temas, ya que a veces nos sentimos poco escuchadas. Estos espacios nos permiten generar lazos, fortalecer nuestra relaci\u00f3n y aclarar nuestras dudas. Agradezco la oportunidad, destac\u00f3 la dirigenta.<\/p>\n<\/div><\/section><\/div>\n<div  style='height:50px' class='hr hr-invisible   avia-builder-el-6  el_after_av_one_full  el_before_av_social_share '><span class='hr-inner ' ><span class='hr-inner-style'><\/span><\/span><\/div>\n<div  class='av-social-sharing-box  avia-builder-el-7  el_after_av_hr  el_before_av_hr  '><div class='av-share-box'><h5 class='av-share-link-description av-no-toc '>Compartir esta noticia<\/h5><ul class='av-share-box-list noLightbox'><li class='av-share-link av-social-link-facebook' ><a target=\"_blank\" aria-label=\"Compartir en Facebook\" href='https:\/\/www.facebook.com\/sharer.php?u=https:\/\/radiorevelacionfm.cl\/?p=53082&#038;t=Empoderamiento%20econ%C3%B3mico%20congrega%20a%20lideresas%20y%20emprendedoras%20del%20litoral%20de%20Ays%C3%A9n' aria-hidden='false' data-av_icon='\ue8f3' data-av_iconfont='entypo-fontello' title='' data-avia-related-tooltip='Compartir en Facebook' rel=\"noopener\"><span class='avia_hidden_link_text'>Compartir en Facebook<\/span><\/a><\/li><li class='av-share-link av-social-link-twitter' ><a target=\"_blank\" aria-label=\"Compartir en Twitter\" href='https:\/\/twitter.com\/share?text=Empoderamiento%20econ%C3%B3mico%20congrega%20a%20lideresas%20y%20emprendedoras%20del%20litoral%20de%20Ays%C3%A9n&#038;url=https:\/\/radiorevelacionfm.cl\/?p=53082' aria-hidden='false' data-av_icon='\ue8f1' data-av_iconfont='entypo-fontello' title='' data-avia-related-tooltip='Compartir en Twitter' rel=\"noopener\"><span class='avia_hidden_link_text'>Compartir en Twitter<\/span><\/a><\/li><li class='av-share-link av-social-link-whatsapp' ><a target=\"_blank\" aria-label=\"Compartir en Whatsapp\" href='https:\/\/api.whatsapp.com\/send?text=https:\/\/radiorevelacionfm.cl\/?p=53082' aria-hidden='false' data-av_icon='\uf232' data-av_iconfont='entypo-fontello' title='' data-avia-related-tooltip='Compartir en Whatsapp' rel=\"noopener\"><span class='avia_hidden_link_text'>Compartir en Whatsapp<\/span><\/a><\/li><li class='av-share-link av-social-link-linkedin' ><a target=\"_blank\" aria-label=\"Compartir en LinkedIn\" href='https:\/\/linkedin.com\/shareArticle?mini=true&#038;title=Empoderamiento%20econ%C3%B3mico%20congrega%20a%20lideresas%20y%20emprendedoras%20del%20litoral%20de%20Ays%C3%A9n&#038;url=https:\/\/radiorevelacionfm.cl\/?p=53082' aria-hidden='false' data-av_icon='\ue8fc' data-av_iconfont='entypo-fontello' title='' data-avia-related-tooltip='Compartir en LinkedIn' rel=\"noopener\"><span class='avia_hidden_link_text'>Compartir en LinkedIn<\/span><\/a><\/li><li class='av-share-link av-social-link-mail' ><a  aria-label=\"Compartir por correo\" href='mailto:?subject=Empoderamiento%20econ%C3%B3mico%20congrega%20a%20lideresas%20y%20emprendedoras%20del%20litoral%20de%20Ays%C3%A9n&#038;body=https:\/\/radiorevelacionfm.cl\/?p=53082' aria-hidden='false' data-av_icon='\ue805' data-av_iconfont='entypo-fontello' title='' data-avia-related-tooltip='Compartir por correo'><span class='avia_hidden_link_text'>Compartir por correo<\/span><\/a><\/li><\/ul><\/div><\/div>\n<div  style='height:50px' class='hr hr-invisible   avia-builder-el-8  el_after_av_social_share  el_before_av_comments_list '><span class='hr-inner ' ><span class='hr-inner-style'><\/span><\/span><\/div>\n<div  class='av-buildercomment  av-blog-meta-html-info-disabled av-blog-meta-tag-disabled  '><\/div>\n","protected":false},"excerpt":{"rendered":"","protected":false},"author":1,"featured_media":53083,"comment_status":"closed","ping_status":"closed","sticky":false,"template":"","format":"standard","meta":{"footnotes":""},"categories":[38],"tags":[],"class_list":["post-53082","post","type-post","status-publish","format-standard","has-post-thumbnail","hentry","category-regional"],"jetpack_featured_media_url":"https:\/\/radiorevelacionfm.cl\/wp-content\/uploads\/2025\/04\/original-3ECCF85B-DC78-45FB-B588-88DA2DAD2411-1-1.jpeg","_links":{"self":[{"href":"https:\/\/radiorevelacionfm.cl\/index.php?rest_route=\/wp\/v2\/posts\/53082","targetHints":{"allow":["GET"]}}],"collection":[{"href":"https:\/\/radiorevelacionfm.cl\/index.php?rest_route=\/wp\/v2\/posts"}],"about":[{"href":"https:\/\/radiorevelacionfm.cl\/index.php?rest_route=\/wp\/v2\/types\/post"}],"author":[{"embeddable":true,"href":"https:\/\/radiorevelacionfm.cl\/index.php?rest_route=\/wp\/v2\/users\/1"}],"replies":[{"embeddable":true,"href":"https:\/\/radiorevelacionfm.cl\/index.php?rest_route=%2Fwp%2Fv2%2Fcomments&post=53082"}],"version-history":[{"count":2,"href":"https:\/\/radiorevelacionfm.cl\/index.php?rest_route=\/wp\/v2\/posts\/53082\/revisions"}],"predecessor-version":[{"id":53085,"href":"https:\/\/radiorevelacionfm.cl\/index.php?rest_route=\/wp\/v2\/posts\/53082\/revisions\/53085"}],"wp:featuredmedia":[{"embeddable":true,"href":"https:\/\/radiorevelacionfm.cl\/index.php?rest_route=\/wp\/v2\/media\/53083"}],"wp:attachment":[{"href":"https:\/\/radiorevelacionfm.cl\/index.php?rest_route=%2Fwp%2Fv2%2Fmedia&parent=53082"}],"wp:term":[{"taxonomy":"category","embeddable":true,"href":"https:\/\/radiorevelacionfm.cl\/index.php?rest_route=%2Fwp%2Fv2%2Fcategories&post=53082"},{"taxonomy":"post_tag","embeddable":true,"href":"https:\/\/radiorevelacionfm.cl\/index.php?rest_route=%2Fwp%2Fv2%2Ftags&post=53082"}],"curies":[{"name":"wp","href":"https:\/\/api.w.org\/{rel}","templated":true}]}}