{"id":53080,"date":"2025-04-25T10:20:46","date_gmt":"2025-04-25T13:20:46","guid":{"rendered":"https:\/\/radiorevelacionfm.cl\/?p=53080"},"modified":"2025-04-25T10:20:46","modified_gmt":"2025-04-25T13:20:46","slug":"calisto-pide-al-gobierno-dotar-al-nuevo-aeropuerto-de-balmaceda-con-tecnologia-que-permita-aterrizajes-con-malas-condiciones-climaticas","status":"publish","type":"post","link":"https:\/\/radiorevelacionfm.cl\/?p=53080","title":{"rendered":"Calisto pide al Gobierno dotar al nuevo aeropuerto de Balmaceda con tecnolog\u00eda que permita aterrizajes con malas condiciones clim\u00e1ticas"},"content":{"rendered":"<div class=\"flex_column av_one_full  flex_column_div av-zero-column-padding first  avia-builder-el-0  el_before_av_one_full  avia-builder-el-first  \" style='border-radius:0px; '><div  class='avia-image-container  av-styling-    avia-builder-el-1  avia-builder-el-no-sibling  avia-align-center '  itemprop=\"image\" itemscope=\"itemscope\" itemtype=\"https:\/\/schema.org\/ImageObject\"  ><div class='avia-image-container-inner'><div class='avia-image-overlay-wrap'><img decoding=\"async\" class='wp-image-23868 avia-img-lazy-loading-not-23868 avia_image' src=\"https:\/\/radiorevelacionfm.cl\/wp-content\/uploads\/2022\/11\/aeropuerto-balmaceda4_optimized.jpg\" alt='' title='aeropuerto-balmaceda4_optimized' height=\"600\" width=\"800\"  itemprop=\"thumbnailUrl\" srcset=\"https:\/\/radiorevelacionfm.cl\/wp-content\/uploads\/2022\/11\/aeropuerto-balmaceda4_optimized.jpg 800w, https:\/\/radiorevelacionfm.cl\/wp-content\/uploads\/2022\/11\/aeropuerto-balmaceda4_optimized-300x225.jpg 300w, https:\/\/radiorevelacionfm.cl\/wp-content\/uploads\/2022\/11\/aeropuerto-balmaceda4_optimized-768x576.jpg 768w, https:\/\/radiorevelacionfm.cl\/wp-content\/uploads\/2022\/11\/aeropuerto-balmaceda4_optimized-705x529.jpg 705w, https:\/\/radiorevelacionfm.cl\/wp-content\/uploads\/2022\/11\/aeropuerto-balmaceda4_optimized-600x450.jpg 600w\" sizes=\"(max-width: 800px) 100vw, 800px\" \/><\/div><\/div><\/div><\/div><div class=\"flex_column av_one_full  flex_column_div av-zero-column-padding first  avia-builder-el-2  el_after_av_one_full  el_before_av_one_full  column-top-margin\" style='border-radius:0px; '><section class=\"av_textblock_section \"  itemscope=\"itemscope\" itemtype=\"https:\/\/schema.org\/BlogPosting\" itemprop=\"blogPost\" ><div class='avia_textblock  '   itemprop=\"text\" ><p style=\"text-align: center;\"><span style=\"font-size: 18pt;\"><b>Calisto pide al Gobierno dotar al nuevo aeropuerto de Balmaceda con tecnolog\u00eda que permita aterrizajes con malas condiciones clim\u00e1ticas<\/b><\/span><\/p>\n<div id=\"gtx-trans\" style=\"position: absolute; left: -50px; top: 4.31534px;\">\n<div class=\"gtx-trans-icon\"><\/div>\n<\/div>\n<\/div><\/section><\/div><div class=\"flex_column av_one_full  flex_column_div av-zero-column-padding first  avia-builder-el-4  el_after_av_one_full  el_before_av_hr  column-top-margin\" style='border-radius:0px; '><section class=\"av_textblock_section \"  itemscope=\"itemscope\" itemtype=\"https:\/\/schema.org\/BlogPosting\" itemprop=\"blogPost\" ><div class='avia_textblock  '   itemprop=\"text\" ><p style=\"text-align: justify;\">Consciente de la importancia de potenciar la conectividad de la Regi\u00f3n de Ays\u00e9n, el diputado Miguel \u00c1ngel Calisto plante\u00f3 en la sala de la C\u00e1mara de Diputados la necesidad que se implemente en el nuevo aeropuerto de Balmaceda la tecnolog\u00eda necesaria para permitir el aterrizaje de aviones cuando haya malas condiciones clim\u00e1ticas, hecho por el cual envi\u00f3 un oficio al Ministerio de Transportes y a la DGAC.<\/p>\n<p style=\"text-align: justify;\">Se trata de la tecnolog\u00eda ILS3\u00a0o Sistema de Aterrizaje Instrumental, que permite que los aviones puedan aterrizar incluso con condiciones de visibilidad muy reducidas, como niebla o lluvia intensa.<\/p>\n<p style=\"text-align: justify;\">Seg\u00fan el diputado Miguel \u00c1ngel Calisto, \u00abquiero plantear una grave situaci\u00f3n que est\u00e1 afectando una vez m\u00e1s a la regi\u00f3n de Ays\u00e9n, una de las regiones con el mayor aislamiento del pa\u00eds. La empresa JetSmart, que tiene frecuencia de vuelos desde Santiago, Puerto Montt, Balmaceda, pero tambi\u00e9n desde Balmaceda a Temuco y Concepci\u00f3n, donde hay una gran cantidad de estudiantes que viajan permanentemente a ver a su familia, finalmente ha suspendido sus vuelos durante esta temporada y han comprometido la disposici\u00f3n de retomar los vuelos durante el mes de septiembre y con toda seguridad durante el verano, cuando hay mejor clima\u00bb.<\/p>\n<p style=\"text-align: justify;\">\u00abPero ac\u00e1 hay una situaci\u00f3n de fondo. Tiene que ver con las condiciones de nuestro aeropuerto en la regi\u00f3n de Ays\u00e9n, y que es uno de los argumentos de la empresa para terminar estos vuelos en temporada de invierno. Hoy d\u00eda cuando se est\u00e1 construyendo un nuevo terminal, el que nosotros agradecemos y valoramos, resulta que no cuenta con la tecnolog\u00eda necesaria para que aterricen aviones cuando hay malas condiciones clim\u00e1ticas, cuando hay neblina, cuando hay mal tiempo\u00bb, asegur\u00f3 el legislador.<\/p>\n<p style=\"text-align: justify;\">Calisto agreg\u00f3 que \u00absi nosotros mejoramos nuestra categor\u00eda de ILS-1 a ILS-3, o por \u00faltimo una ILS-2, va a permitir que el aeropuerto de Balmaceda tenga mejor tecnolog\u00eda y puedan aterrizar aviones cuando hay mal tiempo. Y no solamente en el horario restringido que hoy d\u00eda tenemos, tambi\u00e9n en vuelos nocturnos, tambi\u00e9n en condiciones complejas y tambi\u00e9n habilitar vuelos no solamente nacionales, sino que tambi\u00e9n vuelos internacionales\u00bb.<\/p>\n<p style=\"text-align: justify;\">El parlamentario indic\u00f3 que \u00abpor lo tanto, va a ser tremendamente importante que el Ministerio de Transporte y tambi\u00e9n la DGAC puedan habilitar una nueva tecnolog\u00eda para el aeropuerto de Balmaceda. Yo quiero pedir un oficio formal desde la C\u00e1mara de Diputados a la DGAC, al Ministerio de Transporte y Telecomunicaciones para que el nuevo aeropuerto de Balmaceda tenga las condiciones de tecnolog\u00eda, no solamente infraestructura, que es lo que hoy d\u00eda vamos a tener, para que puedan aterrizar aviones cuando hay mal tiempo\u00bb.<\/p>\n<p style=\"text-align: justify;\">Finalmente, el diputado Calisto sentenci\u00f3 que \u00abde esta manera vamos a tener la posibilidad de ser m\u00e1s competitivos y tambi\u00e9n permitir que lleguen vuelos internacionales y tambi\u00e9n vuelos en la noche que son tan necesarios para la regi\u00f3n de Ays\u00e9n\u00bb.<\/p>\n<\/div><\/section><\/div><div  style='height:50px' class='hr hr-invisible   avia-builder-el-6  el_after_av_one_full  el_before_av_social_share '><span class='hr-inner ' ><span class='hr-inner-style'><\/span><\/span><\/div><\/p>\n<div  class='av-social-sharing-box  avia-builder-el-7  el_after_av_hr  el_before_av_hr  '><div class='av-share-box'><h5 class='av-share-link-description av-no-toc '>Compartir esta noticia<\/h5><ul class='av-share-box-list noLightbox'><li class='av-share-link av-social-link-facebook' ><a target=\"_blank\" aria-label=\"Compartir en Facebook\" href='https:\/\/www.facebook.com\/sharer.php?u=https:\/\/radiorevelacionfm.cl\/?p=53080&#038;t=Calisto%20pide%20al%20Gobierno%20dotar%20al%20nuevo%20aeropuerto%20de%20Balmaceda%20con%20tecnolog%C3%ADa%20que%20permita%20aterrizajes%20con%20malas%20condiciones%20clim%C3%A1ticas' aria-hidden='false' data-av_icon='\ue8f3' data-av_iconfont='entypo-fontello' title='' data-avia-related-tooltip='Compartir en Facebook' rel=\"noopener\"><span class='avia_hidden_link_text'>Compartir en Facebook<\/span><\/a><\/li><li class='av-share-link av-social-link-twitter' ><a target=\"_blank\" aria-label=\"Compartir en Twitter\" href='https:\/\/twitter.com\/share?text=Calisto%20pide%20al%20Gobierno%20dotar%20al%20nuevo%20aeropuerto%20de%20Balmaceda%20con%20tecnolog%C3%ADa%20que%20permita%20aterrizajes%20con%20malas%20condiciones%20clim%C3%A1ticas&#038;url=https:\/\/radiorevelacionfm.cl\/?p=53080' aria-hidden='false' data-av_icon='\ue8f1' data-av_iconfont='entypo-fontello' title='' data-avia-related-tooltip='Compartir en Twitter' rel=\"noopener\"><span class='avia_hidden_link_text'>Compartir en Twitter<\/span><\/a><\/li><li class='av-share-link av-social-link-whatsapp' ><a target=\"_blank\" aria-label=\"Compartir en Whatsapp\" href='https:\/\/api.whatsapp.com\/send?text=https:\/\/radiorevelacionfm.cl\/?p=53080' aria-hidden='false' data-av_icon='\uf232' data-av_iconfont='entypo-fontello' title='' data-avia-related-tooltip='Compartir en Whatsapp' rel=\"noopener\"><span class='avia_hidden_link_text'>Compartir en Whatsapp<\/span><\/a><\/li><li class='av-share-link av-social-link-linkedin' ><a target=\"_blank\" aria-label=\"Compartir en LinkedIn\" href='https:\/\/linkedin.com\/shareArticle?mini=true&#038;title=Calisto%20pide%20al%20Gobierno%20dotar%20al%20nuevo%20aeropuerto%20de%20Balmaceda%20con%20tecnolog%C3%ADa%20que%20permita%20aterrizajes%20con%20malas%20condiciones%20clim%C3%A1ticas&#038;url=https:\/\/radiorevelacionfm.cl\/?p=53080' aria-hidden='false' data-av_icon='\ue8fc' data-av_iconfont='entypo-fontello' title='' data-avia-related-tooltip='Compartir en LinkedIn' rel=\"noopener\"><span class='avia_hidden_link_text'>Compartir en LinkedIn<\/span><\/a><\/li><li class='av-share-link av-social-link-mail' ><a  aria-label=\"Compartir por correo\" href='mailto:?subject=Calisto%20pide%20al%20Gobierno%20dotar%20al%20nuevo%20aeropuerto%20de%20Balmaceda%20con%20tecnolog%C3%ADa%20que%20permita%20aterrizajes%20con%20malas%20condiciones%20clim%C3%A1ticas&#038;body=https:\/\/radiorevelacionfm.cl\/?p=53080' aria-hidden='false' data-av_icon='\ue805' data-av_iconfont='entypo-fontello' title='' data-avia-related-tooltip='Compartir por correo'><span class='avia_hidden_link_text'>Compartir por correo<\/span><\/a><\/li><\/ul><\/div><\/div>\n<div  style='height:50px' class='hr hr-invisible   avia-builder-el-8  el_after_av_social_share  el_before_av_comments_list '><span class='hr-inner ' ><span class='hr-inner-style'><\/span><\/span><\/div>\n<div  class='av-buildercomment  av-blog-meta-html-info-disabled av-blog-meta-tag-disabled  '><\/div>\n","protected":false},"excerpt":{"rendered":"","protected":false},"author":1,"featured_media":23868,"comment_status":"closed","ping_status":"closed","sticky":false,"template":"","format":"standard","meta":{"footnotes":""},"categories":[35],"tags":[],"class_list":["post-53080","post","type-post","status-publish","format-standard","has-post-thumbnail","hentry","category-politica"],"jetpack_featured_media_url":"https:\/\/radiorevelacionfm.cl\/wp-content\/uploads\/2022\/11\/aeropuerto-balmaceda4_optimized.jpg","_links":{"self":[{"href":"https:\/\/radiorevelacionfm.cl\/index.php?rest_route=\/wp\/v2\/posts\/53080","targetHints":{"allow":["GET"]}}],"collection":[{"href":"https:\/\/radiorevelacionfm.cl\/index.php?rest_route=\/wp\/v2\/posts"}],"about":[{"href":"https:\/\/radiorevelacionfm.cl\/index.php?rest_route=\/wp\/v2\/types\/post"}],"author":[{"embeddable":true,"href":"https:\/\/radiorevelacionfm.cl\/index.php?rest_route=\/wp\/v2\/users\/1"}],"replies":[{"embeddable":true,"href":"https:\/\/radiorevelacionfm.cl\/index.php?rest_route=%2Fwp%2Fv2%2Fcomments&post=53080"}],"version-history":[{"count":2,"href":"https:\/\/radiorevelacionfm.cl\/index.php?rest_route=\/wp\/v2\/posts\/53080\/revisions"}],"predecessor-version":[{"id":53108,"href":"https:\/\/radiorevelacionfm.cl\/index.php?rest_route=\/wp\/v2\/posts\/53080\/revisions\/53108"}],"wp:featuredmedia":[{"embeddable":true,"href":"https:\/\/radiorevelacionfm.cl\/index.php?rest_route=\/wp\/v2\/media\/23868"}],"wp:attachment":[{"href":"https:\/\/radiorevelacionfm.cl\/index.php?rest_route=%2Fwp%2Fv2%2Fmedia&parent=53080"}],"wp:term":[{"taxonomy":"category","embeddable":true,"href":"https:\/\/radiorevelacionfm.cl\/index.php?rest_route=%2Fwp%2Fv2%2Fcategories&post=53080"},{"taxonomy":"post_tag","embeddable":true,"href":"https:\/\/radiorevelacionfm.cl\/index.php?rest_route=%2Fwp%2Fv2%2Ftags&post=53080"}],"curies":[{"name":"wp","href":"https:\/\/api.w.org\/{rel}","templated":true}]}}