{"id":53076,"date":"2025-04-25T18:10:04","date_gmt":"2025-04-25T21:10:04","guid":{"rendered":"https:\/\/radiorevelacionfm.cl\/?p=53076"},"modified":"2025-04-25T18:10:04","modified_gmt":"2025-04-25T21:10:04","slug":"sernameg-reitera-llamado-a-la-comunidad-a-denunciar-ante-casos-de-violencias-de-genero","status":"publish","type":"post","link":"https:\/\/radiorevelacionfm.cl\/?p=53076","title":{"rendered":"SernamEG reitera llamado a la comunidad a denunciar ante casos de violencias de g\u00e9nero"},"content":{"rendered":"<div class=\"flex_column av_one_full  flex_column_div av-zero-column-padding first  avia-builder-el-0  el_before_av_one_full  avia-builder-el-first  \" style='border-radius:0px; '><div  class='avia-image-container  av-styling-    avia-builder-el-1  avia-builder-el-no-sibling  avia-align-center '  itemprop=\"image\" itemscope=\"itemscope\" itemtype=\"https:\/\/schema.org\/ImageObject\"  ><div class='avia-image-container-inner'><div class='avia-image-overlay-wrap'><img decoding=\"async\" class='wp-image-53077 avia-img-lazy-loading-not-53077 avia_image' src=\"https:\/\/radiorevelacionfm.cl\/wp-content\/uploads\/2025\/04\/Comunicado-casos-abril-1-1.jpeg\" alt='' title='Comunicado casos abril (1) (1)' height=\"600\" width=\"942\"  itemprop=\"thumbnailUrl\" srcset=\"https:\/\/radiorevelacionfm.cl\/wp-content\/uploads\/2025\/04\/Comunicado-casos-abril-1-1.jpeg 942w, https:\/\/radiorevelacionfm.cl\/wp-content\/uploads\/2025\/04\/Comunicado-casos-abril-1-1-300x191.jpeg 300w, https:\/\/radiorevelacionfm.cl\/wp-content\/uploads\/2025\/04\/Comunicado-casos-abril-1-1-768x489.jpeg 768w, https:\/\/radiorevelacionfm.cl\/wp-content\/uploads\/2025\/04\/Comunicado-casos-abril-1-1-705x449.jpeg 705w, https:\/\/radiorevelacionfm.cl\/wp-content\/uploads\/2025\/04\/Comunicado-casos-abril-1-1-450x287.jpeg 450w, https:\/\/radiorevelacionfm.cl\/wp-content\/uploads\/2025\/04\/Comunicado-casos-abril-1-1-600x382.jpeg 600w\" sizes=\"(max-width: 942px) 100vw, 942px\" \/><\/div><\/div><\/div><\/div><div class=\"flex_column av_one_full  flex_column_div av-zero-column-padding first  avia-builder-el-2  el_after_av_one_full  el_before_av_one_full  column-top-margin\" style='border-radius:0px; '><section class=\"av_textblock_section \"  itemscope=\"itemscope\" itemtype=\"https:\/\/schema.org\/BlogPosting\" itemprop=\"blogPost\" ><div class='avia_textblock  '   itemprop=\"text\" ><p style=\"text-align: center;\"><strong><span style=\"font-size: 18pt;\">SernamEG reitera llamado a la comunidad a denunciar ante casos de violencias de g\u00e9nero\u00a0<\/span><\/strong><\/p>\n<div id=\"gtx-trans\" style=\"position: absolute; left: -50px; top: 4.31534px;\">\n<div class=\"gtx-trans-icon\"><\/div>\n<\/div>\n<\/div><\/section><\/div><div class=\"flex_column av_one_full  flex_column_div av-zero-column-padding first  avia-builder-el-4  el_after_av_one_full  el_before_av_hr  column-top-margin\" style='border-radius:0px; '><section class=\"av_textblock_section \"  itemscope=\"itemscope\" itemtype=\"https:\/\/schema.org\/BlogPosting\" itemprop=\"blogPost\" ><div class='avia_textblock  '   itemprop=\"text\" ><p dir=\"ltr\" style=\"text-align: justify;\">A ra\u00edz de los graves casos de violencias de g\u00e9nero que han trascendido en la prensa regional durante la \u00faltima semana, principalmente en la comuna de Ays\u00e9n, desde el Servicio Nacional de la Mujer y la Equidad de G\u00e9nero (SernamEG) comunicaron que las v\u00edctimas se encuentran recibiendo atenci\u00f3n y apoyos a trav\u00e9s de sus centros de las mujeres y otros dispositivos, y reiteraron que esta es una problem\u00e1tica que debe ser abordada por la sociedad en su conjunto.<\/p>\n<p dir=\"ltr\" style=\"text-align: justify;\">\u00abQueremos informar desde SernamEG que las mujeres v\u00edctimas de estos delitos est\u00e1n siendo atendidas y recibiendo apoyo psicosocial por parte de los profesionales de nuestros dispositivos. En este mismo sentido, queremos hacer un llamado a la comunidad a estar alerta, atentos y atentas, ante posibles situaciones de violencia de las cuales seamos testigos o tengamos conocimiento y poder hacer las denuncias respectivas a n\u00fameros de Carabineros, 133, y de la Polic\u00eda de Investigaciones, que es el 134\u00bb, se\u00f1al\u00f3 la directora regional del servicio, Patricia Baeza Cabezas.<\/p>\n<p dir=\"ltr\" style=\"text-align: justify;\">\u00abTambi\u00e9n recordar que nuestro Servicio Nacional de la Mujer y la Equidad de G\u00e9nero cuenta con un n\u00famero telef\u00f3nico que es el 1455, donde las personas pueden recibir orientaci\u00f3n respecto a c\u00f3mo proceder ante situaciones de violencia. Este tel\u00e9fono se encuentra disponible de lunes a domingo desde las 08:00 hasta las 00:00 horas\u00bb, agreg\u00f3.<\/p>\n<p dir=\"ltr\" style=\"text-align: justify;\">Finalmente, la directora Patricia Baeza manifest\u00f3 que \u00abes importante reiterar que la violencia de g\u00e9nero es un problema de seguridad p\u00fablica, no es un problema \u00fanicamente de las mujeres, por lo tanto el llamado siempre es a que todos y todas podamos denunciar\u00bb.<\/p>\n<\/div><\/section><\/div><div  style='height:50px' class='hr hr-invisible   avia-builder-el-6  el_after_av_one_full  el_before_av_social_share '><span class='hr-inner ' ><span class='hr-inner-style'><\/span><\/span><\/div><\/p>\n<div  class='av-social-sharing-box  avia-builder-el-7  el_after_av_hr  el_before_av_hr  '><div class='av-share-box'><h5 class='av-share-link-description av-no-toc '>Compartir esta noticia<\/h5><ul class='av-share-box-list noLightbox'><li class='av-share-link av-social-link-facebook' ><a target=\"_blank\" aria-label=\"Compartir en Facebook\" href='https:\/\/www.facebook.com\/sharer.php?u=https:\/\/radiorevelacionfm.cl\/?p=53076&#038;t=SernamEG%20reitera%20llamado%20a%20la%20comunidad%20a%20denunciar%20ante%20casos%20de%20violencias%20de%20g%C3%A9nero' aria-hidden='false' data-av_icon='\ue8f3' data-av_iconfont='entypo-fontello' title='' data-avia-related-tooltip='Compartir en Facebook' rel=\"noopener\"><span class='avia_hidden_link_text'>Compartir en Facebook<\/span><\/a><\/li><li class='av-share-link av-social-link-twitter' ><a target=\"_blank\" aria-label=\"Compartir en Twitter\" href='https:\/\/twitter.com\/share?text=SernamEG%20reitera%20llamado%20a%20la%20comunidad%20a%20denunciar%20ante%20casos%20de%20violencias%20de%20g%C3%A9nero&#038;url=https:\/\/radiorevelacionfm.cl\/?p=53076' aria-hidden='false' data-av_icon='\ue8f1' data-av_iconfont='entypo-fontello' title='' data-avia-related-tooltip='Compartir en Twitter' rel=\"noopener\"><span class='avia_hidden_link_text'>Compartir en Twitter<\/span><\/a><\/li><li class='av-share-link av-social-link-whatsapp' ><a target=\"_blank\" aria-label=\"Compartir en Whatsapp\" href='https:\/\/api.whatsapp.com\/send?text=https:\/\/radiorevelacionfm.cl\/?p=53076' aria-hidden='false' data-av_icon='\uf232' data-av_iconfont='entypo-fontello' title='' data-avia-related-tooltip='Compartir en Whatsapp' rel=\"noopener\"><span class='avia_hidden_link_text'>Compartir en Whatsapp<\/span><\/a><\/li><li class='av-share-link av-social-link-linkedin' ><a target=\"_blank\" aria-label=\"Compartir en LinkedIn\" href='https:\/\/linkedin.com\/shareArticle?mini=true&#038;title=SernamEG%20reitera%20llamado%20a%20la%20comunidad%20a%20denunciar%20ante%20casos%20de%20violencias%20de%20g%C3%A9nero&#038;url=https:\/\/radiorevelacionfm.cl\/?p=53076' aria-hidden='false' data-av_icon='\ue8fc' data-av_iconfont='entypo-fontello' title='' data-avia-related-tooltip='Compartir en LinkedIn' rel=\"noopener\"><span class='avia_hidden_link_text'>Compartir en LinkedIn<\/span><\/a><\/li><li class='av-share-link av-social-link-mail' ><a  aria-label=\"Compartir por correo\" href='mailto:?subject=SernamEG%20reitera%20llamado%20a%20la%20comunidad%20a%20denunciar%20ante%20casos%20de%20violencias%20de%20g%C3%A9nero&#038;body=https:\/\/radiorevelacionfm.cl\/?p=53076' aria-hidden='false' data-av_icon='\ue805' data-av_iconfont='entypo-fontello' title='' data-avia-related-tooltip='Compartir por correo'><span class='avia_hidden_link_text'>Compartir por correo<\/span><\/a><\/li><\/ul><\/div><\/div>\n<div  style='height:50px' class='hr hr-invisible   avia-builder-el-8  el_after_av_social_share  el_before_av_comments_list '><span class='hr-inner ' ><span class='hr-inner-style'><\/span><\/span><\/div>\n<div  class='av-buildercomment  av-blog-meta-html-info-disabled av-blog-meta-tag-disabled  '><\/div>\n","protected":false},"excerpt":{"rendered":"","protected":false},"author":1,"featured_media":53077,"comment_status":"closed","ping_status":"closed","sticky":false,"template":"","format":"standard","meta":{"footnotes":""},"categories":[38],"tags":[],"class_list":["post-53076","post","type-post","status-publish","format-standard","has-post-thumbnail","hentry","category-regional"],"jetpack_featured_media_url":"https:\/\/radiorevelacionfm.cl\/wp-content\/uploads\/2025\/04\/Comunicado-casos-abril-1-1.jpeg","_links":{"self":[{"href":"https:\/\/radiorevelacionfm.cl\/index.php?rest_route=\/wp\/v2\/posts\/53076","targetHints":{"allow":["GET"]}}],"collection":[{"href":"https:\/\/radiorevelacionfm.cl\/index.php?rest_route=\/wp\/v2\/posts"}],"about":[{"href":"https:\/\/radiorevelacionfm.cl\/index.php?rest_route=\/wp\/v2\/types\/post"}],"author":[{"embeddable":true,"href":"https:\/\/radiorevelacionfm.cl\/index.php?rest_route=\/wp\/v2\/users\/1"}],"replies":[{"embeddable":true,"href":"https:\/\/radiorevelacionfm.cl\/index.php?rest_route=%2Fwp%2Fv2%2Fcomments&post=53076"}],"version-history":[{"count":2,"href":"https:\/\/radiorevelacionfm.cl\/index.php?rest_route=\/wp\/v2\/posts\/53076\/revisions"}],"predecessor-version":[{"id":53138,"href":"https:\/\/radiorevelacionfm.cl\/index.php?rest_route=\/wp\/v2\/posts\/53076\/revisions\/53138"}],"wp:featuredmedia":[{"embeddable":true,"href":"https:\/\/radiorevelacionfm.cl\/index.php?rest_route=\/wp\/v2\/media\/53077"}],"wp:attachment":[{"href":"https:\/\/radiorevelacionfm.cl\/index.php?rest_route=%2Fwp%2Fv2%2Fmedia&parent=53076"}],"wp:term":[{"taxonomy":"category","embeddable":true,"href":"https:\/\/radiorevelacionfm.cl\/index.php?rest_route=%2Fwp%2Fv2%2Fcategories&post=53076"},{"taxonomy":"post_tag","embeddable":true,"href":"https:\/\/radiorevelacionfm.cl\/index.php?rest_route=%2Fwp%2Fv2%2Ftags&post=53076"}],"curies":[{"name":"wp","href":"https:\/\/api.w.org\/{rel}","templated":true}]}}