{"id":53071,"date":"2025-04-24T20:44:02","date_gmt":"2025-04-24T23:44:02","guid":{"rendered":"https:\/\/radiorevelacionfm.cl\/?p=53071"},"modified":"2025-04-24T20:44:02","modified_gmt":"2025-04-24T23:44:02","slug":"seremi-actualiza-estado-del-proyecto-de-reposicion-del-cuartel-de-bomberos-coyhaique","status":"publish","type":"post","link":"https:\/\/radiorevelacionfm.cl\/?p=53071","title":{"rendered":"Seremi actualiza estado del proyecto de reposici\u00f3n del Cuartel de Bomberos Coyhaique"},"content":{"rendered":"<div class=\"flex_column av_one_full  flex_column_div av-zero-column-padding first  avia-builder-el-0  el_before_av_one_full  avia-builder-el-first  \" style='border-radius:0px; '><div  class='avia-image-container  av-styling-    avia-builder-el-1  avia-builder-el-no-sibling  avia-align-center '  itemprop=\"image\" itemscope=\"itemscope\" itemtype=\"https:\/\/schema.org\/ImageObject\"  ><div class='avia-image-container-inner'><div class='avia-image-overlay-wrap'><img decoding=\"async\" class='wp-image-42845 avia-img-lazy-loading-not-42845 avia_image' src=\"https:\/\/radiorevelacionfm.cl\/wp-content\/uploads\/2024\/06\/Bomberos-Coyhaique1-1-1.jpg\" alt='' title='Bomberos Coyhaique1 (1) (1)' height=\"600\" width=\"1067\"  itemprop=\"thumbnailUrl\" srcset=\"https:\/\/radiorevelacionfm.cl\/wp-content\/uploads\/2024\/06\/Bomberos-Coyhaique1-1-1.jpg 1067w, https:\/\/radiorevelacionfm.cl\/wp-content\/uploads\/2024\/06\/Bomberos-Coyhaique1-1-1-300x169.jpg 300w, https:\/\/radiorevelacionfm.cl\/wp-content\/uploads\/2024\/06\/Bomberos-Coyhaique1-1-1-1030x579.jpg 1030w, https:\/\/radiorevelacionfm.cl\/wp-content\/uploads\/2024\/06\/Bomberos-Coyhaique1-1-1-768x432.jpg 768w, https:\/\/radiorevelacionfm.cl\/wp-content\/uploads\/2024\/06\/Bomberos-Coyhaique1-1-1-705x396.jpg 705w, https:\/\/radiorevelacionfm.cl\/wp-content\/uploads\/2024\/06\/Bomberos-Coyhaique1-1-1-450x253.jpg 450w, https:\/\/radiorevelacionfm.cl\/wp-content\/uploads\/2024\/06\/Bomberos-Coyhaique1-1-1-600x337.jpg 600w\" sizes=\"(max-width: 1067px) 100vw, 1067px\" \/><\/div><\/div><\/div><\/div><div class=\"flex_column av_one_full  flex_column_div av-zero-column-padding first  avia-builder-el-2  el_after_av_one_full  el_before_av_one_full  column-top-margin\" style='border-radius:0px; '><section class=\"av_textblock_section \"  itemscope=\"itemscope\" itemtype=\"https:\/\/schema.org\/BlogPosting\" itemprop=\"blogPost\" ><div class='avia_textblock  '   itemprop=\"text\" ><p style=\"text-align: center;\"><strong><span style=\"font-size: 18pt;\">Seremi actualiza estado del proyecto de reposici\u00f3n del Cuartel de Bomberos Coyhaique<\/span><\/strong><\/p>\n<div id=\"gtx-trans\" style=\"position: absolute; left: -50px; top: 4.31534px;\">\n<div class=\"gtx-trans-icon\"><\/div>\n<\/div>\n<\/div><\/section><\/div><div class=\"flex_column av_one_full  flex_column_div av-zero-column-padding first  avia-builder-el-4  el_after_av_one_full  el_before_av_hr  column-top-margin\" style='border-radius:0px; '><section class=\"av_textblock_section \"  itemscope=\"itemscope\" itemtype=\"https:\/\/schema.org\/BlogPosting\" itemprop=\"blogPost\" ><div class='avia_textblock  '   itemprop=\"text\" ><p style=\"text-align: justify;\"><em>Desde Desarrollo Social, la autoridad destac\u00f3 la voluntad del Gobierno, MOP, Delegaci\u00f3n Presidencial y Gobierno Regional para buscar soluciones a los nudos cr\u00edticos, respetando siempre el marco normativo que rige el Sistema Nacional de Inversiones.<\/em><\/p>\n<p style=\"text-align: justify;\">Consultada sobre el estado del proyecto Reposici\u00f3n Cuartel Primera Compa\u00f1\u00eda Cuerpo de Bomberos Coyhaique, la seremi de Desarrollo Social y Familia Karina Acevedo record\u00f3 que esta iniciativa cuenta con la Recomendaci\u00f3n Satisfactoria (RS) desde mayo de 2024 y, que el plan de contingencia, es un tema ya resuelto dentro del proceso de reevaluaci\u00f3n t\u00e9cnica de la iniciativa.<\/p>\n<p style=\"text-align: justify;\">Al respecto la seremi Acevedo Auad detall\u00f3 \u00abla iniciativa cuenta con la Recomendaci\u00f3n Satisfactoria de parte del Ministerio de Desarrollo Social y Familia desde mayo del 2024 por un valor de aproximado de 4.200 millones de pesos y ha sido licitado por la unidad t\u00e9cnica que es la Direcci\u00f3n de Arquitectura del MOP en 2 oportunidades, estando en este momento con una oferta de una empresa contratista por un valor de aproximadamente 5.900 millones de pesos, lo que supera en un 42% el presupuesto original elaborado por la Direcci\u00f3n de Arquitectura del MOP\u00bb, explic\u00f3.<\/p>\n<p style=\"text-align: justify;\">A ra\u00edz de lo anterior, \u00a0la autoridad de Desarrollo Social en Ays\u00e9n agreg\u00f3 \u00abLa ley exige un proceso que se llama reevaluaci\u00f3n, esto significa una nueva autorizaci\u00f3n con este nuevo valor ofertado, entendiendo que se llega a 6 millones 300 mil pesos el metro cuadrado de la construcci\u00f3n, esta cifra supera con creces al valor que ten\u00eda presupuestado el Gobierno Regional, pero el RS no se anula eso es muy importante indicar. Es necesario recordar que, como Ministerio la ley nos impone velar por la eficiencia en el uso de los recursos p\u00fablicos\u00bb enfatiz\u00f3 Acevedo Auad.<\/p>\n<p style=\"text-align: justify;\">Por otro lado, obtener un plan de contingencia para instalar f\u00edsicamente a la instituci\u00f3n bomberil de forma transitoria, es lo que ya se ha resuelto, agreg\u00f3 la Seremi de Desarrollo Social y Familia en Ays\u00e9n \u00abhemos tenido varias reuniones y logramos resolver lo que respecta al plan de contingencia de este proyecto y, que consiste en un arriendo de bodegas y oficinas para que la Primera Compa\u00f1\u00eda de Bomberos pueda seguir operando a la brevedad\u00bb.<\/p>\n<p style=\"text-align: justify;\">En cuanto al proceso de evaluaci\u00f3n del proyecto Acevedo Auad recalc\u00f3 \u00abDesde el \u00c1rea de Inversiones de nuestra seremi en todo momento se ha mantenido una buena coordinaci\u00f3n con la Delegaci\u00f3n Presidencial Regional, el Gobierno Regional, Municipio, Direcci\u00f3n de Arquitectura del MOP y Bomberos para seguir avanzando con la alternativa en el m\u00e1s breve plazo\u00bb finaliz\u00f3 la autoridad.<\/p>\n<\/div><\/section><\/div><div  style='height:50px' class='hr hr-invisible   avia-builder-el-6  el_after_av_one_full  el_before_av_social_share '><span class='hr-inner ' ><span class='hr-inner-style'><\/span><\/span><\/div><\/p>\n<div  class='av-social-sharing-box  avia-builder-el-7  el_after_av_hr  el_before_av_hr  '><div class='av-share-box'><h5 class='av-share-link-description av-no-toc '>Compartir esta noticia<\/h5><ul class='av-share-box-list noLightbox'><li class='av-share-link av-social-link-facebook' ><a target=\"_blank\" aria-label=\"Compartir en Facebook\" href='https:\/\/www.facebook.com\/sharer.php?u=https:\/\/radiorevelacionfm.cl\/?p=53071&#038;t=Seremi%20actualiza%20estado%20del%20proyecto%20de%20reposici%C3%B3n%20del%20Cuartel%20de%20Bomberos%20Coyhaique' aria-hidden='false' data-av_icon='\ue8f3' data-av_iconfont='entypo-fontello' title='' data-avia-related-tooltip='Compartir en Facebook' rel=\"noopener\"><span class='avia_hidden_link_text'>Compartir en Facebook<\/span><\/a><\/li><li class='av-share-link av-social-link-twitter' ><a target=\"_blank\" aria-label=\"Compartir en Twitter\" href='https:\/\/twitter.com\/share?text=Seremi%20actualiza%20estado%20del%20proyecto%20de%20reposici%C3%B3n%20del%20Cuartel%20de%20Bomberos%20Coyhaique&#038;url=https:\/\/radiorevelacionfm.cl\/?p=53071' aria-hidden='false' data-av_icon='\ue8f1' data-av_iconfont='entypo-fontello' title='' data-avia-related-tooltip='Compartir en Twitter' rel=\"noopener\"><span class='avia_hidden_link_text'>Compartir en Twitter<\/span><\/a><\/li><li class='av-share-link av-social-link-whatsapp' ><a target=\"_blank\" aria-label=\"Compartir en Whatsapp\" href='https:\/\/api.whatsapp.com\/send?text=https:\/\/radiorevelacionfm.cl\/?p=53071' aria-hidden='false' data-av_icon='\uf232' data-av_iconfont='entypo-fontello' title='' data-avia-related-tooltip='Compartir en Whatsapp' rel=\"noopener\"><span class='avia_hidden_link_text'>Compartir en Whatsapp<\/span><\/a><\/li><li class='av-share-link av-social-link-linkedin' ><a target=\"_blank\" aria-label=\"Compartir en LinkedIn\" href='https:\/\/linkedin.com\/shareArticle?mini=true&#038;title=Seremi%20actualiza%20estado%20del%20proyecto%20de%20reposici%C3%B3n%20del%20Cuartel%20de%20Bomberos%20Coyhaique&#038;url=https:\/\/radiorevelacionfm.cl\/?p=53071' aria-hidden='false' data-av_icon='\ue8fc' data-av_iconfont='entypo-fontello' title='' data-avia-related-tooltip='Compartir en LinkedIn' rel=\"noopener\"><span class='avia_hidden_link_text'>Compartir en LinkedIn<\/span><\/a><\/li><li class='av-share-link av-social-link-mail' ><a  aria-label=\"Compartir por correo\" href='mailto:?subject=Seremi%20actualiza%20estado%20del%20proyecto%20de%20reposici%C3%B3n%20del%20Cuartel%20de%20Bomberos%20Coyhaique&#038;body=https:\/\/radiorevelacionfm.cl\/?p=53071' aria-hidden='false' data-av_icon='\ue805' data-av_iconfont='entypo-fontello' title='' data-avia-related-tooltip='Compartir por correo'><span class='avia_hidden_link_text'>Compartir por correo<\/span><\/a><\/li><\/ul><\/div><\/div>\n<div  style='height:50px' class='hr hr-invisible   avia-builder-el-8  el_after_av_social_share  el_before_av_comments_list '><span class='hr-inner ' ><span class='hr-inner-style'><\/span><\/span><\/div>\n<div  class='av-buildercomment  av-blog-meta-html-info-disabled av-blog-meta-tag-disabled  '><\/div>\n","protected":false},"excerpt":{"rendered":"","protected":false},"author":1,"featured_media":42845,"comment_status":"closed","ping_status":"closed","sticky":false,"template":"","format":"standard","meta":{"footnotes":""},"categories":[38],"tags":[],"class_list":["post-53071","post","type-post","status-publish","format-standard","has-post-thumbnail","hentry","category-regional"],"jetpack_featured_media_url":"https:\/\/radiorevelacionfm.cl\/wp-content\/uploads\/2024\/06\/Bomberos-Coyhaique1-1-1.jpg","_links":{"self":[{"href":"https:\/\/radiorevelacionfm.cl\/index.php?rest_route=\/wp\/v2\/posts\/53071","targetHints":{"allow":["GET"]}}],"collection":[{"href":"https:\/\/radiorevelacionfm.cl\/index.php?rest_route=\/wp\/v2\/posts"}],"about":[{"href":"https:\/\/radiorevelacionfm.cl\/index.php?rest_route=\/wp\/v2\/types\/post"}],"author":[{"embeddable":true,"href":"https:\/\/radiorevelacionfm.cl\/index.php?rest_route=\/wp\/v2\/users\/1"}],"replies":[{"embeddable":true,"href":"https:\/\/radiorevelacionfm.cl\/index.php?rest_route=%2Fwp%2Fv2%2Fcomments&post=53071"}],"version-history":[{"count":2,"href":"https:\/\/radiorevelacionfm.cl\/index.php?rest_route=\/wp\/v2\/posts\/53071\/revisions"}],"predecessor-version":[{"id":53094,"href":"https:\/\/radiorevelacionfm.cl\/index.php?rest_route=\/wp\/v2\/posts\/53071\/revisions\/53094"}],"wp:featuredmedia":[{"embeddable":true,"href":"https:\/\/radiorevelacionfm.cl\/index.php?rest_route=\/wp\/v2\/media\/42845"}],"wp:attachment":[{"href":"https:\/\/radiorevelacionfm.cl\/index.php?rest_route=%2Fwp%2Fv2%2Fmedia&parent=53071"}],"wp:term":[{"taxonomy":"category","embeddable":true,"href":"https:\/\/radiorevelacionfm.cl\/index.php?rest_route=%2Fwp%2Fv2%2Fcategories&post=53071"},{"taxonomy":"post_tag","embeddable":true,"href":"https:\/\/radiorevelacionfm.cl\/index.php?rest_route=%2Fwp%2Fv2%2Ftags&post=53071"}],"curies":[{"name":"wp","href":"https:\/\/api.w.org\/{rel}","templated":true}]}}