{"id":5307,"date":"2021-06-16T10:25:02","date_gmt":"2021-06-16T13:25:02","guid":{"rendered":"https:\/\/radiorevelacionfm.cl\/?p=5307"},"modified":"2021-06-16T10:25:02","modified_gmt":"2021-06-16T13:25:02","slug":"anuncian-permiso-de-apertura-de-recintos-deportivos-al-aire-libre-para-comunas-en-fase-1-y-fase-2","status":"publish","type":"post","link":"https:\/\/radiorevelacionfm.cl\/?p=5307","title":{"rendered":"Anuncian permiso de apertura de recintos deportivos al aire libre para comunas en fase 1 y fase 2"},"content":{"rendered":"<div class=\"flex_column av_one_full  flex_column_div av-zero-column-padding first  avia-builder-el-0  el_before_av_one_full  avia-builder-el-first  \" style='border-radius:0px; '><div  class='avia-image-container  av-styling-    avia-builder-el-1  avia-builder-el-no-sibling  avia-align-center '  itemprop=\"image\" itemscope=\"itemscope\" itemtype=\"https:\/\/schema.org\/ImageObject\"  ><div class='avia-image-container-inner'><div class='avia-image-overlay-wrap'><img decoding=\"async\" class='wp-image-5308 avia-img-lazy-loading-not-5308 avia_image' src=\"https:\/\/radiorevelacionfm.cl\/wp-content\/uploads\/2021\/06\/1-28-1-1.jpg\" alt='' title='1 (28) (1) (1)' height=\"600\" width=\"1067\"  itemprop=\"thumbnailUrl\" srcset=\"https:\/\/radiorevelacionfm.cl\/wp-content\/uploads\/2021\/06\/1-28-1-1.jpg 1067w, https:\/\/radiorevelacionfm.cl\/wp-content\/uploads\/2021\/06\/1-28-1-1-300x169.jpg 300w, https:\/\/radiorevelacionfm.cl\/wp-content\/uploads\/2021\/06\/1-28-1-1-1030x579.jpg 1030w, https:\/\/radiorevelacionfm.cl\/wp-content\/uploads\/2021\/06\/1-28-1-1-768x432.jpg 768w, https:\/\/radiorevelacionfm.cl\/wp-content\/uploads\/2021\/06\/1-28-1-1-705x396.jpg 705w, https:\/\/radiorevelacionfm.cl\/wp-content\/uploads\/2021\/06\/1-28-1-1-600x337.jpg 600w\" sizes=\"(max-width: 1067px) 100vw, 1067px\" \/><\/div><\/div><\/div><\/div><div class=\"flex_column av_one_full  flex_column_div av-zero-column-padding first  avia-builder-el-2  el_after_av_one_full  el_before_av_one_full  column-top-margin\" style='border-radius:0px; '><section class=\"av_textblock_section \"  itemscope=\"itemscope\" itemtype=\"https:\/\/schema.org\/BlogPosting\" itemprop=\"blogPost\" ><div class='avia_textblock  '   itemprop=\"text\" ><p style=\"text-align: center;\"><strong><span style=\"font-size: 18pt;\">Anuncian permiso de apertura de recintos deportivos al aire libre para comunas en fase 1 y fase 2 <\/span><\/strong><\/p>\n<div id=\"gtx-trans\" style=\"position: absolute; left: -50px; top: 4.31534px;\">\n<div class=\"gtx-trans-icon\"><\/div>\n<\/div>\n<\/div><\/section><\/div><div class=\"flex_column av_one_full  flex_column_div av-zero-column-padding first  avia-builder-el-4  el_after_av_one_full  el_before_av_hr  column-top-margin\" style='border-radius:0px; '><section class=\"av_textblock_section \"  itemscope=\"itemscope\" itemtype=\"https:\/\/schema.org\/BlogPosting\" itemprop=\"blogPost\" ><div class='avia_textblock  '   itemprop=\"text\" ><p style=\"text-align: justify;\">La Ministra Cecilia P\u00e9rez, dio a conocer los t\u00e9rminos y condiciones para que recintos deportivos, p\u00fablicos y privados, que se encuentren al aire libre, puedan postular a obtener el permiso del Ministerio del Deporte para abrir estos recintos deportivos, cumpliendo estrictamente los requisitos que se detallen en el formulario de postulaci\u00f3n disponible en <a href=\"http:\/\/www.mindep.cl\/\">www.mindep.cl <\/a>a partir del mi\u00e9rcoles 16 de junio, acompa\u00f1ado del protocolo respectivo.<\/p>\n<p style=\"text-align: justify;\">La Ministra del Deporte reforz\u00f3 el llamado a seguir cuid\u00e1ndose y ser responsables con nosotros y nuestro entorno. Esta pandemia la vamos a superar unidos, actuando con responsabilidad y siendo solidarios con nuestros seres queridos. Por eso, valoramos enormemente este nuevo paso que damos adelante en beneficio de todos los deportistas de nuestro pa\u00eds, destac\u00f3 la Ministra del Deporte.<\/p>\n<p style=\"text-align: justify;\">La autoridad anticip\u00f3 que las postulaciones se recibir\u00e1n solo de lunes a mi\u00e9rcoles, mientras que los jueves y viernes el Mindep evaluara las postulaciones recibidas. La respuesta a la solicitud ser\u00e1 enviada por correo electr\u00f3nico a la direcci\u00f3n indicada en la postulaci\u00f3n y en caso de ser aprobada permitir\u00e1 el funcionamiento del recinto durante la vigencia de la resoluci\u00f3n N\u00b043 del Ministerio de Salud, a partir de la habilitaci\u00f3n del desplazamiento para trabajadores esenciales de ese recinto deportivo, a trav\u00e9s del permiso \u00fanico colectivo que se obtendr\u00e1 en comisaria virtual.<\/p>\n<p style=\"text-align: justify;\">Hacemos un llamado a que se respeten los protocolos y medidas sanitarias. El incumplimiento a la normativa legal vigente llevara a la revocaci\u00f3n del permiso obtenido por el recinto deportivo, recalc\u00f3 la ministra.<\/p>\n<p style=\"text-align: justify;\"><strong>Requisitos de postulaci\u00f3n:<\/strong><\/p>\n<ol style=\"text-align: justify;\">\n<li>Las solicitudes de autorizaci\u00f3n aplicaran solo a recintos deportivos al aire libre (p\u00fablicos y privados), con un aforo m\u00e1ximo de 5 personas simult\u00e1neamente en Fase 1, y fines de semana y festivos en Fase 2 del Plan Paso a Paso.<\/li>\n<li>Las postulaciones para la apertura de recintos deportivos al aire libre, se podr\u00e1n realizar todas las semanas de lunes a mi\u00e9rcoles. Los d\u00edas jueves y viernes estas postulaciones ser\u00e1n evaluadas por el Ministerio del Deporte.<\/li>\n<li>Para la obtenci\u00f3n de esta autorizaci\u00f3n, se deber\u00e1 completar el formulario de postulaci\u00f3n disponible en el Sitio Web del Ministerio del Deporte, adjuntando el protocolo del recinto deportivo, teniendo como base el protocolo del Mindep, y acompa\u00f1ado de la Declaraci\u00f3n Jurada Simple firmada por el representante legal donde se aceptan los t\u00e9rminos y condiciones.<\/li>\n<li>El protocolo que se adjunte deber\u00e1 estar ajustado a la realidad de la infraestructura del recinto, y no podr\u00e1 superar los 10 MB. Las solicitudes que no cumplan con esta condici\u00f3n ser\u00e1n rechazadas.<\/li>\n<li>El protocolo deber\u00e1 indicar la cantidad de subrecintos que se habilitaran y la cantidad m\u00ednima necesaria de trabajadores operativos esenciales que se requerir\u00e1n para su correcto funcionamiento. El n\u00famero de trabajadores esenciales no podr\u00e1 ser superior a 1 por subrecinto con un m\u00e1ximo de 20 para la totalidad del recinto deportivo.<\/li>\n<li>La respuesta a la solicitud, ser\u00e1 enviada por correo electr\u00f3nico a la direcci\u00f3n indicada en la postulaci\u00f3n una vez terminado el proceso de evaluaci\u00f3n.<\/li>\n<li>En caso de ser aprobada la solicitud, se remitir\u00e1n los antecedentes a la Subsecretaria de Prevenci\u00f3n del Delito para solicitar la habilitaci\u00f3n en <a href=\"https:\/\/comisariavirtual.cl\/\">Comisaria Virtual <\/a>del Permiso \u00danico Colectivo para los trabajadores esenciales del recinto deportivo al aire.<\/li>\n<li>La solicitud aprobada permitir\u00e1 el funcionamiento permanente del recinto durante la vigencia de la resoluci\u00f3n N\u00b043 del Ministerio de Salud.<\/li>\n<li>En el caso de que la solicitud sea rechazada por incumplimiento en los requisitos exigidos podr\u00e1 elevar una nueva solicitud una vez haya subsanado los motivos por los cuales fue rechazado.<\/li>\n<li>El ingreso de toda persona al recinto deber\u00e1 ser controlado por personal destinado a esa labor, para verificar que cuenta con las medidas de movilidad definidas en el instructivo de desplazamiento del Ministerio del Interior y Seguridad P\u00fablica para comunas en Fase 1 y Fase 2 (pase de movilidad o permiso de desplazamiento).<\/li>\n<li>En caso de incumplimiento de alguna de las medidas sanitarias o del protocolo presentado, esta aprobaci\u00f3n ser\u00e1 revocada sin permitir una nueva postulaci\u00f3n y ser\u00e1 denunciado ante la autoridad sanitaria.<\/li>\n<\/ol>\n<p style=\"text-align: justify;\">Para conocer todos los detalles de esta nueva normativa y postular para la apertura, se debe ingresar a <a href=\"http:\/\/www.mindep.cl\/\"><u>www.mindep.cl<\/u><\/a>.<\/p>\n<\/div><\/section><\/div><div  style='height:50px' class='hr hr-invisible   avia-builder-el-6  el_after_av_one_full  el_before_av_social_share '><span class='hr-inner ' ><span class='hr-inner-style'><\/span><\/span><\/div><\/p>\n<div  class='av-social-sharing-box  avia-builder-el-7  el_after_av_hr  el_before_av_hr  '><div class='av-share-box'><h5 class='av-share-link-description av-no-toc '>Compartir esta noticia<\/h5><ul class='av-share-box-list noLightbox'><li class='av-share-link av-social-link-facebook' ><a target=\"_blank\" aria-label=\"Compartir en Facebook\" href='https:\/\/www.facebook.com\/sharer.php?u=https:\/\/radiorevelacionfm.cl\/?p=5307&#038;t=Anuncian%20permiso%20de%20apertura%20de%20recintos%20deportivos%20al%20aire%20libre%20para%20comunas%20en%20fase%201%20y%20fase%202' aria-hidden='false' data-av_icon='\ue8f3' data-av_iconfont='entypo-fontello' title='' data-avia-related-tooltip='Compartir en Facebook' rel=\"noopener\"><span class='avia_hidden_link_text'>Compartir en Facebook<\/span><\/a><\/li><li class='av-share-link av-social-link-twitter' ><a target=\"_blank\" aria-label=\"Compartir en Twitter\" href='https:\/\/twitter.com\/share?text=Anuncian%20permiso%20de%20apertura%20de%20recintos%20deportivos%20al%20aire%20libre%20para%20comunas%20en%20fase%201%20y%20fase%202&#038;url=https:\/\/radiorevelacionfm.cl\/?p=5307' aria-hidden='false' data-av_icon='\ue8f1' data-av_iconfont='entypo-fontello' title='' data-avia-related-tooltip='Compartir en Twitter' rel=\"noopener\"><span class='avia_hidden_link_text'>Compartir en Twitter<\/span><\/a><\/li><li class='av-share-link av-social-link-whatsapp' ><a target=\"_blank\" aria-label=\"Compartir en Whatsapp\" href='https:\/\/api.whatsapp.com\/send?text=https:\/\/radiorevelacionfm.cl\/?p=5307' aria-hidden='false' data-av_icon='\uf232' data-av_iconfont='entypo-fontello' title='' data-avia-related-tooltip='Compartir en Whatsapp' rel=\"noopener\"><span class='avia_hidden_link_text'>Compartir en Whatsapp<\/span><\/a><\/li><li class='av-share-link av-social-link-linkedin' ><a target=\"_blank\" aria-label=\"Compartir en LinkedIn\" href='https:\/\/linkedin.com\/shareArticle?mini=true&#038;title=Anuncian%20permiso%20de%20apertura%20de%20recintos%20deportivos%20al%20aire%20libre%20para%20comunas%20en%20fase%201%20y%20fase%202&#038;url=https:\/\/radiorevelacionfm.cl\/?p=5307' aria-hidden='false' data-av_icon='\ue8fc' data-av_iconfont='entypo-fontello' title='' data-avia-related-tooltip='Compartir en LinkedIn' rel=\"noopener\"><span class='avia_hidden_link_text'>Compartir en LinkedIn<\/span><\/a><\/li><li class='av-share-link av-social-link-mail' ><a  aria-label=\"Compartir por correo\" href='mailto:?subject=Anuncian%20permiso%20de%20apertura%20de%20recintos%20deportivos%20al%20aire%20libre%20para%20comunas%20en%20fase%201%20y%20fase%202&#038;body=https:\/\/radiorevelacionfm.cl\/?p=5307' aria-hidden='false' data-av_icon='\ue805' data-av_iconfont='entypo-fontello' title='' data-avia-related-tooltip='Compartir por correo'><span class='avia_hidden_link_text'>Compartir por correo<\/span><\/a><\/li><\/ul><\/div><\/div>\n<div  style='height:50px' class='hr hr-invisible   avia-builder-el-8  el_after_av_social_share  el_before_av_comments_list '><span class='hr-inner ' ><span class='hr-inner-style'><\/span><\/span><\/div>\n<div  class='av-buildercomment  av-blog-meta-html-info-disabled av-blog-meta-tag-disabled  '><\/div>\n","protected":false},"excerpt":{"rendered":"","protected":false},"author":1,"featured_media":5308,"comment_status":"open","ping_status":"open","sticky":false,"template":"","format":"standard","meta":{"footnotes":""},"categories":[40],"tags":[],"class_list":["post-5307","post","type-post","status-publish","format-standard","has-post-thumbnail","hentry","category-deportes"],"jetpack_featured_media_url":"https:\/\/radiorevelacionfm.cl\/wp-content\/uploads\/2021\/06\/1-28-1-1.jpg","_links":{"self":[{"href":"https:\/\/radiorevelacionfm.cl\/index.php?rest_route=\/wp\/v2\/posts\/5307","targetHints":{"allow":["GET"]}}],"collection":[{"href":"https:\/\/radiorevelacionfm.cl\/index.php?rest_route=\/wp\/v2\/posts"}],"about":[{"href":"https:\/\/radiorevelacionfm.cl\/index.php?rest_route=\/wp\/v2\/types\/post"}],"author":[{"embeddable":true,"href":"https:\/\/radiorevelacionfm.cl\/index.php?rest_route=\/wp\/v2\/users\/1"}],"replies":[{"embeddable":true,"href":"https:\/\/radiorevelacionfm.cl\/index.php?rest_route=%2Fwp%2Fv2%2Fcomments&post=5307"}],"version-history":[{"count":1,"href":"https:\/\/radiorevelacionfm.cl\/index.php?rest_route=\/wp\/v2\/posts\/5307\/revisions"}],"predecessor-version":[{"id":5309,"href":"https:\/\/radiorevelacionfm.cl\/index.php?rest_route=\/wp\/v2\/posts\/5307\/revisions\/5309"}],"wp:featuredmedia":[{"embeddable":true,"href":"https:\/\/radiorevelacionfm.cl\/index.php?rest_route=\/wp\/v2\/media\/5308"}],"wp:attachment":[{"href":"https:\/\/radiorevelacionfm.cl\/index.php?rest_route=%2Fwp%2Fv2%2Fmedia&parent=5307"}],"wp:term":[{"taxonomy":"category","embeddable":true,"href":"https:\/\/radiorevelacionfm.cl\/index.php?rest_route=%2Fwp%2Fv2%2Fcategories&post=5307"},{"taxonomy":"post_tag","embeddable":true,"href":"https:\/\/radiorevelacionfm.cl\/index.php?rest_route=%2Fwp%2Fv2%2Ftags&post=5307"}],"curies":[{"name":"wp","href":"https:\/\/api.w.org\/{rel}","templated":true}]}}