{"id":53064,"date":"2025-04-24T16:00:29","date_gmt":"2025-04-24T19:00:29","guid":{"rendered":"https:\/\/radiorevelacionfm.cl\/?p=53064"},"modified":"2025-04-24T16:00:29","modified_gmt":"2025-04-24T19:00:29","slug":"inacap-coyhaique-realizo-taller-prepara-tu-despensa-para-el-invierno-en-el-marco-de-la-semana-chile-emprende-y-el-mes-de-la-cocina-chilena","status":"publish","type":"post","link":"https:\/\/radiorevelacionfm.cl\/?p=53064","title":{"rendered":"Inacap Coyhaique realiz\u00f3 taller \u201cPrepara tu despensa para el invierno\u201d en el marco de la semana Chile Emprende y el Mes de la Cocina Chilena"},"content":{"rendered":"<div class=\"flex_column av_one_full  flex_column_div av-zero-column-padding first  avia-builder-el-0  el_before_av_one_full  avia-builder-el-first  \" style='border-radius:0px; '><div  class='avia-image-container  av-styling-    avia-builder-el-1  avia-builder-el-no-sibling  avia-align-center '  itemprop=\"image\" itemscope=\"itemscope\" itemtype=\"https:\/\/schema.org\/ImageObject\"  ><div class='avia-image-container-inner'><div class='avia-image-overlay-wrap'><img decoding=\"async\" class='wp-image-53065 avia-img-lazy-loading-not-53065 avia_image' src=\"https:\/\/radiorevelacionfm.cl\/wp-content\/uploads\/2025\/04\/IMAGEN-1-4-1-1.jpg\" alt='' title='IMAGEN 1 (4) (1) (1)' height=\"600\" width=\"830\"  itemprop=\"thumbnailUrl\" srcset=\"https:\/\/radiorevelacionfm.cl\/wp-content\/uploads\/2025\/04\/IMAGEN-1-4-1-1.jpg 830w, https:\/\/radiorevelacionfm.cl\/wp-content\/uploads\/2025\/04\/IMAGEN-1-4-1-1-300x217.jpg 300w, https:\/\/radiorevelacionfm.cl\/wp-content\/uploads\/2025\/04\/IMAGEN-1-4-1-1-768x555.jpg 768w, https:\/\/radiorevelacionfm.cl\/wp-content\/uploads\/2025\/04\/IMAGEN-1-4-1-1-705x510.jpg 705w, https:\/\/radiorevelacionfm.cl\/wp-content\/uploads\/2025\/04\/IMAGEN-1-4-1-1-450x325.jpg 450w, https:\/\/radiorevelacionfm.cl\/wp-content\/uploads\/2025\/04\/IMAGEN-1-4-1-1-600x434.jpg 600w\" sizes=\"(max-width: 830px) 100vw, 830px\" \/><\/div><\/div><\/div><\/div><div class=\"flex_column av_one_full  flex_column_div av-zero-column-padding first  avia-builder-el-2  el_after_av_one_full  el_before_av_one_full  column-top-margin\" style='border-radius:0px; '><section class=\"av_textblock_section \"  itemscope=\"itemscope\" itemtype=\"https:\/\/schema.org\/BlogPosting\" itemprop=\"blogPost\" ><div class='avia_textblock  '   itemprop=\"text\" ><p style=\"text-align: center;\"><strong><span style=\"font-size: 18pt;\">Inacap Coyhaique realiz\u00f3 taller \u201cPrepara tu despensa para el invierno\u201d en el marco de la semana Chile Emprende y el Mes de la Cocina Chilena<\/span><\/strong><\/p>\n<div id=\"gtx-trans\" style=\"position: absolute; left: -50px; top: 4.31534px;\">\n<div class=\"gtx-trans-icon\"><\/div>\n<\/div>\n<\/div><\/section><\/div><div class=\"flex_column av_one_full  flex_column_div av-zero-column-padding first  avia-builder-el-4  el_after_av_one_full  el_before_av_hr  column-top-margin\" style='border-radius:0px; '><section class=\"av_textblock_section \"  itemscope=\"itemscope\" itemtype=\"https:\/\/schema.org\/BlogPosting\" itemprop=\"blogPost\" ><div class='avia_textblock  '   itemprop=\"text\" ><p style=\"text-align: justify;\">En el marco de la semana Chile Emprende y la conmemoraci\u00f3n del Mes de la Cocina Chilena, INACAP sede Coyhaique desarroll\u00f3 ayer por la tarde la actividad \u201cPrepara tu despensa para el invierno\u201d, un taller pr\u00e1ctico enfocado en t\u00e9cnicas de lactofermentaci\u00f3n y conservas caseras.<\/p>\n<p style=\"text-align: justify;\">La jornada, que tuvo lugar el martes 23 de abril, fue liderada por la docente de gastronom\u00eda Natalia Julio, quien comparti\u00f3 sus conocimientos con una audiencia diversa compuesta por autoridades de la sede, estudiantes, docentes e integrantes de instituciones p\u00fablicas de la regi\u00f3n.<\/p>\n<p style=\"text-align: justify;\">Durante la actividad, los asistentes pudieron aprender sobre m\u00e9todos tradicionales y sustentables de preservaci\u00f3n de alimentos, ideales para enfrentar las bajas temperaturas del invierno en la Patagonia. La docente destac\u00f3 la importancia de rescatar t\u00e9cnicas ancestrales, revalorizando ingredientes locales y fomentando la autonom\u00eda alimentaria.<\/p>\n<p style=\"text-align: justify;\">El taller fue tambi\u00e9n una instancia de encuentro y colaboraci\u00f3n entre el mundo acad\u00e9mico, p\u00fablico y emprendedor, aline\u00e1ndose con los objetivos de la semana Chile Emprende, que busca fortalecer las capacidades de quienes apuestan por el desarrollo local a trav\u00e9s del emprendimiento y la innovaci\u00f3n.<\/p>\n<p style=\"text-align: justify;\">Al respecto, el director de la carrera de Gastronom\u00eda, Gabriel Aguayo, destac\u00f3 \u201cEstas instancias no solo permiten rescatar saberes tradicionales y adaptarlos a nuestra realidad actual, sino que tambi\u00e9n fortalecen el v\u00ednculo entre la formaci\u00f3n t\u00e9cnica y las necesidades reales del entorno. En INACAP estamos convencidos de que la cocina puede ser un motor de desarrollo local, y este tipo de talleres son una muestra concreta de c\u00f3mo podemos contribuir desde lo educativo al bienestar y la identidad de nuestras comunidades\u201d.<\/p>\n<p style=\"text-align: justify;\">Desde la sede Coyhaique de INACAP, se valor\u00f3 la alta participaci\u00f3n y el inter\u00e9s generado por esta iniciativa, reafirmando el compromiso institucional con la promoci\u00f3n de la cultura gastron\u00f3mica chilena y el apoyo a emprendedores de la regi\u00f3n.<\/p>\n<\/div><\/section><\/div><div  style='height:50px' class='hr hr-invisible   avia-builder-el-6  el_after_av_one_full  el_before_av_social_share '><span class='hr-inner ' ><span class='hr-inner-style'><\/span><\/span><\/div><\/p>\n<div  class='av-social-sharing-box  avia-builder-el-7  el_after_av_hr  el_before_av_hr  '><div class='av-share-box'><h5 class='av-share-link-description av-no-toc '>Compartir esta noticia<\/h5><ul class='av-share-box-list noLightbox'><li class='av-share-link av-social-link-facebook' ><a target=\"_blank\" aria-label=\"Compartir en Facebook\" href='https:\/\/www.facebook.com\/sharer.php?u=https:\/\/radiorevelacionfm.cl\/?p=53064&#038;t=Inacap%20Coyhaique%20realiz%C3%B3%20taller%20%E2%80%9CPrepara%20tu%20despensa%20para%20el%20invierno%E2%80%9D%20en%20el%20marco%20de%20la%20semana%20Chile%20Emprende%20y%20el%20Mes%20de%20la%20Cocina%20Chilena' aria-hidden='false' data-av_icon='\ue8f3' data-av_iconfont='entypo-fontello' title='' data-avia-related-tooltip='Compartir en Facebook' rel=\"noopener\"><span class='avia_hidden_link_text'>Compartir en Facebook<\/span><\/a><\/li><li class='av-share-link av-social-link-twitter' ><a target=\"_blank\" aria-label=\"Compartir en Twitter\" href='https:\/\/twitter.com\/share?text=Inacap%20Coyhaique%20realiz%C3%B3%20taller%20%E2%80%9CPrepara%20tu%20despensa%20para%20el%20invierno%E2%80%9D%20en%20el%20marco%20de%20la%20semana%20Chile%20Emprende%20y%20el%20Mes%20de%20la%20Cocina%20Chilena&#038;url=https:\/\/radiorevelacionfm.cl\/?p=53064' aria-hidden='false' data-av_icon='\ue8f1' data-av_iconfont='entypo-fontello' title='' data-avia-related-tooltip='Compartir en Twitter' rel=\"noopener\"><span class='avia_hidden_link_text'>Compartir en Twitter<\/span><\/a><\/li><li class='av-share-link av-social-link-whatsapp' ><a target=\"_blank\" aria-label=\"Compartir en Whatsapp\" href='https:\/\/api.whatsapp.com\/send?text=https:\/\/radiorevelacionfm.cl\/?p=53064' aria-hidden='false' data-av_icon='\uf232' data-av_iconfont='entypo-fontello' title='' data-avia-related-tooltip='Compartir en Whatsapp' rel=\"noopener\"><span class='avia_hidden_link_text'>Compartir en Whatsapp<\/span><\/a><\/li><li class='av-share-link av-social-link-linkedin' ><a target=\"_blank\" aria-label=\"Compartir en LinkedIn\" href='https:\/\/linkedin.com\/shareArticle?mini=true&#038;title=Inacap%20Coyhaique%20realiz%C3%B3%20taller%20%E2%80%9CPrepara%20tu%20despensa%20para%20el%20invierno%E2%80%9D%20en%20el%20marco%20de%20la%20semana%20Chile%20Emprende%20y%20el%20Mes%20de%20la%20Cocina%20Chilena&#038;url=https:\/\/radiorevelacionfm.cl\/?p=53064' aria-hidden='false' data-av_icon='\ue8fc' data-av_iconfont='entypo-fontello' title='' data-avia-related-tooltip='Compartir en LinkedIn' rel=\"noopener\"><span class='avia_hidden_link_text'>Compartir en LinkedIn<\/span><\/a><\/li><li class='av-share-link av-social-link-mail' ><a  aria-label=\"Compartir por correo\" href='mailto:?subject=Inacap%20Coyhaique%20realiz%C3%B3%20taller%20%E2%80%9CPrepara%20tu%20despensa%20para%20el%20invierno%E2%80%9D%20en%20el%20marco%20de%20la%20semana%20Chile%20Emprende%20y%20el%20Mes%20de%20la%20Cocina%20Chilena&#038;body=https:\/\/radiorevelacionfm.cl\/?p=53064' aria-hidden='false' data-av_icon='\ue805' data-av_iconfont='entypo-fontello' title='' data-avia-related-tooltip='Compartir por correo'><span class='avia_hidden_link_text'>Compartir por correo<\/span><\/a><\/li><\/ul><\/div><\/div>\n<div  style='height:50px' class='hr hr-invisible   avia-builder-el-8  el_after_av_social_share  el_before_av_comments_list '><span class='hr-inner ' ><span class='hr-inner-style'><\/span><\/span><\/div>\n<div  class='av-buildercomment  av-blog-meta-html-info-disabled av-blog-meta-tag-disabled  '><\/div>\n","protected":false},"excerpt":{"rendered":"","protected":false},"author":1,"featured_media":53065,"comment_status":"closed","ping_status":"closed","sticky":false,"template":"","format":"standard","meta":{"footnotes":""},"categories":[38],"tags":[],"class_list":["post-53064","post","type-post","status-publish","format-standard","has-post-thumbnail","hentry","category-regional"],"jetpack_featured_media_url":"https:\/\/radiorevelacionfm.cl\/wp-content\/uploads\/2025\/04\/IMAGEN-1-4-1-1.jpg","_links":{"self":[{"href":"https:\/\/radiorevelacionfm.cl\/index.php?rest_route=\/wp\/v2\/posts\/53064","targetHints":{"allow":["GET"]}}],"collection":[{"href":"https:\/\/radiorevelacionfm.cl\/index.php?rest_route=\/wp\/v2\/posts"}],"about":[{"href":"https:\/\/radiorevelacionfm.cl\/index.php?rest_route=\/wp\/v2\/types\/post"}],"author":[{"embeddable":true,"href":"https:\/\/radiorevelacionfm.cl\/index.php?rest_route=\/wp\/v2\/users\/1"}],"replies":[{"embeddable":true,"href":"https:\/\/radiorevelacionfm.cl\/index.php?rest_route=%2Fwp%2Fv2%2Fcomments&post=53064"}],"version-history":[{"count":2,"href":"https:\/\/radiorevelacionfm.cl\/index.php?rest_route=\/wp\/v2\/posts\/53064\/revisions"}],"predecessor-version":[{"id":53067,"href":"https:\/\/radiorevelacionfm.cl\/index.php?rest_route=\/wp\/v2\/posts\/53064\/revisions\/53067"}],"wp:featuredmedia":[{"embeddable":true,"href":"https:\/\/radiorevelacionfm.cl\/index.php?rest_route=\/wp\/v2\/media\/53065"}],"wp:attachment":[{"href":"https:\/\/radiorevelacionfm.cl\/index.php?rest_route=%2Fwp%2Fv2%2Fmedia&parent=53064"}],"wp:term":[{"taxonomy":"category","embeddable":true,"href":"https:\/\/radiorevelacionfm.cl\/index.php?rest_route=%2Fwp%2Fv2%2Fcategories&post=53064"},{"taxonomy":"post_tag","embeddable":true,"href":"https:\/\/radiorevelacionfm.cl\/index.php?rest_route=%2Fwp%2Fv2%2Ftags&post=53064"}],"curies":[{"name":"wp","href":"https:\/\/api.w.org\/{rel}","templated":true}]}}