{"id":53061,"date":"2025-04-24T17:05:52","date_gmt":"2025-04-24T20:05:52","guid":{"rendered":"https:\/\/radiorevelacionfm.cl\/?p=53061"},"modified":"2025-04-24T17:05:52","modified_gmt":"2025-04-24T20:05:52","slug":"encuentro-entre-ministra-de-salud-y-gobierno-regional-de-aysen-se-comprometen-los-recursos-para-nuevo-hospital-regional","status":"publish","type":"post","link":"https:\/\/radiorevelacionfm.cl\/?p=53061","title":{"rendered":"Encuentro entre ministra de Salud y Gobierno Regional de Ays\u00e9n: Se comprometen los recursos para nuevo hospital regional"},"content":{"rendered":"<div class=\"flex_column av_one_full  flex_column_div av-zero-column-padding first  avia-builder-el-0  el_before_av_one_full  avia-builder-el-first  \" style='border-radius:0px; '><div  class='avia-image-container  av-styling-    avia-builder-el-1  avia-builder-el-no-sibling  avia-align-center '  itemprop=\"image\" itemscope=\"itemscope\" itemtype=\"https:\/\/schema.org\/ImageObject\"  ><div class='avia-image-container-inner'><div class='avia-image-overlay-wrap'><img decoding=\"async\" class='wp-image-53062 avia-img-lazy-loading-not-53062 avia_image' src=\"https:\/\/radiorevelacionfm.cl\/wp-content\/uploads\/2025\/04\/IMAGEN-CONTEXTO-1-1-1.jpeg\" alt='' title='IMAGEN CONTEXTO (1) (1) (1)' height=\"600\" width=\"800\"  itemprop=\"thumbnailUrl\" srcset=\"https:\/\/radiorevelacionfm.cl\/wp-content\/uploads\/2025\/04\/IMAGEN-CONTEXTO-1-1-1.jpeg 800w, https:\/\/radiorevelacionfm.cl\/wp-content\/uploads\/2025\/04\/IMAGEN-CONTEXTO-1-1-1-300x225.jpeg 300w, https:\/\/radiorevelacionfm.cl\/wp-content\/uploads\/2025\/04\/IMAGEN-CONTEXTO-1-1-1-768x576.jpeg 768w, https:\/\/radiorevelacionfm.cl\/wp-content\/uploads\/2025\/04\/IMAGEN-CONTEXTO-1-1-1-705x529.jpeg 705w, https:\/\/radiorevelacionfm.cl\/wp-content\/uploads\/2025\/04\/IMAGEN-CONTEXTO-1-1-1-450x338.jpeg 450w, https:\/\/radiorevelacionfm.cl\/wp-content\/uploads\/2025\/04\/IMAGEN-CONTEXTO-1-1-1-600x450.jpeg 600w\" sizes=\"(max-width: 800px) 100vw, 800px\" \/><\/div><\/div><\/div><\/div><div class=\"flex_column av_one_full  flex_column_div av-zero-column-padding first  avia-builder-el-2  el_after_av_one_full  el_before_av_one_full  column-top-margin\" style='border-radius:0px; '><section class=\"av_textblock_section \"  itemscope=\"itemscope\" itemtype=\"https:\/\/schema.org\/BlogPosting\" itemprop=\"blogPost\" ><div class='avia_textblock  '   itemprop=\"text\" ><p style=\"text-align: center;\"><strong><span style=\"font-size: 18pt;\">Encuentro entre ministra de Salud y Gobierno Regional de Ays\u00e9n: Se comprometen los recursos para nuevo hospital regional<\/span><\/strong><\/p>\n<div id=\"gtx-trans\" style=\"position: absolute; left: -50px; top: 4.31534px;\">\n<div class=\"gtx-trans-icon\"><\/div>\n<\/div>\n<\/div><\/section><\/div><\/p>\n<div class=\"flex_column av_one_full  flex_column_div av-zero-column-padding first  avia-builder-el-4  el_after_av_one_full  el_before_av_hr  column-top-margin\" style='border-radius:0px; '><section class=\"av_textblock_section \"  itemscope=\"itemscope\" itemtype=\"https:\/\/schema.org\/BlogPosting\" itemprop=\"blogPost\" ><div class='avia_textblock  '   itemprop=\"text\" ><p style=\"text-align: justify;\"><em>El Gobernador Regional, Marcelo Santana Vargas, en una visita a la Ministra de Salud, Ximena Aguilera, en Santiago, logr\u00f3 un acuerdo que permitir\u00e1 acceder a una importante inyecci\u00f3n de recursos para la construcci\u00f3n de un nuevo hospital. En mayo, se firmar\u00e1 el certificado de compromiso entre las entidades p\u00fablicas.<\/em><\/p>\n<p style=\"text-align: justify;\">El mi\u00e9rcoles 23 de abril, el Gobernador Regional de Ays\u00e9n, Marcelo Santana Vargas, en compa\u00f1\u00eda tambi\u00e9n del Consejero Benjam\u00edn Infante, ratificaron el compromiso ministerial de m\u00e1s de 300 mil millones de pesos para la construcci\u00f3n del futuro nuevo hospital de la Regi\u00f3n de Ays\u00e9n.<\/p>\n<p style=\"text-align: justify;\">Este proyecto se encuentra dentro de la cartera de inversiones que contiene el nuevo Plan de Zonas Extremas, con el principal objetivo de brindar una nueva y moderna infraestructura de salud a la regi\u00f3n, que mejore la calidad de la salud hospitalaria regional.<\/p>\n<p style=\"text-align: justify;\">El gobernador destac\u00f3 el acuerdo logrado para agilizar la construcci\u00f3n del nuevo hospital: \u201cPara nosotros son s\u00faper importantes los meses que vienen a continuaci\u00f3n. El mes de mayo, por ejemplo, respecto a la aprobaci\u00f3n de nuestro Plan de Zonas Extremas, en el cual una de las obras emblem\u00e1ticas es el nuevo hospital para la Regi\u00f3n de Ays\u00e9n. Hemos venido a conversar con la ministra de la salud justamente para reafirmar el compromiso que tiene el ministerio para proveer los recursos que son necesarios para avanzar desde este a\u00f1o en los estudios de prefactibilidad, los dise\u00f1os y la ejecuci\u00f3n de este importante centro hospitalario que necesita nuestra regi\u00f3n\u201d.<\/p>\n<p style=\"text-align: justify;\">La Ministra de Salud se refiri\u00f3 a los diversos temas tratados en la reuni\u00f3n, como el proyecto para el complejo hospitalario de Coyhaique, adem\u00e1s de los aspectos relacionados con los centros de salud familiar:\u00a0 \u201cHay tambi\u00e9n una licitaci\u00f3n pendiente de un tercer Cesfam, pero tambi\u00e9n estuvimos conversando sobre las condiciones en las que est\u00e1n funcionando los otros centros de salud familiar\u201d.<\/p>\n<p style=\"text-align: justify;\">Con respecto a la licitaci\u00f3n, el Consejero Regional Benjam\u00edn Infante, declar\u00f3 estar optimista: \u201cEn junio se cierran las ofertas para la construcci\u00f3n del tercer Cesfam de Coyhaique, que va a duplicar la capacidad actual que tiene nuestro sistema de salud primario. Va a permitir contar con un establecimiento de alta resolutividad con rayos X para nuestra regi\u00f3n. As\u00ed que vienen muy buenas noticias en salud gracias a la gesti\u00f3n del Gobierno Regional junto con el ministerio\u201d.<\/p>\n<p style=\"text-align: justify;\">En la reuni\u00f3n, tambi\u00e9n se abordaron temas sanitarios como el monitoreo de la marea roja y el control de faenamiento de animales que son parte de actividades productivas importantes para la Regi\u00f3n de Ays\u00e9n.<\/p>\n<\/div><\/section><\/div><div  style='height:50px' class='hr hr-invisible   avia-builder-el-6  el_after_av_one_full  el_before_av_social_share '><span class='hr-inner ' ><span class='hr-inner-style'><\/span><\/span><\/div><\/p>\n<div  class='av-social-sharing-box  avia-builder-el-7  el_after_av_hr  el_before_av_hr  '><div class='av-share-box'><h5 class='av-share-link-description av-no-toc '>Compartir esta noticia<\/h5><ul class='av-share-box-list noLightbox'><li class='av-share-link av-social-link-facebook' ><a target=\"_blank\" aria-label=\"Compartir en Facebook\" href='https:\/\/www.facebook.com\/sharer.php?u=https:\/\/radiorevelacionfm.cl\/?p=53061&#038;t=Encuentro%20entre%20ministra%20de%20Salud%20y%20Gobierno%20Regional%20de%20Ays%C3%A9n%3A%20Se%20comprometen%20los%20recursos%20para%20nuevo%20hospital%20regional' aria-hidden='false' data-av_icon='\ue8f3' data-av_iconfont='entypo-fontello' title='' data-avia-related-tooltip='Compartir en Facebook' rel=\"noopener\"><span class='avia_hidden_link_text'>Compartir en Facebook<\/span><\/a><\/li><li class='av-share-link av-social-link-twitter' ><a target=\"_blank\" aria-label=\"Compartir en Twitter\" href='https:\/\/twitter.com\/share?text=Encuentro%20entre%20ministra%20de%20Salud%20y%20Gobierno%20Regional%20de%20Ays%C3%A9n%3A%20Se%20comprometen%20los%20recursos%20para%20nuevo%20hospital%20regional&#038;url=https:\/\/radiorevelacionfm.cl\/?p=53061' aria-hidden='false' data-av_icon='\ue8f1' data-av_iconfont='entypo-fontello' title='' data-avia-related-tooltip='Compartir en Twitter' rel=\"noopener\"><span class='avia_hidden_link_text'>Compartir en Twitter<\/span><\/a><\/li><li class='av-share-link av-social-link-whatsapp' ><a target=\"_blank\" aria-label=\"Compartir en Whatsapp\" href='https:\/\/api.whatsapp.com\/send?text=https:\/\/radiorevelacionfm.cl\/?p=53061' aria-hidden='false' data-av_icon='\uf232' data-av_iconfont='entypo-fontello' title='' data-avia-related-tooltip='Compartir en Whatsapp' rel=\"noopener\"><span class='avia_hidden_link_text'>Compartir en Whatsapp<\/span><\/a><\/li><li class='av-share-link av-social-link-linkedin' ><a target=\"_blank\" aria-label=\"Compartir en LinkedIn\" href='https:\/\/linkedin.com\/shareArticle?mini=true&#038;title=Encuentro%20entre%20ministra%20de%20Salud%20y%20Gobierno%20Regional%20de%20Ays%C3%A9n%3A%20Se%20comprometen%20los%20recursos%20para%20nuevo%20hospital%20regional&#038;url=https:\/\/radiorevelacionfm.cl\/?p=53061' aria-hidden='false' data-av_icon='\ue8fc' data-av_iconfont='entypo-fontello' title='' data-avia-related-tooltip='Compartir en LinkedIn' rel=\"noopener\"><span class='avia_hidden_link_text'>Compartir en LinkedIn<\/span><\/a><\/li><li class='av-share-link av-social-link-mail' ><a  aria-label=\"Compartir por correo\" href='mailto:?subject=Encuentro%20entre%20ministra%20de%20Salud%20y%20Gobierno%20Regional%20de%20Ays%C3%A9n%3A%20Se%20comprometen%20los%20recursos%20para%20nuevo%20hospital%20regional&#038;body=https:\/\/radiorevelacionfm.cl\/?p=53061' aria-hidden='false' data-av_icon='\ue805' data-av_iconfont='entypo-fontello' title='' data-avia-related-tooltip='Compartir por correo'><span class='avia_hidden_link_text'>Compartir por correo<\/span><\/a><\/li><\/ul><\/div><\/div>\n<div  style='height:50px' class='hr hr-invisible   avia-builder-el-8  el_after_av_social_share  el_before_av_comments_list '><span class='hr-inner ' ><span class='hr-inner-style'><\/span><\/span><\/div>\n<div  class='av-buildercomment  av-blog-meta-html-info-disabled av-blog-meta-tag-disabled  '><\/div>\n","protected":false},"excerpt":{"rendered":"","protected":false},"author":1,"featured_media":53062,"comment_status":"closed","ping_status":"closed","sticky":false,"template":"","format":"standard","meta":{"footnotes":""},"categories":[38],"tags":[],"class_list":["post-53061","post","type-post","status-publish","format-standard","has-post-thumbnail","hentry","category-regional"],"jetpack_featured_media_url":"https:\/\/radiorevelacionfm.cl\/wp-content\/uploads\/2025\/04\/IMAGEN-CONTEXTO-1-1-1.jpeg","_links":{"self":[{"href":"https:\/\/radiorevelacionfm.cl\/index.php?rest_route=\/wp\/v2\/posts\/53061","targetHints":{"allow":["GET"]}}],"collection":[{"href":"https:\/\/radiorevelacionfm.cl\/index.php?rest_route=\/wp\/v2\/posts"}],"about":[{"href":"https:\/\/radiorevelacionfm.cl\/index.php?rest_route=\/wp\/v2\/types\/post"}],"author":[{"embeddable":true,"href":"https:\/\/radiorevelacionfm.cl\/index.php?rest_route=\/wp\/v2\/users\/1"}],"replies":[{"embeddable":true,"href":"https:\/\/radiorevelacionfm.cl\/index.php?rest_route=%2Fwp%2Fv2%2Fcomments&post=53061"}],"version-history":[{"count":2,"href":"https:\/\/radiorevelacionfm.cl\/index.php?rest_route=\/wp\/v2\/posts\/53061\/revisions"}],"predecessor-version":[{"id":53070,"href":"https:\/\/radiorevelacionfm.cl\/index.php?rest_route=\/wp\/v2\/posts\/53061\/revisions\/53070"}],"wp:featuredmedia":[{"embeddable":true,"href":"https:\/\/radiorevelacionfm.cl\/index.php?rest_route=\/wp\/v2\/media\/53062"}],"wp:attachment":[{"href":"https:\/\/radiorevelacionfm.cl\/index.php?rest_route=%2Fwp%2Fv2%2Fmedia&parent=53061"}],"wp:term":[{"taxonomy":"category","embeddable":true,"href":"https:\/\/radiorevelacionfm.cl\/index.php?rest_route=%2Fwp%2Fv2%2Fcategories&post=53061"},{"taxonomy":"post_tag","embeddable":true,"href":"https:\/\/radiorevelacionfm.cl\/index.php?rest_route=%2Fwp%2Fv2%2Ftags&post=53061"}],"curies":[{"name":"wp","href":"https:\/\/api.w.org\/{rel}","templated":true}]}}