{"id":53057,"date":"2025-04-24T15:43:57","date_gmt":"2025-04-24T18:43:57","guid":{"rendered":"https:\/\/radiorevelacionfm.cl\/?p=53057"},"modified":"2025-04-24T15:43:57","modified_gmt":"2025-04-24T18:43:57","slug":"segundo-tribunal-ambiental-revoco-caducidad-de-la-rca-favorable-de-proyecto-salmonero-de-exportadora-los-fiordos-en-aysen","status":"publish","type":"post","link":"https:\/\/radiorevelacionfm.cl\/?p=53057","title":{"rendered":"Segundo Tribunal Ambiental revoc\u00f3 caducidad de la RCA favorable de proyecto salmonero de Exportadora Los Fiordos en Ays\u00e9n"},"content":{"rendered":"<div class=\"flex_column av_one_full  flex_column_div av-zero-column-padding first  avia-builder-el-0  el_before_av_one_full  avia-builder-el-first  \" style='border-radius:0px; '><div  class='avia-image-container  av-styling-    avia-builder-el-1  avia-builder-el-no-sibling  avia-align-center '  itemprop=\"image\" itemscope=\"itemscope\" itemtype=\"https:\/\/schema.org\/ImageObject\"  ><div class='avia-image-container-inner'><div class='avia-image-overlay-wrap'><img decoding=\"async\" class='wp-image-53058 avia-img-lazy-loading-not-53058 avia_image' src=\"https:\/\/radiorevelacionfm.cl\/wp-content\/uploads\/2025\/04\/salmonicultura_sernapesca-4-1-1_optimized-1.jpeg\" alt='' title='salmonicultura_sernapesca-4-1-(1)_optimized (1)' height=\"600\" width=\"800\"  itemprop=\"thumbnailUrl\" srcset=\"https:\/\/radiorevelacionfm.cl\/wp-content\/uploads\/2025\/04\/salmonicultura_sernapesca-4-1-1_optimized-1.jpeg 800w, https:\/\/radiorevelacionfm.cl\/wp-content\/uploads\/2025\/04\/salmonicultura_sernapesca-4-1-1_optimized-1-300x225.jpeg 300w, https:\/\/radiorevelacionfm.cl\/wp-content\/uploads\/2025\/04\/salmonicultura_sernapesca-4-1-1_optimized-1-768x576.jpeg 768w, https:\/\/radiorevelacionfm.cl\/wp-content\/uploads\/2025\/04\/salmonicultura_sernapesca-4-1-1_optimized-1-705x529.jpeg 705w, https:\/\/radiorevelacionfm.cl\/wp-content\/uploads\/2025\/04\/salmonicultura_sernapesca-4-1-1_optimized-1-450x338.jpeg 450w, https:\/\/radiorevelacionfm.cl\/wp-content\/uploads\/2025\/04\/salmonicultura_sernapesca-4-1-1_optimized-1-600x450.jpeg 600w\" sizes=\"(max-width: 800px) 100vw, 800px\" \/><\/div><\/div><\/div><\/div><div class=\"flex_column av_one_full  flex_column_div av-zero-column-padding first  avia-builder-el-2  el_after_av_one_full  el_before_av_one_full  column-top-margin\" style='border-radius:0px; '><section class=\"av_textblock_section \"  itemscope=\"itemscope\" itemtype=\"https:\/\/schema.org\/BlogPosting\" itemprop=\"blogPost\" ><div class='avia_textblock  '   itemprop=\"text\" ><p style=\"text-align: center;\"><span style=\"font-size: 18pt;\"><b>Segundo Tribunal Ambiental revoc\u00f3 caducidad de la RCA favorable de proyecto salmonero de Exportadora Los Fiordos en Ays\u00e9n<\/b><\/span><\/p>\n<div id=\"gtx-trans\" style=\"position: absolute; left: -50px; top: 4.31534px;\">\n<div class=\"gtx-trans-icon\"><\/div>\n<\/div>\n<\/div><\/section><\/div><div class=\"flex_column av_one_full  flex_column_div av-zero-column-padding first  avia-builder-el-4  el_after_av_one_full  el_before_av_hr  column-top-margin\" style='border-radius:0px; '><section class=\"av_textblock_section \"  itemscope=\"itemscope\" itemtype=\"https:\/\/schema.org\/BlogPosting\" itemprop=\"blogPost\" ><div class='avia_textblock  '   itemprop=\"text\" ><ul type=\"disc\">\n<li class=\"v1MsoListParagraph\" style=\"text-align: justify;\"><em>Sentencia concedi\u00f3 cinco a\u00f1os para que la empresa acredite inicio de ejecuci\u00f3n del centro de cultivo de salmones ubicado en la comuna de Cisnes.<\/em><\/li>\n<\/ul>\n<p class=\"v1MsoNormal\" style=\"text-align: justify;\">El Segundo Tribunal Ambiental acogi\u00f3 reclamaci\u00f3n presentada por Exportadora Los Fiordos S.A., dejando sin efecto la resoluci\u00f3n del Servicio de Evaluaci\u00f3n Ambiental que hab\u00eda caducado la RCA que autoriz\u00f3 proyecto para la instalaci\u00f3n y operaci\u00f3n de un centro de cultivo de salmones en la comuna de Cisnes, regi\u00f3n de Ays\u00e9n.<\/p>\n<p class=\"v1MsoNormal\" style=\"text-align: justify;\">\u201cSe resuelve dejar sin efecto, la Resoluci\u00f3n Exenta N\u00b0 20249911597 de 4 de abril de 2024, la Resoluci\u00f3n Exenta N\u00b0 202299101282, de 6 de abril de 2022, y la Resoluci\u00f3n Exenta N\u00b0 132, de 29 de enero de 2019 del SEA, que declar\u00f3 la caducidad de la Resoluci\u00f3n Exenta N\u00b0118, de 3 de marzo de 2011, y conceder un nuevo periodo de tiempo de 5 a\u00f1os desde la notificaci\u00f3n de la presente sentencia, dentro del cual la reclamante pueda acreditar el inicio de ejecuci\u00f3n de su proyecto\u201d, detalla la sentencia.<\/p>\n<p class=\"v1MsoNormal\" style=\"text-align: justify;\">Tras su an\u00e1lisis de los antecedentes expuestos en el expediente, el Tribunal concluy\u00f3 que, aun cuando, la empresa no acompa\u00f1\u00f3 antecedentes suficientes para acreditar el inicio de ejecuci\u00f3n de su proyecto, la vigencia en la regi\u00f3n de Ays\u00e9n -por un periodo de 10 a\u00f1os- de una suspensi\u00f3n legal para la realizaci\u00f3n de solicitudes y el otorgamiento de nuevas concesiones de acuicultura, constituye un impedimento para decretar la caducidad de la RCA del proyecto.<\/p>\n<p class=\"v1MsoNormal\" style=\"text-align: justify;\">\u201cAs\u00ed las cosas, queda claro que durante el periodo que va desde la dictaci\u00f3n de la RCA N\u00ba 118\/2011, hasta la declaraci\u00f3n de su caducidad mediante la Resoluci\u00f3n Exenta N\u00b0 132\/2019, estuvo vigente la suspensi\u00f3n legal de las concesiones de acuicultura, dentro de las cuales se encontraba la requerida por Los Fiordos con fecha 11 de marzo de 2015. Lo anterior implica que, debido a la naturaleza del proyecto, que requiere necesariamente contar con la concesi\u00f3n de acuicultura para su ejecuci\u00f3n material, el titular estaba impedido de llevar a cabo gestiones \u00fatiles, tendientes al inicio de ejecuci\u00f3n, en los t\u00e9rminos exigidos en el art\u00edculo 4\u00b0 transitorio del Reglamento del SEIA\u201d, dice la sentencia.<\/p>\n<p class=\"v1MsoNormal\" style=\"text-align: justify;\">Luego detalla que, varios de los antecedentes adicionales que el SEA exigi\u00f3 a la empresa, como la autorizaci\u00f3n de acuicultura de la Subsecretar\u00eda para las FFAA; la inscripci\u00f3n en el Registro Nacional de Acuicultura o los permisos de construcci\u00f3n de obra hidr\u00e1ulica; y el certificado sanitario de traslado de peces, eran imposibles de cumplir dada la situaci\u00f3n antes se\u00f1alada.<\/p>\n<p class=\"v1MsoNormal\" style=\"text-align: justify;\">Finalmente, el fallo explica que el fundamento de la caducidad regulada en el art\u00edculo 25 ter de la Ley 19.300, aplicado, es la pasividad o negligencia por parte del titular para iniciar la ejecuci\u00f3n del proyecto dentro del plazo establecido por la normativa legal y reglamentaria pertinente. \u201cDe esta manera, si el no inicio de ejecuci\u00f3n no puede ser imputado a pasividad o negligencia del titular de proyecto, sino que a un impedimento legal -como ocurre justamente en el caso sub lite con la suspensi\u00f3n de la tramitaci\u00f3n y otorgamiento de las concesiones de acuicultura- la falta de gestiones \u00fatiles no puede atribuirse a la inacci\u00f3n o negligencia del titular, por lo que no es procedente declarar la caducidad de la RCA del proyecto en estos casos\u201d, se\u00f1ala el fallo.<\/p>\n<p class=\"v1MsoNormal\" style=\"text-align: justify;\">El Tribunal estuvo integrado por la ministra Marcela Godoy Flores, presidenta, y los ministros Cristi\u00e1n Delpiano Lira y Cristi\u00e1n L\u00f3pez Montecinos. La sentencia fue redactada por el ministro Delpiano.<\/p>\n<p class=\"v1MsoNormal\" style=\"text-align: justify;\">El proyecto \u201cCES, Canal Go\u00f1i, SW Isla Jorge, Pert N\u00ba 205111020\u201d, cuyo titular es Exportadora Los Fiordos Limitada, consiste en la instalaci\u00f3n y operaci\u00f3n de un centro de cultivo de recursos hidrobiol\u00f3gicos tipo salm\u00f3nidos, emplazado en el canal Go\u00f1i, al suroeste de la Isla Jorge, comuna de Los Cisnes, regi\u00f3n de Ays\u00e9n.<\/p>\n<p class=\"v1MsoNormal\" style=\"text-align: justify;\"><b>Antecedentes<\/b><\/p>\n<ul style=\"text-align: justify;\" type=\"disc\">\n<li class=\"v1MsoNormal\">3 de marzo de 2011, la Comisi\u00f3n de Evaluaci\u00f3n Ambiental de la regi\u00f3n de Ays\u00e9n calific\u00f3 ambientalmente favorable el Proyecto \u201cCES, Canal Go\u00f1i, SW Isla Jorge, Pert N\u00b0 205111020 (RCA 118\/2011).<\/li>\n<li class=\"v1MsoNormal\">30 de diciembre de 2014, el titular solicit\u00f3 al SEA tener por acreditado el inicio de ejecuci\u00f3n del proyecto.<\/li>\n<li class=\"v1MsoNormal\">29 de enero de 2019, el Servicio de Evaluaci\u00f3n Ambiental declar\u00f3 la caducidad de la RCA del proyecto (Res. Ex. N\u00b0132\/2019).<\/li>\n<li class=\"v1MsoNormal\">6 de abril de 2022, el SEA rechaz\u00f3 el recurso de reposici\u00f3n y declar\u00f3 inadmisible el recurso jer\u00e1rquico presentado por la empresa contra la resoluci\u00f3n 132\/2019 (Res. Ex. N\u00b0202299101282\/2022).<\/li>\n<li class=\"v1MsoNormal\">4 de abril de 2024, la Direcci\u00f3n Ejecutiva del SEA rechaz\u00f3 la solicitud de invalidaci\u00f3n de la resoluci\u00f3n reci\u00e9n citada (Res. Ex. N\u00b020249911597\/2024).<\/li>\n<li class=\"v1MsoNormal\">20 de mayo de 2024, Exportadora Los Fiordos Ltda. interpuso reclamaci\u00f3n ante el Segundo Tribunal Ambiental en contra de la resoluci\u00f3n del 4 de abril, la que fue admitida a tr\u00e1mite con el rol R-458-2024.<\/li>\n<li class=\"v1MsoNormal\">5 de diciembre de 2024, el Tribunal realiz\u00f3 la audiencia, alegando los abogados Javier Vergara F., en representaci\u00f3n de Exportadora Los Fiordos Ltda. y Juan de Dios Montero F., del Servicio de Evaluaci\u00f3n Ambiental.<\/li>\n<\/ul>\n<p class=\"v1MsoNormal\" style=\"text-align: justify;\">Acceder al expediente de la reclamaci\u00f3n\u00a0<a href=\"https:\/\/2ta.lexsoft.cl\/2ta\/search?proc=3&amp;idCausa=400448\" target=\"_blank\" rel=\"noopener noreferrer\">R-458-2024<\/a><\/p>\n<\/div><\/section><\/div><div  style='height:50px' class='hr hr-invisible   avia-builder-el-6  el_after_av_one_full  el_before_av_social_share '><span class='hr-inner ' ><span class='hr-inner-style'><\/span><\/span><\/div><\/p>\n<div  class='av-social-sharing-box  avia-builder-el-7  el_after_av_hr  el_before_av_hr  '><div class='av-share-box'><h5 class='av-share-link-description av-no-toc '>Compartir esta noticia<\/h5><ul class='av-share-box-list noLightbox'><li class='av-share-link av-social-link-facebook' ><a target=\"_blank\" aria-label=\"Compartir en Facebook\" href='https:\/\/www.facebook.com\/sharer.php?u=https:\/\/radiorevelacionfm.cl\/?p=53057&#038;t=Segundo%20Tribunal%20Ambiental%20revoc%C3%B3%20caducidad%20de%20la%20RCA%20favorable%20de%20proyecto%20salmonero%20de%20Exportadora%20Los%20Fiordos%20en%20Ays%C3%A9n' aria-hidden='false' data-av_icon='\ue8f3' data-av_iconfont='entypo-fontello' title='' data-avia-related-tooltip='Compartir en Facebook' rel=\"noopener\"><span class='avia_hidden_link_text'>Compartir en Facebook<\/span><\/a><\/li><li class='av-share-link av-social-link-twitter' ><a target=\"_blank\" aria-label=\"Compartir en Twitter\" href='https:\/\/twitter.com\/share?text=Segundo%20Tribunal%20Ambiental%20revoc%C3%B3%20caducidad%20de%20la%20RCA%20favorable%20de%20proyecto%20salmonero%20de%20Exportadora%20Los%20Fiordos%20en%20Ays%C3%A9n&#038;url=https:\/\/radiorevelacionfm.cl\/?p=53057' aria-hidden='false' data-av_icon='\ue8f1' data-av_iconfont='entypo-fontello' title='' data-avia-related-tooltip='Compartir en Twitter' rel=\"noopener\"><span class='avia_hidden_link_text'>Compartir en Twitter<\/span><\/a><\/li><li class='av-share-link av-social-link-whatsapp' ><a target=\"_blank\" aria-label=\"Compartir en Whatsapp\" href='https:\/\/api.whatsapp.com\/send?text=https:\/\/radiorevelacionfm.cl\/?p=53057' aria-hidden='false' data-av_icon='\uf232' data-av_iconfont='entypo-fontello' title='' data-avia-related-tooltip='Compartir en Whatsapp' rel=\"noopener\"><span class='avia_hidden_link_text'>Compartir en Whatsapp<\/span><\/a><\/li><li class='av-share-link av-social-link-linkedin' ><a target=\"_blank\" aria-label=\"Compartir en LinkedIn\" href='https:\/\/linkedin.com\/shareArticle?mini=true&#038;title=Segundo%20Tribunal%20Ambiental%20revoc%C3%B3%20caducidad%20de%20la%20RCA%20favorable%20de%20proyecto%20salmonero%20de%20Exportadora%20Los%20Fiordos%20en%20Ays%C3%A9n&#038;url=https:\/\/radiorevelacionfm.cl\/?p=53057' aria-hidden='false' data-av_icon='\ue8fc' data-av_iconfont='entypo-fontello' title='' data-avia-related-tooltip='Compartir en LinkedIn' rel=\"noopener\"><span class='avia_hidden_link_text'>Compartir en LinkedIn<\/span><\/a><\/li><li class='av-share-link av-social-link-mail' ><a  aria-label=\"Compartir por correo\" href='mailto:?subject=Segundo%20Tribunal%20Ambiental%20revoc%C3%B3%20caducidad%20de%20la%20RCA%20favorable%20de%20proyecto%20salmonero%20de%20Exportadora%20Los%20Fiordos%20en%20Ays%C3%A9n&#038;body=https:\/\/radiorevelacionfm.cl\/?p=53057' aria-hidden='false' data-av_icon='\ue805' data-av_iconfont='entypo-fontello' title='' data-avia-related-tooltip='Compartir por correo'><span class='avia_hidden_link_text'>Compartir por correo<\/span><\/a><\/li><\/ul><\/div><\/div>\n<div  style='height:50px' class='hr hr-invisible   avia-builder-el-8  el_after_av_social_share  el_before_av_comments_list '><span class='hr-inner ' ><span class='hr-inner-style'><\/span><\/span><\/div>\n<div  class='av-buildercomment  av-blog-meta-html-info-disabled av-blog-meta-tag-disabled  '><\/div>\n","protected":false},"excerpt":{"rendered":"","protected":false},"author":1,"featured_media":53058,"comment_status":"closed","ping_status":"closed","sticky":false,"template":"","format":"standard","meta":{"footnotes":""},"categories":[39],"tags":[],"class_list":["post-53057","post","type-post","status-publish","format-standard","has-post-thumbnail","hentry","category-medio-ambiente"],"jetpack_featured_media_url":"https:\/\/radiorevelacionfm.cl\/wp-content\/uploads\/2025\/04\/salmonicultura_sernapesca-4-1-1_optimized-1.jpeg","_links":{"self":[{"href":"https:\/\/radiorevelacionfm.cl\/index.php?rest_route=\/wp\/v2\/posts\/53057","targetHints":{"allow":["GET"]}}],"collection":[{"href":"https:\/\/radiorevelacionfm.cl\/index.php?rest_route=\/wp\/v2\/posts"}],"about":[{"href":"https:\/\/radiorevelacionfm.cl\/index.php?rest_route=\/wp\/v2\/types\/post"}],"author":[{"embeddable":true,"href":"https:\/\/radiorevelacionfm.cl\/index.php?rest_route=\/wp\/v2\/users\/1"}],"replies":[{"embeddable":true,"href":"https:\/\/radiorevelacionfm.cl\/index.php?rest_route=%2Fwp%2Fv2%2Fcomments&post=53057"}],"version-history":[{"count":2,"href":"https:\/\/radiorevelacionfm.cl\/index.php?rest_route=\/wp\/v2\/posts\/53057\/revisions"}],"predecessor-version":[{"id":53060,"href":"https:\/\/radiorevelacionfm.cl\/index.php?rest_route=\/wp\/v2\/posts\/53057\/revisions\/53060"}],"wp:featuredmedia":[{"embeddable":true,"href":"https:\/\/radiorevelacionfm.cl\/index.php?rest_route=\/wp\/v2\/media\/53058"}],"wp:attachment":[{"href":"https:\/\/radiorevelacionfm.cl\/index.php?rest_route=%2Fwp%2Fv2%2Fmedia&parent=53057"}],"wp:term":[{"taxonomy":"category","embeddable":true,"href":"https:\/\/radiorevelacionfm.cl\/index.php?rest_route=%2Fwp%2Fv2%2Fcategories&post=53057"},{"taxonomy":"post_tag","embeddable":true,"href":"https:\/\/radiorevelacionfm.cl\/index.php?rest_route=%2Fwp%2Fv2%2Ftags&post=53057"}],"curies":[{"name":"wp","href":"https:\/\/api.w.org\/{rel}","templated":true}]}}