{"id":53053,"date":"2025-04-24T15:06:30","date_gmt":"2025-04-24T18:06:30","guid":{"rendered":"https:\/\/radiorevelacionfm.cl\/?p=53053"},"modified":"2025-04-24T15:06:30","modified_gmt":"2025-04-24T18:06:30","slug":"diputada-raphael-llama-a-determinar-responsabilidades-tras-informe-de-contraloria-y-posible-conflicto-de-interes-de-la-exgobernadora-andrea-macias","status":"publish","type":"post","link":"https:\/\/radiorevelacionfm.cl\/?p=53053","title":{"rendered":"Diputada Raphael llama a determinar responsabilidades tras informe de Contralor\u00eda y posible conflicto de inter\u00e9s de la exgobernadora Andrea Mac\u00edas"},"content":{"rendered":"<div class=\"flex_column av_one_full  flex_column_div av-zero-column-padding first  avia-builder-el-0  el_before_av_one_full  avia-builder-el-first  \" style='border-radius:0px; '><div  class='avia-image-container  av-styling-    avia-builder-el-1  avia-builder-el-no-sibling  avia-align-center '  itemprop=\"image\" itemscope=\"itemscope\" itemtype=\"https:\/\/schema.org\/ImageObject\"  ><div class='avia-image-container-inner'><div class='avia-image-overlay-wrap'><img decoding=\"async\" class='wp-image-53054 avia-img-lazy-loading-not-53054 avia_image' src=\"https:\/\/radiorevelacionfm.cl\/wp-content\/uploads\/2025\/04\/Foto-diputada-M-Raphael-1-1.jpeg\" alt='' title='Foto diputada M Raphael (1) (1)' height=\"600\" width=\"901\"  itemprop=\"thumbnailUrl\" srcset=\"https:\/\/radiorevelacionfm.cl\/wp-content\/uploads\/2025\/04\/Foto-diputada-M-Raphael-1-1.jpeg 901w, https:\/\/radiorevelacionfm.cl\/wp-content\/uploads\/2025\/04\/Foto-diputada-M-Raphael-1-1-300x200.jpeg 300w, https:\/\/radiorevelacionfm.cl\/wp-content\/uploads\/2025\/04\/Foto-diputada-M-Raphael-1-1-768x511.jpeg 768w, https:\/\/radiorevelacionfm.cl\/wp-content\/uploads\/2025\/04\/Foto-diputada-M-Raphael-1-1-705x469.jpeg 705w, https:\/\/radiorevelacionfm.cl\/wp-content\/uploads\/2025\/04\/Foto-diputada-M-Raphael-1-1-450x300.jpeg 450w, https:\/\/radiorevelacionfm.cl\/wp-content\/uploads\/2025\/04\/Foto-diputada-M-Raphael-1-1-600x400.jpeg 600w\" sizes=\"(max-width: 901px) 100vw, 901px\" \/><\/div><\/div><\/div><\/div><div class=\"flex_column av_one_full  flex_column_div av-zero-column-padding first  avia-builder-el-2  el_after_av_one_full  el_before_av_one_full  column-top-margin\" style='border-radius:0px; '><section class=\"av_textblock_section \"  itemscope=\"itemscope\" itemtype=\"https:\/\/schema.org\/BlogPosting\" itemprop=\"blogPost\" ><div class='avia_textblock  '   itemprop=\"text\" ><p style=\"text-align: center;\"><strong><span style=\"font-size: 18pt;\">Diputada Raphael llama a determinar responsabilidades tras informe de Contralor\u00eda y posible conflicto de inter\u00e9s de la exgobernadora Andrea Mac\u00edas<\/span><\/strong><\/p>\n<div id=\"gtx-trans\" style=\"position: absolute; left: -50px; top: 4.31534px;\">\n<div class=\"gtx-trans-icon\"><\/div>\n<\/div>\n<\/div><\/section><\/div><div class=\"flex_column av_one_full  flex_column_div av-zero-column-padding first  avia-builder-el-4  el_after_av_one_full  el_before_av_hr  column-top-margin\" style='border-radius:0px; '><section class=\"av_textblock_section \"  itemscope=\"itemscope\" itemtype=\"https:\/\/schema.org\/BlogPosting\" itemprop=\"blogPost\" ><div class='avia_textblock  '   itemprop=\"text\" ><p style=\"text-align: justify;\">La parlamentaria por la regi\u00f3n de Ays\u00e9n, Marcia Raphael, expres\u00f3 su profunda preocupaci\u00f3n tras la publicaci\u00f3n del informe de Contralor\u00eda, que revela serias irregularidades en las intervenciones administrativas realizadas por la exgobernadora Andrea Mac\u00edas entre 2021 y 2023. De acuerdo con el ente contralor, se identificaron nueve casos en los que Mac\u00edas actu\u00f3 en beneficio de la Fundaci\u00f3n Manos que Ayudan Patagonia, de la cual su presidente y representante legal prest\u00f3 servicios profesionales por m\u00e1s de $17 millones durante su campa\u00f1a a la Gobernaci\u00f3n Regional.<\/p>\n<p style=\"text-align: justify;\">La diputada Raphael se\u00f1al\u00f3 que \u201cno se trata de poner en duda el trabajo de todas las personas que integran la Fundaci\u00f3n Manos que Ayudan, muchas de las cuales act\u00faan con compromiso y vocaci\u00f3n social, que a lo largo del tiempo hemos conocido de sus importantes obras sociales. Pero cuando una autoridad interviene en procesos administrativos que terminan beneficiando a una organizaci\u00f3n vinculada a su campa\u00f1a, se genera una sombra que no podemos ignorar\u201d.<\/p>\n<p style=\"text-align: justify;\">Adem\u00e1s, la legisladora enfatiz\u00f3 la importancia de la correcta gesti\u00f3n de los recursos p\u00fablicos en la regi\u00f3n: \u201cEn Ays\u00e9n no sobra la plata. Cada recurso p\u00fablico debe ser cuidado con rigor, y cuando se eluden procesos como la licitaci\u00f3n o se privilegian asignaciones directas sin fundamento, la confianza ciudadana se resiente. No podemos permitir que se debilite la fe p\u00fablica. Por eso, creemos que esto debe investigarse a fondo y que, si hubo irregularidades, se asuman las responsabilidades correspondientes. La transparencia no es opcional\u201d.<\/p>\n<p style=\"text-align: justify;\">La legisladora hizo un llamado a las autoridades pertinentes para que contin\u00faen investigando estos hechos. \u201cEs fundamental que los ciudadanos conf\u00eden en sus instituciones y sientan que su dinero es administrado de manera adecuada y responsable\u201d, concluy\u00f3.<\/p>\n<p style=\"text-align: justify;\">Finalmente, la congresista reafirm\u00f3 su compromiso con la fiscalizaci\u00f3n y la defensa de la transparencia en la gesti\u00f3n p\u00fablica, instando a quienes tengan informaci\u00f3n relevante a colaborar con las autoridades en la investigaci\u00f3n.<\/p>\n<\/div><\/section><\/div><div  style='height:50px' class='hr hr-invisible   avia-builder-el-6  el_after_av_one_full  el_before_av_social_share '><span class='hr-inner ' ><span class='hr-inner-style'><\/span><\/span><\/div><\/p>\n<div  class='av-social-sharing-box  avia-builder-el-7  el_after_av_hr  el_before_av_hr  '><div class='av-share-box'><h5 class='av-share-link-description av-no-toc '>Compartir esta noticia<\/h5><ul class='av-share-box-list noLightbox'><li class='av-share-link av-social-link-facebook' ><a target=\"_blank\" aria-label=\"Compartir en Facebook\" href='https:\/\/www.facebook.com\/sharer.php?u=https:\/\/radiorevelacionfm.cl\/?p=53053&#038;t=Diputada%20Raphael%20llama%20a%20determinar%20responsabilidades%20tras%20informe%20de%20Contralor%C3%ADa%20y%20posible%20conflicto%20de%20inter%C3%A9s%20de%20la%20exgobernadora%20Andrea%20Mac%C3%ADas' aria-hidden='false' data-av_icon='\ue8f3' data-av_iconfont='entypo-fontello' title='' data-avia-related-tooltip='Compartir en Facebook' rel=\"noopener\"><span class='avia_hidden_link_text'>Compartir en Facebook<\/span><\/a><\/li><li class='av-share-link av-social-link-twitter' ><a target=\"_blank\" aria-label=\"Compartir en Twitter\" href='https:\/\/twitter.com\/share?text=Diputada%20Raphael%20llama%20a%20determinar%20responsabilidades%20tras%20informe%20de%20Contralor%C3%ADa%20y%20posible%20conflicto%20de%20inter%C3%A9s%20de%20la%20exgobernadora%20Andrea%20Mac%C3%ADas&#038;url=https:\/\/radiorevelacionfm.cl\/?p=53053' aria-hidden='false' data-av_icon='\ue8f1' data-av_iconfont='entypo-fontello' title='' data-avia-related-tooltip='Compartir en Twitter' rel=\"noopener\"><span class='avia_hidden_link_text'>Compartir en Twitter<\/span><\/a><\/li><li class='av-share-link av-social-link-whatsapp' ><a target=\"_blank\" aria-label=\"Compartir en Whatsapp\" href='https:\/\/api.whatsapp.com\/send?text=https:\/\/radiorevelacionfm.cl\/?p=53053' aria-hidden='false' data-av_icon='\uf232' data-av_iconfont='entypo-fontello' title='' data-avia-related-tooltip='Compartir en Whatsapp' rel=\"noopener\"><span class='avia_hidden_link_text'>Compartir en Whatsapp<\/span><\/a><\/li><li class='av-share-link av-social-link-linkedin' ><a target=\"_blank\" aria-label=\"Compartir en LinkedIn\" href='https:\/\/linkedin.com\/shareArticle?mini=true&#038;title=Diputada%20Raphael%20llama%20a%20determinar%20responsabilidades%20tras%20informe%20de%20Contralor%C3%ADa%20y%20posible%20conflicto%20de%20inter%C3%A9s%20de%20la%20exgobernadora%20Andrea%20Mac%C3%ADas&#038;url=https:\/\/radiorevelacionfm.cl\/?p=53053' aria-hidden='false' data-av_icon='\ue8fc' data-av_iconfont='entypo-fontello' title='' data-avia-related-tooltip='Compartir en LinkedIn' rel=\"noopener\"><span class='avia_hidden_link_text'>Compartir en LinkedIn<\/span><\/a><\/li><li class='av-share-link av-social-link-mail' ><a  aria-label=\"Compartir por correo\" href='mailto:?subject=Diputada%20Raphael%20llama%20a%20determinar%20responsabilidades%20tras%20informe%20de%20Contralor%C3%ADa%20y%20posible%20conflicto%20de%20inter%C3%A9s%20de%20la%20exgobernadora%20Andrea%20Mac%C3%ADas&#038;body=https:\/\/radiorevelacionfm.cl\/?p=53053' aria-hidden='false' data-av_icon='\ue805' data-av_iconfont='entypo-fontello' title='' data-avia-related-tooltip='Compartir por correo'><span class='avia_hidden_link_text'>Compartir por correo<\/span><\/a><\/li><\/ul><\/div><\/div>\n<div  style='height:50px' class='hr hr-invisible   avia-builder-el-8  el_after_av_social_share  el_before_av_comments_list '><span class='hr-inner ' ><span class='hr-inner-style'><\/span><\/span><\/div>\n<div  class='av-buildercomment  av-blog-meta-html-info-disabled av-blog-meta-tag-disabled  '><\/div>\n","protected":false},"excerpt":{"rendered":"","protected":false},"author":1,"featured_media":53054,"comment_status":"closed","ping_status":"closed","sticky":false,"template":"","format":"standard","meta":{"footnotes":""},"categories":[35],"tags":[],"class_list":["post-53053","post","type-post","status-publish","format-standard","has-post-thumbnail","hentry","category-politica"],"jetpack_featured_media_url":"https:\/\/radiorevelacionfm.cl\/wp-content\/uploads\/2025\/04\/Foto-diputada-M-Raphael-1-1.jpeg","_links":{"self":[{"href":"https:\/\/radiorevelacionfm.cl\/index.php?rest_route=\/wp\/v2\/posts\/53053","targetHints":{"allow":["GET"]}}],"collection":[{"href":"https:\/\/radiorevelacionfm.cl\/index.php?rest_route=\/wp\/v2\/posts"}],"about":[{"href":"https:\/\/radiorevelacionfm.cl\/index.php?rest_route=\/wp\/v2\/types\/post"}],"author":[{"embeddable":true,"href":"https:\/\/radiorevelacionfm.cl\/index.php?rest_route=\/wp\/v2\/users\/1"}],"replies":[{"embeddable":true,"href":"https:\/\/radiorevelacionfm.cl\/index.php?rest_route=%2Fwp%2Fv2%2Fcomments&post=53053"}],"version-history":[{"count":2,"href":"https:\/\/radiorevelacionfm.cl\/index.php?rest_route=\/wp\/v2\/posts\/53053\/revisions"}],"predecessor-version":[{"id":53056,"href":"https:\/\/radiorevelacionfm.cl\/index.php?rest_route=\/wp\/v2\/posts\/53053\/revisions\/53056"}],"wp:featuredmedia":[{"embeddable":true,"href":"https:\/\/radiorevelacionfm.cl\/index.php?rest_route=\/wp\/v2\/media\/53054"}],"wp:attachment":[{"href":"https:\/\/radiorevelacionfm.cl\/index.php?rest_route=%2Fwp%2Fv2%2Fmedia&parent=53053"}],"wp:term":[{"taxonomy":"category","embeddable":true,"href":"https:\/\/radiorevelacionfm.cl\/index.php?rest_route=%2Fwp%2Fv2%2Fcategories&post=53053"},{"taxonomy":"post_tag","embeddable":true,"href":"https:\/\/radiorevelacionfm.cl\/index.php?rest_route=%2Fwp%2Fv2%2Ftags&post=53053"}],"curies":[{"name":"wp","href":"https:\/\/api.w.org\/{rel}","templated":true}]}}