{"id":53047,"date":"2025-04-25T11:06:00","date_gmt":"2025-04-25T14:06:00","guid":{"rendered":"https:\/\/radiorevelacionfm.cl\/?p=53047"},"modified":"2025-04-25T11:14:55","modified_gmt":"2025-04-25T14:14:55","slug":"junaeb-impulsa-mejoras-en-la-alimentacion-escolar-en-la-region-de-aysen","status":"publish","type":"post","link":"https:\/\/radiorevelacionfm.cl\/?p=53047","title":{"rendered":"Junaeb impulsa mejoras en la alimentaci\u00f3n escolar en la regi\u00f3n de Ays\u00e9n"},"content":{"rendered":"<div class=\"flex_column av_one_full  flex_column_div av-zero-column-padding first  avia-builder-el-0  el_before_av_one_full  avia-builder-el-first  \" style='border-radius:0px; '><div  class='avia-image-container  av-styling-    avia-builder-el-1  avia-builder-el-no-sibling  avia-align-center '  itemprop=\"image\" itemscope=\"itemscope\" itemtype=\"https:\/\/schema.org\/ImageObject\"  ><div class='avia-image-container-inner'><div class='avia-image-overlay-wrap'><img decoding=\"async\" class='wp-image-53114 avia-img-lazy-loading-not-53114 avia_image' src=\"https:\/\/radiorevelacionfm.cl\/wp-content\/uploads\/2025\/04\/racion-salmon-1-1.jpg\" alt='' title='racion salmon (1) (1)' height=\"600\" width=\"898\"  itemprop=\"thumbnailUrl\" srcset=\"https:\/\/radiorevelacionfm.cl\/wp-content\/uploads\/2025\/04\/racion-salmon-1-1.jpg 898w, https:\/\/radiorevelacionfm.cl\/wp-content\/uploads\/2025\/04\/racion-salmon-1-1-300x200.jpg 300w, https:\/\/radiorevelacionfm.cl\/wp-content\/uploads\/2025\/04\/racion-salmon-1-1-768x513.jpg 768w, https:\/\/radiorevelacionfm.cl\/wp-content\/uploads\/2025\/04\/racion-salmon-1-1-705x471.jpg 705w, https:\/\/radiorevelacionfm.cl\/wp-content\/uploads\/2025\/04\/racion-salmon-1-1-450x301.jpg 450w, https:\/\/radiorevelacionfm.cl\/wp-content\/uploads\/2025\/04\/racion-salmon-1-1-600x401.jpg 600w\" sizes=\"(max-width: 898px) 100vw, 898px\" \/><\/div><\/div><\/div><\/div><div class=\"flex_column av_one_full  flex_column_div av-zero-column-padding first  avia-builder-el-2  el_after_av_one_full  el_before_av_one_full  column-top-margin\" style='border-radius:0px; '><section class=\"av_textblock_section \"  itemscope=\"itemscope\" itemtype=\"https:\/\/schema.org\/BlogPosting\" itemprop=\"blogPost\" ><div class='avia_textblock  '   itemprop=\"text\" ><p style=\"text-align: center;\"><span style=\"font-size: 18pt;\"><strong>Junaeb impulsa mejoras en la alimentaci\u00f3n escolar en la regi\u00f3n de Ays\u00e9n<\/strong><\/span><\/p>\n<div id=\"gtx-trans\" style=\"position: absolute; left: -50px; top: 4.31534px;\">\n<div class=\"gtx-trans-icon\"><\/div>\n<\/div>\n<\/div><\/section><\/div><\/p>\n<div class=\"flex_column av_one_full  flex_column_div av-zero-column-padding first  avia-builder-el-4  el_after_av_one_full  el_before_av_hr  column-top-margin\" style='border-radius:0px; '><section class=\"av_textblock_section \"  itemscope=\"itemscope\" itemtype=\"https:\/\/schema.org\/BlogPosting\" itemprop=\"blogPost\" ><div class='avia_textblock  '   itemprop=\"text\" ><p style=\"text-align: justify;\">El Programa de Alimentaci\u00f3n Escolar (PAE) tiene como objetivo entregar, durante el a\u00f1o escolar, servicios de alimentaci\u00f3n como desayunos, almuerzos, onces, colaciones y cenas a estudiantes en situaci\u00f3n de desventaja que cursen educaci\u00f3n preb\u00e1sica, b\u00e1sica, media o de adultos. Este beneficio se otorga en establecimientos educacionales municipales, dependientes de los Servicios Locales de Educaci\u00f3n P\u00fablica (SLEP) o particulares subvencionados, seg\u00fan corresponda.<\/p>\n<p style=\"text-align: justify;\">De acuerdo con lo informado por la Junta Nacional de Auxilio Escolar y Becas, m\u00e1s conocida como Junaeb, en 2023 se cumpli\u00f3 el compromiso presidencial de ampliar la cobertura del Programa, beneficiando a m\u00e1s de 50 mil ni\u00f1as y ni\u00f1os de pre k\u00ednder y kinder. Actualmente, el PAE entrega alimentaci\u00f3n a m\u00e1s de 1 mill\u00f3n 500 mil estudiantes en casi 9 mil establecimientos educacionales a lo largo del pa\u00eds.<\/p>\n<p style=\"text-align: justify;\">En Ays\u00e9n, el PAE est\u00e1 presente en 128 establecimientos distribuidos por toda la regi\u00f3n, incluyendo escuelas, liceos y jardines infantiles pertenecientes a la red Junji e Integra. Diariamente, se entregan m\u00e1s de 15 mil raciones de alimentos durante la hora de almuerzo.<\/p>\n<p style=\"text-align: justify;\">Adem\u00e1s, se ha potenciado la realizaci\u00f3n de men\u00fas escolares seg\u00fan las particularidades de la regi\u00f3n, logrando incorporar en el men\u00fa desde hace un par de a\u00f1os el salm\u00f3n, un producto que genera mucha aceptabilidad en la alimentaci\u00f3n de los estudiantes.<\/p>\n<p style=\"text-align: justify;\">Asimismo, se destaca el esfuerzo para que los establecimientos puedan ir habilitando sus dependencias para incorporar \u201csalad bar\u201d (autoservicio de ensaladas), que ha favorecido el mayor consumo de ensaladas entre los estudiantes.<\/p>\n<p style=\"text-align: justify;\">El Director Regional de Junaeb Ays\u00e9n, Manuel Vivar, destac\u00f3 la relevancia del PAE en la regi\u00f3n: \u201cEl Programa de Alimentaci\u00f3n de Junaeb cumple un rol fundamental para mejorar la asistencia de los estudiantes en su proceso educativo y, en el largo plazo, tambi\u00e9n contribuir a que los estudiantes puedan completar su trayectoria educativa. En ese contexto, desde Junaeb tenemos un rol especial en la coordinaci\u00f3n y supervisi\u00f3n para que el Programa de Alimentaci\u00f3n llegue de la mejor forma posible a cada uno de los establecimientos y lleguemos con una alimentaci\u00f3n de calidad a nuestros estudiantes\u201d.<\/p>\n<p style=\"text-align: justify;\">De igual forma, la Seremi de Gobierno \u00darsula Mix destac\u00f3 el aporte del PAE para la regi\u00f3n de Ays\u00e9n. \u201cLa alimentaci\u00f3n escolar es fundamental para garantizar la permanencia de estudiantes en el sistema educativo. Con el PAE se logra entregar alimentos de calidad que logran cubrir las necesidades nutricionales durante el a\u00f1o escolar, contribuyendo al bienestar y rendimiento acad\u00e9mico\u201d, concluy\u00f3.<\/p>\n<\/div><\/section><\/div>\n<div  style='height:50px' class='hr hr-invisible   avia-builder-el-6  el_after_av_one_full  el_before_av_social_share '><span class='hr-inner ' ><span class='hr-inner-style'><\/span><\/span><\/div>\n<div  class='av-social-sharing-box  avia-builder-el-7  el_after_av_hr  el_before_av_hr  '><div class='av-share-box'><h5 class='av-share-link-description av-no-toc '>Compartir esta noticia<\/h5><ul class='av-share-box-list noLightbox'><li class='av-share-link av-social-link-facebook' ><a target=\"_blank\" aria-label=\"Compartir en Facebook\" href='https:\/\/www.facebook.com\/sharer.php?u=https:\/\/radiorevelacionfm.cl\/?p=53047&#038;t=Junaeb%20impulsa%20mejoras%20en%20la%20alimentaci%C3%B3n%20escolar%20en%20la%20regi%C3%B3n%20de%20Ays%C3%A9n' aria-hidden='false' data-av_icon='\ue8f3' data-av_iconfont='entypo-fontello' title='' data-avia-related-tooltip='Compartir en Facebook' rel=\"noopener\"><span class='avia_hidden_link_text'>Compartir en Facebook<\/span><\/a><\/li><li class='av-share-link av-social-link-twitter' ><a target=\"_blank\" aria-label=\"Compartir en Twitter\" href='https:\/\/twitter.com\/share?text=Junaeb%20impulsa%20mejoras%20en%20la%20alimentaci%C3%B3n%20escolar%20en%20la%20regi%C3%B3n%20de%20Ays%C3%A9n&#038;url=https:\/\/radiorevelacionfm.cl\/?p=53047' aria-hidden='false' data-av_icon='\ue8f1' data-av_iconfont='entypo-fontello' title='' data-avia-related-tooltip='Compartir en Twitter' rel=\"noopener\"><span class='avia_hidden_link_text'>Compartir en Twitter<\/span><\/a><\/li><li class='av-share-link av-social-link-whatsapp' ><a target=\"_blank\" aria-label=\"Compartir en Whatsapp\" href='https:\/\/api.whatsapp.com\/send?text=https:\/\/radiorevelacionfm.cl\/?p=53047' aria-hidden='false' data-av_icon='\uf232' data-av_iconfont='entypo-fontello' title='' data-avia-related-tooltip='Compartir en Whatsapp' rel=\"noopener\"><span class='avia_hidden_link_text'>Compartir en Whatsapp<\/span><\/a><\/li><li class='av-share-link av-social-link-linkedin' ><a target=\"_blank\" aria-label=\"Compartir en LinkedIn\" href='https:\/\/linkedin.com\/shareArticle?mini=true&#038;title=Junaeb%20impulsa%20mejoras%20en%20la%20alimentaci%C3%B3n%20escolar%20en%20la%20regi%C3%B3n%20de%20Ays%C3%A9n&#038;url=https:\/\/radiorevelacionfm.cl\/?p=53047' aria-hidden='false' data-av_icon='\ue8fc' data-av_iconfont='entypo-fontello' title='' data-avia-related-tooltip='Compartir en LinkedIn' rel=\"noopener\"><span class='avia_hidden_link_text'>Compartir en LinkedIn<\/span><\/a><\/li><li class='av-share-link av-social-link-mail' ><a  aria-label=\"Compartir por correo\" href='mailto:?subject=Junaeb%20impulsa%20mejoras%20en%20la%20alimentaci%C3%B3n%20escolar%20en%20la%20regi%C3%B3n%20de%20Ays%C3%A9n&#038;body=https:\/\/radiorevelacionfm.cl\/?p=53047' aria-hidden='false' data-av_icon='\ue805' data-av_iconfont='entypo-fontello' title='' data-avia-related-tooltip='Compartir por correo'><span class='avia_hidden_link_text'>Compartir por correo<\/span><\/a><\/li><\/ul><\/div><\/div>\n<div  style='height:50px' class='hr hr-invisible   avia-builder-el-8  el_after_av_social_share  el_before_av_comments_list '><span class='hr-inner ' ><span class='hr-inner-style'><\/span><\/span><\/div>\n<div  class='av-buildercomment  av-blog-meta-html-info-disabled av-blog-meta-tag-disabled  '><\/div>\n","protected":false},"excerpt":{"rendered":"","protected":false},"author":1,"featured_media":53114,"comment_status":"closed","ping_status":"closed","sticky":false,"template":"","format":"standard","meta":{"footnotes":""},"categories":[49],"tags":[],"class_list":["post-53047","post","type-post","status-publish","format-standard","has-post-thumbnail","hentry","category-educacion"],"jetpack_featured_media_url":"https:\/\/radiorevelacionfm.cl\/wp-content\/uploads\/2025\/04\/racion-salmon-1-1.jpg","_links":{"self":[{"href":"https:\/\/radiorevelacionfm.cl\/index.php?rest_route=\/wp\/v2\/posts\/53047","targetHints":{"allow":["GET"]}}],"collection":[{"href":"https:\/\/radiorevelacionfm.cl\/index.php?rest_route=\/wp\/v2\/posts"}],"about":[{"href":"https:\/\/radiorevelacionfm.cl\/index.php?rest_route=\/wp\/v2\/types\/post"}],"author":[{"embeddable":true,"href":"https:\/\/radiorevelacionfm.cl\/index.php?rest_route=\/wp\/v2\/users\/1"}],"replies":[{"embeddable":true,"href":"https:\/\/radiorevelacionfm.cl\/index.php?rest_route=%2Fwp%2Fv2%2Fcomments&post=53047"}],"version-history":[{"count":4,"href":"https:\/\/radiorevelacionfm.cl\/index.php?rest_route=\/wp\/v2\/posts\/53047\/revisions"}],"predecessor-version":[{"id":53113,"href":"https:\/\/radiorevelacionfm.cl\/index.php?rest_route=\/wp\/v2\/posts\/53047\/revisions\/53113"}],"wp:featuredmedia":[{"embeddable":true,"href":"https:\/\/radiorevelacionfm.cl\/index.php?rest_route=\/wp\/v2\/media\/53114"}],"wp:attachment":[{"href":"https:\/\/radiorevelacionfm.cl\/index.php?rest_route=%2Fwp%2Fv2%2Fmedia&parent=53047"}],"wp:term":[{"taxonomy":"category","embeddable":true,"href":"https:\/\/radiorevelacionfm.cl\/index.php?rest_route=%2Fwp%2Fv2%2Fcategories&post=53047"},{"taxonomy":"post_tag","embeddable":true,"href":"https:\/\/radiorevelacionfm.cl\/index.php?rest_route=%2Fwp%2Fv2%2Ftags&post=53047"}],"curies":[{"name":"wp","href":"https:\/\/api.w.org\/{rel}","templated":true}]}}