{"id":53040,"date":"2025-04-24T12:25:55","date_gmt":"2025-04-24T15:25:55","guid":{"rendered":"https:\/\/radiorevelacionfm.cl\/?p=53040"},"modified":"2025-04-24T12:25:55","modified_gmt":"2025-04-24T15:25:55","slug":"sebastian-vera-propone-ordenanza-para-retirar-cables-en-desuso-no-podemos-seguir-normalizando-el-abandono-urbano","status":"publish","type":"post","link":"https:\/\/radiorevelacionfm.cl\/?p=53040","title":{"rendered":"Sebasti\u00e1n Vera propone ordenanza para retirar cables en desuso: \u201cNo podemos seguir normalizando el abandono urbano\u201d"},"content":{"rendered":"<div class=\"flex_column av_one_full  flex_column_div av-zero-column-padding first  avia-builder-el-0  el_before_av_one_full  avia-builder-el-first  \" style='border-radius:0px; '><div  class='avia-image-container  av-styling-    avia-builder-el-1  avia-builder-el-no-sibling  avia-align-center '  itemprop=\"image\" itemscope=\"itemscope\" itemtype=\"https:\/\/schema.org\/ImageObject\"  ><div class='avia-image-container-inner'><div class='avia-image-overlay-wrap'><img decoding=\"async\" class='wp-image-53041 avia-img-lazy-loading-not-53041 avia_image' src=\"https:\/\/radiorevelacionfm.cl\/wp-content\/uploads\/2025\/04\/IMG-01-1-1.jpeg\" alt='' title='IMG 01 (1) (1)' height=\"600\" width=\"800\"  itemprop=\"thumbnailUrl\" srcset=\"https:\/\/radiorevelacionfm.cl\/wp-content\/uploads\/2025\/04\/IMG-01-1-1.jpeg 800w, https:\/\/radiorevelacionfm.cl\/wp-content\/uploads\/2025\/04\/IMG-01-1-1-300x225.jpeg 300w, https:\/\/radiorevelacionfm.cl\/wp-content\/uploads\/2025\/04\/IMG-01-1-1-768x576.jpeg 768w, https:\/\/radiorevelacionfm.cl\/wp-content\/uploads\/2025\/04\/IMG-01-1-1-705x529.jpeg 705w, https:\/\/radiorevelacionfm.cl\/wp-content\/uploads\/2025\/04\/IMG-01-1-1-450x338.jpeg 450w, https:\/\/radiorevelacionfm.cl\/wp-content\/uploads\/2025\/04\/IMG-01-1-1-600x450.jpeg 600w\" sizes=\"(max-width: 800px) 100vw, 800px\" \/><\/div><\/div><\/div><\/div><div class=\"flex_column av_one_full  flex_column_div av-zero-column-padding first  avia-builder-el-2  el_after_av_one_full  el_before_av_one_full  column-top-margin\" style='border-radius:0px; '><section class=\"av_textblock_section \"  itemscope=\"itemscope\" itemtype=\"https:\/\/schema.org\/BlogPosting\" itemprop=\"blogPost\" ><div class='avia_textblock  '   itemprop=\"text\" ><p style=\"text-align: center;\"><strong><span style=\"font-size: 18pt;\">Sebasti\u00e1n Vera propone ordenanza para retirar cables en desuso: \u201cNo podemos seguir normalizando el abandono urbano\u201d<\/span><\/strong><\/p>\n<div id=\"gtx-trans\" style=\"position: absolute; left: -50px; top: 4.31534px;\">\n<div class=\"gtx-trans-icon\"><\/div>\n<\/div>\n<\/div><\/section><\/div><div class=\"flex_column av_one_full  flex_column_div av-zero-column-padding first  avia-builder-el-4  el_after_av_one_full  el_before_av_hr  column-top-margin\" style='border-radius:0px; '><section class=\"av_textblock_section \"  itemscope=\"itemscope\" itemtype=\"https:\/\/schema.org\/BlogPosting\" itemprop=\"blogPost\" ><div class='avia_textblock  '   itemprop=\"text\" ><p dir=\"ltr\" style=\"text-align: justify;\">El concejal de Coyhaique, Sebasti\u00e1n Vera Ojeda, ingres\u00f3 este lunes 22 de abril una propuesta formal dirigida al alcalde Carlos Gatica Villegas, solicitando la creaci\u00f3n de una ordenanza municipal que permita fiscalizar, exigir el retiro y, en caso necesario, retirar directamente el cableado a\u00e9reo en desuso presente en distintos sectores de la comuna.<\/p>\n<p dir=\"ltr\" style=\"text-align: justify;\">La iniciativa busca hacerse cargo de una problem\u00e1tica que ha ido en aumento en los \u00faltimos a\u00f1os: la acumulaci\u00f3n de cables colgantes, sueltos o en mal estado, que afectan tanto la imagen urbana como la seguridad de la comunidad. Seg\u00fan explic\u00f3 el concejal, este tipo de infraestructura abandonada representa un peligro para peatones, ciclistas, veh\u00edculos y bienes p\u00fablicos, adem\u00e1s de contribuir a una sensaci\u00f3n de descuido y deterioro en los espacios comunes.<\/p>\n<p dir=\"ltr\" style=\"text-align: justify;\">La propuesta establece que, al detectar cables peligrosos o en mal estado, las empresas responsables deber\u00e1n retirarlos en un plazo m\u00e1ximo de 24 horas. En caso de incumplimiento, el municipio podr\u00e1 ejecutar el retiro por cuenta propia y posteriormente recuperar los costos desde la empresa correspondiente.<\/p>\n<p dir=\"ltr\" style=\"text-align: justify;\">\u201cLos vecinos de Coyhaique est\u00e1n cansados de ver c\u00f3mo los cables cuelgan de postes o se acumulan enredados en nuestras calles. Esto no solo afea la ciudad, sino que pone en riesgo a las personas. No podemos seguir normalizando el abandono urbano. Esta es una medida concreta, urgente y completamente viable\u201d, sostuvo el concejal Vera.<\/p>\n<p dir=\"ltr\" style=\"text-align: justify;\">La propuesta se enmarca dentro de lo establecido por la Ley N\u00b0 18.168, conocida como la \u201cLey Chao Cables\u201d, promulgada en 2019, la cual establece que las empresas de telecomunicaciones son responsables del retiro de su cableado, tanto a\u00e9reo como subterr\u00e1neo, cuando ya no est\u00e1 en uso.<\/p>\n<p dir=\"ltr\" style=\"text-align: justify;\">Sebasti\u00e1n Vera indic\u00f3 que esta medida no solo responde a una necesidad urgente de seguridad, sino tambi\u00e9n a una demanda ciudadana que busca una comuna m\u00e1s limpia, ordenada y funcional. \u201cTenemos que avanzar hacia una Coyhaique m\u00e1s moderna y segura, donde las empresas asuman sus responsabilidades y donde el municipio tenga las herramientas para actuar cuando eso no ocurra\u201d, concluy\u00f3.<\/p>\n<p dir=\"ltr\" style=\"text-align: justify;\">La propuesta fue entregada mediante el Oficio N\u00b0 04\/2025 y ahora queda en manos del Ejecutivo municipal su an\u00e1lisis y posible tramitaci\u00f3n como ordenanza local.<\/p>\n<\/div><\/section><\/div><div  style='height:50px' class='hr hr-invisible   avia-builder-el-6  el_after_av_one_full  el_before_av_social_share '><span class='hr-inner ' ><span class='hr-inner-style'><\/span><\/span><\/div><\/p>\n<div  class='av-social-sharing-box  avia-builder-el-7  el_after_av_hr  el_before_av_hr  '><div class='av-share-box'><h5 class='av-share-link-description av-no-toc '>Compartir esta noticia<\/h5><ul class='av-share-box-list noLightbox'><li class='av-share-link av-social-link-facebook' ><a target=\"_blank\" aria-label=\"Compartir en Facebook\" href='https:\/\/www.facebook.com\/sharer.php?u=https:\/\/radiorevelacionfm.cl\/?p=53040&#038;t=Sebasti%C3%A1n%20Vera%20propone%20ordenanza%20para%20retirar%20cables%20en%20desuso%3A%20%E2%80%9CNo%20podemos%20seguir%20normalizando%20el%20abandono%20urbano%E2%80%9D' aria-hidden='false' data-av_icon='\ue8f3' data-av_iconfont='entypo-fontello' title='' data-avia-related-tooltip='Compartir en Facebook' rel=\"noopener\"><span class='avia_hidden_link_text'>Compartir en Facebook<\/span><\/a><\/li><li class='av-share-link av-social-link-twitter' ><a target=\"_blank\" aria-label=\"Compartir en Twitter\" href='https:\/\/twitter.com\/share?text=Sebasti%C3%A1n%20Vera%20propone%20ordenanza%20para%20retirar%20cables%20en%20desuso%3A%20%E2%80%9CNo%20podemos%20seguir%20normalizando%20el%20abandono%20urbano%E2%80%9D&#038;url=https:\/\/radiorevelacionfm.cl\/?p=53040' aria-hidden='false' data-av_icon='\ue8f1' data-av_iconfont='entypo-fontello' title='' data-avia-related-tooltip='Compartir en Twitter' rel=\"noopener\"><span class='avia_hidden_link_text'>Compartir en Twitter<\/span><\/a><\/li><li class='av-share-link av-social-link-whatsapp' ><a target=\"_blank\" aria-label=\"Compartir en Whatsapp\" href='https:\/\/api.whatsapp.com\/send?text=https:\/\/radiorevelacionfm.cl\/?p=53040' aria-hidden='false' data-av_icon='\uf232' data-av_iconfont='entypo-fontello' title='' data-avia-related-tooltip='Compartir en Whatsapp' rel=\"noopener\"><span class='avia_hidden_link_text'>Compartir en Whatsapp<\/span><\/a><\/li><li class='av-share-link av-social-link-linkedin' ><a target=\"_blank\" aria-label=\"Compartir en LinkedIn\" href='https:\/\/linkedin.com\/shareArticle?mini=true&#038;title=Sebasti%C3%A1n%20Vera%20propone%20ordenanza%20para%20retirar%20cables%20en%20desuso%3A%20%E2%80%9CNo%20podemos%20seguir%20normalizando%20el%20abandono%20urbano%E2%80%9D&#038;url=https:\/\/radiorevelacionfm.cl\/?p=53040' aria-hidden='false' data-av_icon='\ue8fc' data-av_iconfont='entypo-fontello' title='' data-avia-related-tooltip='Compartir en LinkedIn' rel=\"noopener\"><span class='avia_hidden_link_text'>Compartir en LinkedIn<\/span><\/a><\/li><li class='av-share-link av-social-link-mail' ><a  aria-label=\"Compartir por correo\" href='mailto:?subject=Sebasti%C3%A1n%20Vera%20propone%20ordenanza%20para%20retirar%20cables%20en%20desuso%3A%20%E2%80%9CNo%20podemos%20seguir%20normalizando%20el%20abandono%20urbano%E2%80%9D&#038;body=https:\/\/radiorevelacionfm.cl\/?p=53040' aria-hidden='false' data-av_icon='\ue805' data-av_iconfont='entypo-fontello' title='' data-avia-related-tooltip='Compartir por correo'><span class='avia_hidden_link_text'>Compartir por correo<\/span><\/a><\/li><\/ul><\/div><\/div>\n<div  style='height:50px' class='hr hr-invisible   avia-builder-el-8  el_after_av_social_share  el_before_av_comments_list '><span class='hr-inner ' ><span class='hr-inner-style'><\/span><\/span><\/div>\n<div  class='av-buildercomment  av-blog-meta-html-info-disabled av-blog-meta-tag-disabled  '><\/div>\n","protected":false},"excerpt":{"rendered":"","protected":false},"author":1,"featured_media":53041,"comment_status":"closed","ping_status":"closed","sticky":false,"template":"","format":"standard","meta":{"footnotes":""},"categories":[38],"tags":[],"class_list":["post-53040","post","type-post","status-publish","format-standard","has-post-thumbnail","hentry","category-regional"],"jetpack_featured_media_url":"https:\/\/radiorevelacionfm.cl\/wp-content\/uploads\/2025\/04\/IMG-01-1-1.jpeg","_links":{"self":[{"href":"https:\/\/radiorevelacionfm.cl\/index.php?rest_route=\/wp\/v2\/posts\/53040","targetHints":{"allow":["GET"]}}],"collection":[{"href":"https:\/\/radiorevelacionfm.cl\/index.php?rest_route=\/wp\/v2\/posts"}],"about":[{"href":"https:\/\/radiorevelacionfm.cl\/index.php?rest_route=\/wp\/v2\/types\/post"}],"author":[{"embeddable":true,"href":"https:\/\/radiorevelacionfm.cl\/index.php?rest_route=\/wp\/v2\/users\/1"}],"replies":[{"embeddable":true,"href":"https:\/\/radiorevelacionfm.cl\/index.php?rest_route=%2Fwp%2Fv2%2Fcomments&post=53040"}],"version-history":[{"count":2,"href":"https:\/\/radiorevelacionfm.cl\/index.php?rest_route=\/wp\/v2\/posts\/53040\/revisions"}],"predecessor-version":[{"id":53052,"href":"https:\/\/radiorevelacionfm.cl\/index.php?rest_route=\/wp\/v2\/posts\/53040\/revisions\/53052"}],"wp:featuredmedia":[{"embeddable":true,"href":"https:\/\/radiorevelacionfm.cl\/index.php?rest_route=\/wp\/v2\/media\/53041"}],"wp:attachment":[{"href":"https:\/\/radiorevelacionfm.cl\/index.php?rest_route=%2Fwp%2Fv2%2Fmedia&parent=53040"}],"wp:term":[{"taxonomy":"category","embeddable":true,"href":"https:\/\/radiorevelacionfm.cl\/index.php?rest_route=%2Fwp%2Fv2%2Fcategories&post=53040"},{"taxonomy":"post_tag","embeddable":true,"href":"https:\/\/radiorevelacionfm.cl\/index.php?rest_route=%2Fwp%2Fv2%2Ftags&post=53040"}],"curies":[{"name":"wp","href":"https:\/\/api.w.org\/{rel}","templated":true}]}}