{"id":5304,"date":"2021-06-16T11:18:52","date_gmt":"2021-06-16T14:18:52","guid":{"rendered":"https:\/\/radiorevelacionfm.cl\/?p=5304"},"modified":"2021-06-16T11:18:52","modified_gmt":"2021-06-16T14:18:52","slug":"innovacion-en-la-patagonia-buscan-domesticar-el-maqui-y-calafate","status":"publish","type":"post","link":"https:\/\/radiorevelacionfm.cl\/?p=5304","title":{"rendered":"Innovaci\u00f3n: En la Patagonia buscan domesticar el maqui y calafate"},"content":{"rendered":"<div class=\"flex_column av_one_full  flex_column_div av-zero-column-padding first  avia-builder-el-0  el_before_av_one_full  avia-builder-el-first  \" style='border-radius:0px; '><div  class='avia-image-container  av-styling-    avia-builder-el-1  avia-builder-el-no-sibling  avia-align-center '  itemprop=\"image\" itemscope=\"itemscope\" itemtype=\"https:\/\/schema.org\/ImageObject\"  ><div class='avia-image-container-inner'><div class='avia-image-overlay-wrap'><img decoding=\"async\" class='wp-image-5305 avia-img-lazy-loading-not-5305 avia_image' src=\"https:\/\/radiorevelacionfm.cl\/wp-content\/uploads\/2021\/06\/Foto-I-1-1.jpg\" alt='' title='Foto I (1) (1)' height=\"600\" width=\"800\"  itemprop=\"thumbnailUrl\" srcset=\"https:\/\/radiorevelacionfm.cl\/wp-content\/uploads\/2021\/06\/Foto-I-1-1.jpg 800w, https:\/\/radiorevelacionfm.cl\/wp-content\/uploads\/2021\/06\/Foto-I-1-1-300x225.jpg 300w, https:\/\/radiorevelacionfm.cl\/wp-content\/uploads\/2021\/06\/Foto-I-1-1-768x576.jpg 768w, https:\/\/radiorevelacionfm.cl\/wp-content\/uploads\/2021\/06\/Foto-I-1-1-705x529.jpg 705w, https:\/\/radiorevelacionfm.cl\/wp-content\/uploads\/2021\/06\/Foto-I-1-1-600x450.jpg 600w\" sizes=\"(max-width: 800px) 100vw, 800px\" \/><\/div><\/div><\/div><\/div><div class=\"flex_column av_one_full  flex_column_div av-zero-column-padding first  avia-builder-el-2  el_after_av_one_full  el_before_av_one_full  column-top-margin\" style='border-radius:0px; '><section class=\"av_textblock_section \"  itemscope=\"itemscope\" itemtype=\"https:\/\/schema.org\/BlogPosting\" itemprop=\"blogPost\" ><div class='avia_textblock  '   itemprop=\"text\" ><p style=\"text-align: center;\"><strong><span style=\"font-size: 18pt;\">Innovaci\u00f3n: En la Patagonia buscan domesticar el maqui y calafate<\/span><\/strong><\/p>\n<div id=\"gtx-trans\" style=\"position: absolute; left: -50px; top: 4.31534px;\">\n<div class=\"gtx-trans-icon\"><\/div>\n<\/div>\n<\/div><\/section><\/div><div class=\"flex_column av_one_full  flex_column_div av-zero-column-padding first  avia-builder-el-4  el_after_av_one_full  el_before_av_hr  column-top-margin\" style='border-radius:0px; '><section class=\"av_textblock_section \"  itemscope=\"itemscope\" itemtype=\"https:\/\/schema.org\/BlogPosting\" itemprop=\"blogPost\" ><div class='avia_textblock  '   itemprop=\"text\" ><p style=\"text-align: justify;\">A la fecha ya existen los primeros resultados del proyecto \u201cRescate y establecimiento de ecotipos regionales promisorios de Calafate y Maqui\u201d; iniciativa que cuenta con el apoyo de la Fundaci\u00f3n para la Innovaci\u00f3n Agraria (FIA) y que busca la domesticaci\u00f3n agraria de ambas especies \u2013 ricos en antioxidantes y fibra diet\u00e9tica \u2013 para el uso y beneficio de los agricultores regionales.<\/p>\n<p style=\"text-align: justify;\">El director ejecutivo de FIA, \u00c1lvaro Eyzaguirre dijo que se logr\u00f3 la selecci\u00f3n clonal y la propagaci\u00f3n en vitro de casi mil plantas y se mostr\u00f3 muy satisfecho de avanzar en la domesticaci\u00f3n de esta especie que tiene un sinf\u00edn de atributos nutrac\u00e9uticos y, por otro lado, s\u00f3lo esta presente en Chile y Argentina.<\/p>\n<p style=\"text-align: justify;\">La innovaci\u00f3n \u2013 que cuenta con la participaci\u00f3n de la Universidad Austral de Chile, \u00a0Instituto de Investigaciones Agropecuarias, el Instituto Forestal y el Instituto de Desarrollo Agropecuario, adem\u00e1s del investigador de la Universidad Austral de Chile, Campus Patagonia, Pablo Hern\u00e1ndez \u2013 responde a que actualmente la oferta de estos berries nativos no alcanzan a satisfacer la demanda en t\u00e9rminos de volumen y homogeneidad de los frutos, ya que estas especies se encuentra s\u00f3lo en condici\u00f3n silvestre, lo que evidentemente dificulta su desarrollo en la industria de alimentos, pues para mantener la cadena de valor de este tipo de productos, se requiere de materia prima con concentraciones y caracter\u00edsticas estables, al menos homog\u00e9neas en la concentraci\u00f3n de compuestos fen\u00f3licos.<\/p>\n<p style=\"text-align: justify;\"><strong>Resultados <\/strong><\/p>\n<p style=\"text-align: justify;\">\u201cEn esta primera etapa, que ya esta finalizando, lo que buscamos es poder caracterizar los diferentes ecotipos de Maqui y Calafate en la regi\u00f3n, es decir, buscar los mejores individuos, que tengan las mejores caracter\u00edsticas como productos en cuanto a sabor, tama\u00f1o, etc. Y tambi\u00e9n conocer sus caracter\u00edsticas agron\u00f3micas en lo que se refiere al tama\u00f1o de las espinas, el vigor y sus capacidades, etc. Esto, para en un futuro poder pasar estos frutos desde su situaci\u00f3n actual de recolecci\u00f3n a una de domesticaci\u00f3n, de modo que los agricultores puedan tener sus huertos de calafates y maquis\u201d, explic\u00f3 Hern\u00e1ndez.<\/p>\n<p style=\"text-align: justify;\">Gracias al proyecto FIA, se ha podido determinar que los mejores individuos de Calafate se encuentran en Puyuhuapi, La Junta y Puerto Cisnes; mientras que el mejor Maqui estar\u00eda en los sectores de los lagos Zenteno y Portales. Otro avance es la obtenci\u00f3n de un protocolo de micro propagaci\u00f3n de cultivo in vitro para el Calafate, actualmente de dif\u00edcil propagaci\u00f3n vegetativa.<\/p>\n<p style=\"text-align: justify;\">Finalmente, Pablo Hern\u00e1ndez indic\u00f3 que \u201ctoda esta investigaci\u00f3n busca poder domesticar estas especies, tener los insumos necesarios para que, en un futuro, por ejemplo, una empresa de vivero podr\u00eda instalarse en la regi\u00f3n, comenzar a cultivar estas especies y luego poder entregarlas a los agricultores y as\u00ed ellos puedan implementar huertos frutales con estos s\u00faper alimentos de prestigio internacional. Con esto la Universidad Austral de Chile sigue liderando el desarrollo de la industria agropecuaria a trav\u00e9s de polos tecnol\u00f3gicos que buscan la domesticaci\u00f3n de especies nativas en beneficio de un mejor desarrollo del sector agroindustrial\u201d.<\/p>\n<\/div><\/section><\/div><div  style='height:50px' class='hr hr-invisible   avia-builder-el-6  el_after_av_one_full  el_before_av_social_share '><span class='hr-inner ' ><span class='hr-inner-style'><\/span><\/span><\/div><\/p>\n<div  class='av-social-sharing-box  avia-builder-el-7  el_after_av_hr  el_before_av_hr  '><div class='av-share-box'><h5 class='av-share-link-description av-no-toc '>Compartir esta noticia<\/h5><ul class='av-share-box-list noLightbox'><li class='av-share-link av-social-link-facebook' ><a target=\"_blank\" aria-label=\"Compartir en Facebook\" href='https:\/\/www.facebook.com\/sharer.php?u=https:\/\/radiorevelacionfm.cl\/?p=5304&#038;t=Innovaci%C3%B3n%3A%20En%20la%20Patagonia%20buscan%20domesticar%20el%20maqui%20y%20calafate' aria-hidden='false' data-av_icon='\ue8f3' data-av_iconfont='entypo-fontello' title='' data-avia-related-tooltip='Compartir en Facebook' rel=\"noopener\"><span class='avia_hidden_link_text'>Compartir en Facebook<\/span><\/a><\/li><li class='av-share-link av-social-link-twitter' ><a target=\"_blank\" aria-label=\"Compartir en Twitter\" href='https:\/\/twitter.com\/share?text=Innovaci%C3%B3n%3A%20En%20la%20Patagonia%20buscan%20domesticar%20el%20maqui%20y%20calafate&#038;url=https:\/\/radiorevelacionfm.cl\/?p=5304' aria-hidden='false' data-av_icon='\ue8f1' data-av_iconfont='entypo-fontello' title='' data-avia-related-tooltip='Compartir en Twitter' rel=\"noopener\"><span class='avia_hidden_link_text'>Compartir en Twitter<\/span><\/a><\/li><li class='av-share-link av-social-link-whatsapp' ><a target=\"_blank\" aria-label=\"Compartir en Whatsapp\" href='https:\/\/api.whatsapp.com\/send?text=https:\/\/radiorevelacionfm.cl\/?p=5304' aria-hidden='false' data-av_icon='\uf232' data-av_iconfont='entypo-fontello' title='' data-avia-related-tooltip='Compartir en Whatsapp' rel=\"noopener\"><span class='avia_hidden_link_text'>Compartir en Whatsapp<\/span><\/a><\/li><li class='av-share-link av-social-link-linkedin' ><a target=\"_blank\" aria-label=\"Compartir en LinkedIn\" href='https:\/\/linkedin.com\/shareArticle?mini=true&#038;title=Innovaci%C3%B3n%3A%20En%20la%20Patagonia%20buscan%20domesticar%20el%20maqui%20y%20calafate&#038;url=https:\/\/radiorevelacionfm.cl\/?p=5304' aria-hidden='false' data-av_icon='\ue8fc' data-av_iconfont='entypo-fontello' title='' data-avia-related-tooltip='Compartir en LinkedIn' rel=\"noopener\"><span class='avia_hidden_link_text'>Compartir en LinkedIn<\/span><\/a><\/li><li class='av-share-link av-social-link-mail' ><a  aria-label=\"Compartir por correo\" href='mailto:?subject=Innovaci%C3%B3n%3A%20En%20la%20Patagonia%20buscan%20domesticar%20el%20maqui%20y%20calafate&#038;body=https:\/\/radiorevelacionfm.cl\/?p=5304' aria-hidden='false' data-av_icon='\ue805' data-av_iconfont='entypo-fontello' title='' data-avia-related-tooltip='Compartir por correo'><span class='avia_hidden_link_text'>Compartir por correo<\/span><\/a><\/li><\/ul><\/div><\/div>\n<div  style='height:50px' class='hr hr-invisible   avia-builder-el-8  el_after_av_social_share  el_before_av_comments_list '><span class='hr-inner ' ><span class='hr-inner-style'><\/span><\/span><\/div>\n<div  class='av-buildercomment  av-blog-meta-html-info-disabled av-blog-meta-tag-disabled  '><\/div>\n","protected":false},"excerpt":{"rendered":"","protected":false},"author":1,"featured_media":5305,"comment_status":"open","ping_status":"open","sticky":false,"template":"","format":"standard","meta":{"footnotes":""},"categories":[58],"tags":[],"class_list":["post-5304","post","type-post","status-publish","format-standard","has-post-thumbnail","hentry","category-agricultura"],"jetpack_featured_media_url":"https:\/\/radiorevelacionfm.cl\/wp-content\/uploads\/2021\/06\/Foto-I-1-1.jpg","_links":{"self":[{"href":"https:\/\/radiorevelacionfm.cl\/index.php?rest_route=\/wp\/v2\/posts\/5304","targetHints":{"allow":["GET"]}}],"collection":[{"href":"https:\/\/radiorevelacionfm.cl\/index.php?rest_route=\/wp\/v2\/posts"}],"about":[{"href":"https:\/\/radiorevelacionfm.cl\/index.php?rest_route=\/wp\/v2\/types\/post"}],"author":[{"embeddable":true,"href":"https:\/\/radiorevelacionfm.cl\/index.php?rest_route=\/wp\/v2\/users\/1"}],"replies":[{"embeddable":true,"href":"https:\/\/radiorevelacionfm.cl\/index.php?rest_route=%2Fwp%2Fv2%2Fcomments&post=5304"}],"version-history":[{"count":2,"href":"https:\/\/radiorevelacionfm.cl\/index.php?rest_route=\/wp\/v2\/posts\/5304\/revisions"}],"predecessor-version":[{"id":5325,"href":"https:\/\/radiorevelacionfm.cl\/index.php?rest_route=\/wp\/v2\/posts\/5304\/revisions\/5325"}],"wp:featuredmedia":[{"embeddable":true,"href":"https:\/\/radiorevelacionfm.cl\/index.php?rest_route=\/wp\/v2\/media\/5305"}],"wp:attachment":[{"href":"https:\/\/radiorevelacionfm.cl\/index.php?rest_route=%2Fwp%2Fv2%2Fmedia&parent=5304"}],"wp:term":[{"taxonomy":"category","embeddable":true,"href":"https:\/\/radiorevelacionfm.cl\/index.php?rest_route=%2Fwp%2Fv2%2Fcategories&post=5304"},{"taxonomy":"post_tag","embeddable":true,"href":"https:\/\/radiorevelacionfm.cl\/index.php?rest_route=%2Fwp%2Fv2%2Ftags&post=5304"}],"curies":[{"name":"wp","href":"https:\/\/api.w.org\/{rel}","templated":true}]}}