{"id":53036,"date":"2025-04-26T20:26:01","date_gmt":"2025-04-26T23:26:01","guid":{"rendered":"https:\/\/radiorevelacionfm.cl\/?p=53036"},"modified":"2025-04-26T20:26:01","modified_gmt":"2025-04-26T23:26:01","slug":"municipios-de-la-region-se-fortaleceran-con-programa-clave-en-formulacion-de-proyectos-de-inversion","status":"publish","type":"post","link":"https:\/\/radiorevelacionfm.cl\/?p=53036","title":{"rendered":"Municipios de la regi\u00f3n se fortalecer\u00e1n con programa clave en formulaci\u00f3n de proyectos de inversi\u00f3n"},"content":{"rendered":"<div class=\"flex_column av_one_full  flex_column_div av-zero-column-padding first  avia-builder-el-0  el_before_av_one_full  avia-builder-el-first  \" style='border-radius:0px; '><div  class='avia-image-container  av-styling-    avia-builder-el-1  avia-builder-el-no-sibling  avia-align-center '  itemprop=\"image\" itemscope=\"itemscope\" itemtype=\"https:\/\/schema.org\/ImageObject\"  ><div class='avia-image-container-inner'><div class='avia-image-overlay-wrap'><img decoding=\"async\" class='wp-image-53037 avia-img-lazy-loading-not-53037 avia_image' src=\"https:\/\/radiorevelacionfm.cl\/wp-content\/uploads\/2025\/04\/15-14-1_optimized-1.jpg\" alt='' title='15-(14)-(1)_optimized (1)' height=\"600\" width=\"902\"  itemprop=\"thumbnailUrl\" srcset=\"https:\/\/radiorevelacionfm.cl\/wp-content\/uploads\/2025\/04\/15-14-1_optimized-1.jpg 902w, https:\/\/radiorevelacionfm.cl\/wp-content\/uploads\/2025\/04\/15-14-1_optimized-1-300x200.jpg 300w, https:\/\/radiorevelacionfm.cl\/wp-content\/uploads\/2025\/04\/15-14-1_optimized-1-768x511.jpg 768w, https:\/\/radiorevelacionfm.cl\/wp-content\/uploads\/2025\/04\/15-14-1_optimized-1-705x469.jpg 705w, https:\/\/radiorevelacionfm.cl\/wp-content\/uploads\/2025\/04\/15-14-1_optimized-1-450x299.jpg 450w, https:\/\/radiorevelacionfm.cl\/wp-content\/uploads\/2025\/04\/15-14-1_optimized-1-600x399.jpg 600w\" sizes=\"(max-width: 902px) 100vw, 902px\" \/><\/div><\/div><\/div><\/div><div class=\"flex_column av_one_full  flex_column_div av-zero-column-padding first  avia-builder-el-2  el_after_av_one_full  el_before_av_one_full  column-top-margin\" style='border-radius:0px; '><section class=\"av_textblock_section \"  itemscope=\"itemscope\" itemtype=\"https:\/\/schema.org\/BlogPosting\" itemprop=\"blogPost\" ><div class='avia_textblock  '   itemprop=\"text\" ><p style=\"text-align: center;\"><strong><span style=\"font-size: 18pt;\">Municipios de la regi\u00f3n se fortalecer\u00e1n con programa clave en formulaci\u00f3n de proyectos de inversi\u00f3n<\/span><\/strong><\/p>\n<div id=\"gtx-trans\" style=\"position: absolute; left: -50px; top: 4.31534px;\">\n<div class=\"gtx-trans-icon\"><\/div>\n<\/div>\n<\/div><\/section><\/div><div class=\"flex_column av_one_full  flex_column_div av-zero-column-padding first  avia-builder-el-4  el_after_av_one_full  el_before_av_hr  column-top-margin\" style='border-radius:0px; '><section class=\"av_textblock_section \"  itemscope=\"itemscope\" itemtype=\"https:\/\/schema.org\/BlogPosting\" itemprop=\"blogPost\" ><div class='avia_textblock  '   itemprop=\"text\" ><p style=\"text-align: justify;\"><em>Gobierno Regional, Universidad de Ays\u00e9n y municipios se articulan para activar carteras de inversi\u00f3n p\u00fablica con visi\u00f3n territorial y enfoque de desarrollo.<\/em><\/p>\n<p style=\"text-align: justify;\">El pasado mi\u00e9rcoles 16 de abril se dio inicio oficial al Programa de Capacitaci\u00f3n \u201cFormulaci\u00f3n y Gesti\u00f3n de Proyectos\u201d, iniciativa que busca fortalecer las capacidades t\u00e9cnicas de 54 funcionarias y funcionarios municipales de la Regi\u00f3n de Ays\u00e9n. Programa financiado por el Gobierno Regional y ejecutado por la Universidad de Ays\u00e9n a trav\u00e9s del Centro de Asistencia T\u00e9cnica UAys\u00e9n (CAT UAys\u00e9n).<\/p>\n<p style=\"text-align: justify;\">La jornada inaugural se realiz\u00f3 en el Sal\u00f3n R\u00edo Coyhaique del Centro de Eventos Dreams de la capital regional y cont\u00f3 con la participaci\u00f3n del Administrador Provisional de la Universidad de Ays\u00e9n, Juan Pablo Prieto Cox; la Jefa de Divisi\u00f3n de Presupuesto e Inversi\u00f3n Regional, Magdalena L\u00e9niz; y el Alcalde de Coyhaique, Carlos Gatica, adem\u00e1s de los consejeros regionales Gustavo Villarroel y Julio Rossel.<\/p>\n<p style=\"text-align: justify;\">Durante la ceremonia, las autoridades destacaron la importancia estrat\u00e9gica de fortalecer las capacidades de los equipos municipales, considerando su rol fundamental en la generaci\u00f3n de proyectos que impulsen el desarrollo local. En esta l\u00ednea, Magdalena L\u00e9niz, jefa de Divisi\u00f3n de Presupuesto e Inversi\u00f3n Regional, enfatiz\u00f3 que <em>\u201cel Gobierno regional y <\/em><em>su Consejo se toman muy en serio la capacitaci\u00f3n de los funcionarios municipales, porque son ellos nuestros principales generadores de proyectos a nivel regional\u201d.<\/em><\/p>\n<p style=\"text-align: justify;\">Este programa de formaci\u00f3n surge como respuesta a una necesidad detectada en los municipios: la escasez de carteras de proyectos de mediano plazo y el bajo n\u00famero de iniciativas ingresadas al Sistema Nacional de Inversiones. En ese contexto, el coordinador del CAT UAys\u00e9n, Marcio Villouta, enfatiz\u00f3 que: <em>\u201cPara poder abordar las distintas necesidades que hay en el territorio, es importante involucrar el capital humano y la formaci\u00f3n de equipos profesionales en los municipios, que permita fortalecer estos planes de inversi\u00f3n que de manera anual, se van entregando al Gobierno Regional y otras instituciones p\u00fablicas\u201d<\/em>.<\/p>\n<p style=\"text-align: justify;\">Por su parte, Gabriel Nu\u00f1ez, Director General de V\u00ednculos de la Universidad de Ays\u00e9n, coment\u00f3 que en marco de la nueva pol\u00edtica de vinculaci\u00f3n con el medio, \u201c<em>tomamos proyectos que son necesidades de las comunidades y los territorios, los co-dise\u00f1amos con ellos y de manera paralela vamos fortaleciendo las capacidades instaladas de los mismos territorios\u201d.<\/em><\/p>\n<p style=\"text-align: justify;\">Esta capacitaci\u00f3n no solo representa una herramienta formativa, sino tambi\u00e9n una expresi\u00f3n concreta del compromiso de la Universidad de Ays\u00e9n con el fortalecimiento del sector p\u00fablico, en el marco de su pol\u00edtica de vinculaci\u00f3n con el medio. Dicha pol\u00edtica busca atender las necesidades territoriales a trav\u00e9s del trabajo colaborativo con instituciones p\u00fablicas. Juan Pablo Prieto Cox, Administrador Provisional de la Universidad de Ays\u00e9n, asegur\u00f3 que <em>\u201cal atender las necesidades territoriales, junto al Gobierno Regional, estamos generando capacidades de forma permanente en los municipios, de manera que ellos mismos puedan formular proyectos de inversi\u00f3n que son necesarios en su territorio\u201d.<\/em><\/p>\n<p style=\"text-align: justify;\">El programa contempla un total de 139 horas de formaci\u00f3n en modalidad online sincr\u00f3nica, con algunas sesiones presenciales, y se extender\u00e1 hasta agosto de 2025. Entre los m\u00f3dulos que se impartir\u00e1n se encuentran: Gobierno y Pol\u00edticas P\u00fablicas, Gesti\u00f3n de Gobiernos Subnacionales y Desarrollo Territorial, Dise\u00f1o y Gesti\u00f3n de Proyectos, Gesti\u00f3n Financiera de Fondos P\u00fablicos y Nuevos Paradigmas de la Gesti\u00f3n P\u00fablica.<\/p>\n<\/div><\/section><\/div><div  style='height:50px' class='hr hr-invisible   avia-builder-el-6  el_after_av_one_full  el_before_av_social_share '><span class='hr-inner ' ><span class='hr-inner-style'><\/span><\/span><\/div><\/p>\n<div  class='av-social-sharing-box  avia-builder-el-7  el_after_av_hr  el_before_av_hr  '><div class='av-share-box'><h5 class='av-share-link-description av-no-toc '>Compartir esta noticia<\/h5><ul class='av-share-box-list noLightbox'><li class='av-share-link av-social-link-facebook' ><a target=\"_blank\" aria-label=\"Compartir en Facebook\" href='https:\/\/www.facebook.com\/sharer.php?u=https:\/\/radiorevelacionfm.cl\/?p=53036&#038;t=Municipios%20de%20la%20regi%C3%B3n%20se%20fortalecer%C3%A1n%20con%20programa%20clave%20en%20formulaci%C3%B3n%20de%20proyectos%20de%20inversi%C3%B3n' aria-hidden='false' data-av_icon='\ue8f3' data-av_iconfont='entypo-fontello' title='' data-avia-related-tooltip='Compartir en Facebook' rel=\"noopener\"><span class='avia_hidden_link_text'>Compartir en Facebook<\/span><\/a><\/li><li class='av-share-link av-social-link-twitter' ><a target=\"_blank\" aria-label=\"Compartir en Twitter\" href='https:\/\/twitter.com\/share?text=Municipios%20de%20la%20regi%C3%B3n%20se%20fortalecer%C3%A1n%20con%20programa%20clave%20en%20formulaci%C3%B3n%20de%20proyectos%20de%20inversi%C3%B3n&#038;url=https:\/\/radiorevelacionfm.cl\/?p=53036' aria-hidden='false' data-av_icon='\ue8f1' data-av_iconfont='entypo-fontello' title='' data-avia-related-tooltip='Compartir en Twitter' rel=\"noopener\"><span class='avia_hidden_link_text'>Compartir en Twitter<\/span><\/a><\/li><li class='av-share-link av-social-link-whatsapp' ><a target=\"_blank\" aria-label=\"Compartir en Whatsapp\" href='https:\/\/api.whatsapp.com\/send?text=https:\/\/radiorevelacionfm.cl\/?p=53036' aria-hidden='false' data-av_icon='\uf232' data-av_iconfont='entypo-fontello' title='' data-avia-related-tooltip='Compartir en Whatsapp' rel=\"noopener\"><span class='avia_hidden_link_text'>Compartir en Whatsapp<\/span><\/a><\/li><li class='av-share-link av-social-link-linkedin' ><a target=\"_blank\" aria-label=\"Compartir en LinkedIn\" href='https:\/\/linkedin.com\/shareArticle?mini=true&#038;title=Municipios%20de%20la%20regi%C3%B3n%20se%20fortalecer%C3%A1n%20con%20programa%20clave%20en%20formulaci%C3%B3n%20de%20proyectos%20de%20inversi%C3%B3n&#038;url=https:\/\/radiorevelacionfm.cl\/?p=53036' aria-hidden='false' data-av_icon='\ue8fc' data-av_iconfont='entypo-fontello' title='' data-avia-related-tooltip='Compartir en LinkedIn' rel=\"noopener\"><span class='avia_hidden_link_text'>Compartir en LinkedIn<\/span><\/a><\/li><li class='av-share-link av-social-link-mail' ><a  aria-label=\"Compartir por correo\" href='mailto:?subject=Municipios%20de%20la%20regi%C3%B3n%20se%20fortalecer%C3%A1n%20con%20programa%20clave%20en%20formulaci%C3%B3n%20de%20proyectos%20de%20inversi%C3%B3n&#038;body=https:\/\/radiorevelacionfm.cl\/?p=53036' aria-hidden='false' data-av_icon='\ue805' data-av_iconfont='entypo-fontello' title='' data-avia-related-tooltip='Compartir por correo'><span class='avia_hidden_link_text'>Compartir por correo<\/span><\/a><\/li><\/ul><\/div><\/div>\n<div  style='height:50px' class='hr hr-invisible   avia-builder-el-8  el_after_av_social_share  el_before_av_comments_list '><span class='hr-inner ' ><span class='hr-inner-style'><\/span><\/span><\/div>\n<div  class='av-buildercomment  av-blog-meta-html-info-disabled av-blog-meta-tag-disabled  '><\/div>\n","protected":false},"excerpt":{"rendered":"","protected":false},"author":1,"featured_media":53037,"comment_status":"closed","ping_status":"closed","sticky":false,"template":"","format":"standard","meta":{"footnotes":""},"categories":[38],"tags":[],"class_list":["post-53036","post","type-post","status-publish","format-standard","has-post-thumbnail","hentry","category-regional"],"jetpack_featured_media_url":"https:\/\/radiorevelacionfm.cl\/wp-content\/uploads\/2025\/04\/15-14-1_optimized-1.jpg","_links":{"self":[{"href":"https:\/\/radiorevelacionfm.cl\/index.php?rest_route=\/wp\/v2\/posts\/53036","targetHints":{"allow":["GET"]}}],"collection":[{"href":"https:\/\/radiorevelacionfm.cl\/index.php?rest_route=\/wp\/v2\/posts"}],"about":[{"href":"https:\/\/radiorevelacionfm.cl\/index.php?rest_route=\/wp\/v2\/types\/post"}],"author":[{"embeddable":true,"href":"https:\/\/radiorevelacionfm.cl\/index.php?rest_route=\/wp\/v2\/users\/1"}],"replies":[{"embeddable":true,"href":"https:\/\/radiorevelacionfm.cl\/index.php?rest_route=%2Fwp%2Fv2%2Fcomments&post=53036"}],"version-history":[{"count":2,"href":"https:\/\/radiorevelacionfm.cl\/index.php?rest_route=\/wp\/v2\/posts\/53036\/revisions"}],"predecessor-version":[{"id":53148,"href":"https:\/\/radiorevelacionfm.cl\/index.php?rest_route=\/wp\/v2\/posts\/53036\/revisions\/53148"}],"wp:featuredmedia":[{"embeddable":true,"href":"https:\/\/radiorevelacionfm.cl\/index.php?rest_route=\/wp\/v2\/media\/53037"}],"wp:attachment":[{"href":"https:\/\/radiorevelacionfm.cl\/index.php?rest_route=%2Fwp%2Fv2%2Fmedia&parent=53036"}],"wp:term":[{"taxonomy":"category","embeddable":true,"href":"https:\/\/radiorevelacionfm.cl\/index.php?rest_route=%2Fwp%2Fv2%2Fcategories&post=53036"},{"taxonomy":"post_tag","embeddable":true,"href":"https:\/\/radiorevelacionfm.cl\/index.php?rest_route=%2Fwp%2Fv2%2Ftags&post=53036"}],"curies":[{"name":"wp","href":"https:\/\/api.w.org\/{rel}","templated":true}]}}