{"id":53029,"date":"2025-04-24T09:50:59","date_gmt":"2025-04-24T12:50:59","guid":{"rendered":"https:\/\/radiorevelacionfm.cl\/?p=53029"},"modified":"2025-04-24T09:50:59","modified_gmt":"2025-04-24T12:50:59","slug":"difunden-plataforma-en-la-que-profesores-deben-entregar-antecedentes-para-optar-al-pago-de-deuda-historica","status":"publish","type":"post","link":"https:\/\/radiorevelacionfm.cl\/?p=53029","title":{"rendered":"Difunden plataforma en la que profesores deben entregar antecedentes para optar al pago de Deuda Hist\u00f3rica"},"content":{"rendered":"<div class=\"flex_column av_one_full  flex_column_div av-zero-column-padding first  avia-builder-el-0  el_before_av_one_full  avia-builder-el-first  \" style='border-radius:0px; '><div  class='avia-image-container  av-styling-    avia-builder-el-1  avia-builder-el-no-sibling  avia-align-center '  itemprop=\"image\" itemscope=\"itemscope\" itemtype=\"https:\/\/schema.org\/ImageObject\"  ><div class='avia-image-container-inner'><div class='avia-image-overlay-wrap'><img decoding=\"async\" class='wp-image-53030 avia-img-lazy-loading-not-53030 avia_image' src=\"https:\/\/radiorevelacionfm.cl\/wp-content\/uploads\/2025\/04\/grupal-4-1-1.jpeg\" alt='' title='grupal (4) (1) (1)' height=\"600\" width=\"898\"  itemprop=\"thumbnailUrl\" srcset=\"https:\/\/radiorevelacionfm.cl\/wp-content\/uploads\/2025\/04\/grupal-4-1-1.jpeg 898w, https:\/\/radiorevelacionfm.cl\/wp-content\/uploads\/2025\/04\/grupal-4-1-1-300x200.jpeg 300w, https:\/\/radiorevelacionfm.cl\/wp-content\/uploads\/2025\/04\/grupal-4-1-1-768x513.jpeg 768w, https:\/\/radiorevelacionfm.cl\/wp-content\/uploads\/2025\/04\/grupal-4-1-1-705x471.jpeg 705w, https:\/\/radiorevelacionfm.cl\/wp-content\/uploads\/2025\/04\/grupal-4-1-1-450x301.jpeg 450w, https:\/\/radiorevelacionfm.cl\/wp-content\/uploads\/2025\/04\/grupal-4-1-1-600x401.jpeg 600w\" sizes=\"(max-width: 898px) 100vw, 898px\" \/><\/div><\/div><\/div><\/div><div class=\"flex_column av_one_full  flex_column_div av-zero-column-padding first  avia-builder-el-2  el_after_av_one_full  el_before_av_one_full  column-top-margin\" style='border-radius:0px; '><section class=\"av_textblock_section \"  itemscope=\"itemscope\" itemtype=\"https:\/\/schema.org\/BlogPosting\" itemprop=\"blogPost\" ><div class='avia_textblock  '   itemprop=\"text\" ><p style=\"text-align: center;\"><strong><span style=\"font-size: 18pt;\">Difunden plataforma en la que profesores deben entregar antecedentes para optar al pago de Deuda Hist\u00f3rica<\/span><\/strong><\/p>\n<div id=\"gtx-trans\" style=\"position: absolute; left: -50px; top: 4.31534px;\">\n<div class=\"gtx-trans-icon\"><\/div>\n<\/div>\n<\/div><\/section><\/div><div class=\"flex_column av_one_full  flex_column_div av-zero-column-padding first  avia-builder-el-4  el_after_av_one_full  el_before_av_hr  column-top-margin\" style='border-radius:0px; '><section class=\"av_textblock_section \"  itemscope=\"itemscope\" itemtype=\"https:\/\/schema.org\/BlogPosting\" itemprop=\"blogPost\" ><div class='avia_textblock  '   itemprop=\"text\" ><p class=\"v1MsoNormal\" style=\"text-align: justify;\"><span lang=\"ES\">El Seremi(s) de Educaci\u00f3n Claudio Rivera Zbinden y representantes del Colegio de Profesores\u00a0 y profesoras jubiladas hicieron un llamado a las y los docentes jubilados de la regi\u00f3n a ingresar sus antecedentes en la plataforma web\u00a0<\/span><a href=\"https:\/\/soluciondeudahistorica.mineduc.cl\/\" target=\"_blank\" rel=\"noopener noreferrer\"><span lang=\"ES\">https:\/\/soluciondeudahistorica.mineduc.cl\/<\/span><\/a><span lang=\"ES\">,\u00a0 y\u00a0 realicen all\u00ed los tr\u00e1mites necesarios para obtener el pago del beneficio, tanto quienes ya se encuentran en la n\u00f3mina con la que cuenta el Mineduc para identificar a las y los docentes que fueron parte del traspaso a la educaci\u00f3n municipal, como quienes no se encuentren en esa n\u00f3mina. Este proceso estar\u00e1 habilitado hasta el 31 de diciembre de 2026.<\/span><\/p>\n<p class=\"v1MsoNormal\" style=\"text-align: justify;\"><span lang=\"ES\">Lo anterior luego que, en enero de este a\u00f1o, el Gobierno promulgara la ley que entrega una soluci\u00f3n a la Deuda Hist\u00f3rica Docente, la que contempla un pago, por \u00fanica vez, de $4,5 millones a cada persona afectada, lo que beneficiar\u00eda a cerca de 57 mil docentes por la llamada Deuda Hist\u00f3rica, generada entre los a\u00f1os 1980 y 1987.<\/span><\/p>\n<p class=\"v1MsoNormal\" style=\"text-align: justify;\"><span lang=\"ES\">A partir del 31 de marzo est\u00e1 habilitada la plataforma web en\u00a0<\/span><a href=\"https:\/\/soluciondeudahistorica.mineduc.cl\/\" target=\"_blank\" rel=\"noopener noreferrer\"><span lang=\"ES\">https:\/\/soluciondeudahistorica.mineduc.cl\/<\/span><\/a><span lang=\"ES\">, para que\u00a0 tanto quienes ya se encuentran en la n\u00f3mina con la que cuenta el Mineduc para identificar a las y los docentes que fueron parte del traspaso a la educaci\u00f3n municipal, como quienes no se encuentren en esa n\u00f3mina. Este proceso estar\u00e1 habilitado hasta el 31 de diciembre de 2026.<\/span><\/p>\n<p class=\"v1MsoNormal\" style=\"text-align: justify;\"><span lang=\"ES\">En el encuentro participaron Doris Dinamarca Profesora Normalista, Aurora Alfaro, profesora jubilada y Jovita Vargas Tesorera de la directiva regional del Colegio de Profesores. Tras una conversaci\u00f3n revisaron en detalle el paso a paso para ingresar los antecedentes personales y laborales en la plataforma\u00a0<\/span><a href=\"https:\/\/soluciondeudahistorica.mineduc.cl\/\" target=\"_blank\" rel=\"noopener noreferrer\"><span lang=\"ES\">https:\/\/soluciondeudahistorica.mineduc.cl\/<\/span><\/a><span lang=\"ES\">. Posteriormente, hicieron un llamado a los beneficiarios de este aporte a ingresar sus antecedentes en los plazos establecidos.<\/span><\/p>\n<p class=\"v1MsoNormal\" style=\"text-align: justify;\"><span lang=\"ES\">Al respecto Claudio Rivera afirm\u00f3 que \u201cEstamos muy contentos como Gobierno de ir cumpliendo con el compromiso que hizo el Presidente Gabriel Boric\u201d y destac\u00f3 que la habilitaci\u00f3n de la plataforma \u201ces un paso m\u00e1s de este proceso hist\u00f3rico, que no tiene precedente, porque genera un poco \u00a0de justicia. Esperamos con esto ayudar a profesores que quiz\u00e1s lo est\u00e1n pasando mal, que tienen necesidades. Hoy junto con mostrarles a las profesoras que nos acompa\u00f1an el funcionamiento de la plataforma, les hemos pedido que nos ayuden a difundir esta informaci\u00f3n con sus pares para que el total de las y los profesores que cumplen los requisitos opten a este beneficio\u201d.<\/span><\/p>\n<p class=\"v1MsoNormal\" style=\"text-align: justify;\"><span lang=\"ES\">Por su parte, Doris Dinamarca se\u00f1al\u00f3: \u201cEs una plataforma muy amigable y adem\u00e1s hay apoyos comprometidos de instituciones del Estado para facilitar la entrega de antecedentes a trav\u00e9s de ella. Invito a las y los colegas a ingresar a la plataforma y a concurrir a las oficinas de la SECREDUC para cumplir con este proceso y obtener este beneficio que nos merecemos las y los profesores de Chile\u201d.<\/span><\/p>\n<p class=\"v1MsoNormal\" style=\"text-align: justify;\"><span lang=\"ES\">En esa misma l\u00ednea Jovita Vargas se\u00f1al\u00f3 que \u201cTodas las filiales del Colegio de Profesores en el pa\u00eds se han colocado en disposici\u00f3n de apoyar este proceso. Por lo tanto invitamos a las y los profesores que no son muy cercanos a las plataformas digitales y\u00a0 necesitan entregar sus antecedentes a trav\u00e9s de la plataforma a acercarse al Colegio de Profesores\u00a0 donde hay personas que los apoyar\u00e1n con este importante tr\u00e1mite\u201d.<\/span><\/p>\n<p class=\"v1MsoNormal\" style=\"text-align: justify;\"><span lang=\"ES\">Este proceso estar\u00e1 habilitado para todas las y los docentes, independiente de su edad, e independiente de si se encuentran o no en la n\u00f3mina de la que ya dispone el Ministerio de Educaci\u00f3n con los docentes ya identificados como parte del traspaso a la educaci\u00f3n municipal.<\/span><\/p>\n<p class=\"v1MsoNormal\" style=\"text-align: justify;\"><span lang=\"ES\">Para realizar el pago se dividir\u00e1 a las y los docentes en seis grupos (ver tabla abajo), en consideraci\u00f3n a los cupos disponibles por a\u00f1o, priorizados seg\u00fan criterio de edad, comenzando con las personas de mayor edad a las de menor edad. Cada grupo recibir\u00e1 su pago en dos cuotas, en octubre del a\u00f1o asignado y en enero del a\u00f1o siguiente. Por ejemplo, el grupo de este a\u00f1o se le pagar\u00e1 su primera cuota en octubre de 2025 y la segunda en enero de 2026.<\/span><\/p>\n<p class=\"v1MsoNormal\" style=\"text-align: justify;\"><span lang=\"ES\">Para definir las y los docentes que tendr\u00e1n su pago el 2025, el Mineduc dispuso que el 15 de junio de este a\u00f1o ser\u00e1 la fecha de corte<b>.\u00a0<\/b>Esto implica que las personas que entreguen sus antecedentes posterior a esa fecha, no podr\u00e1n optar al pago durante este a\u00f1o, aun cuando hacerlo previo a ese plazo no garantiza ser beneficiario durante 2025, dado que los 15.560 cupos disponibles de este a\u00f1o se asignar\u00e1n a las personas de mayor edad, de entre quienes cumplan con los requisitos durante este plazo.<\/span><\/p>\n<p class=\"v1MsoNormal\" style=\"text-align: justify;\"><span lang=\"ES\">El aporte ser\u00e1 transmisible por causa de muerte si\u00a0<a name=\"v1_Int_KTt3Ep13\"><\/a>el\u00a0o la docente fallece entre la fecha en que presente la totalidad de los antecedentes que permitan dar cuenta que cumple con todos los requisitos exigidos por la Ley para obtener el aporte, y antes de percibirlo \u00edntegramente.<\/span><\/p>\n<p class=\"v1MsoNormal\" style=\"text-align: justify;\"><b><u><span lang=\"ES\">INGRESO A LA PLATAFORMA:<\/span><\/u><\/b><\/p>\n<p class=\"v1MsoNormal\" style=\"text-align: justify;\"><span lang=\"ES\">\u00a0<\/span><span lang=\"ES\">Para ingresar sus antecedentes a la plataforma, las y los profesores deben tener:<\/span><\/p>\n<ul style=\"text-align: justify;\" type=\"disc\">\n<li class=\"v1MsoNormal\"><span lang=\"ES\">La Clave \u00danica que entrega el Registro Civil.<\/span><\/li>\n<li class=\"v1MsoNormal\"><span lang=\"ES\">Un correo electr\u00f3nico de acceso permanente, a trav\u00e9s del cual el Mineduc enviar\u00e1 informaci\u00f3n sobre el avance del proceso.<\/span><\/li>\n<\/ul>\n<p class=\"v1MsoNormal\" style=\"text-align: justify;\"><b><u><span lang=\"ES\">DOCUMENTOS QUE DEBEN PRESENTAR TODOS LOS DOCENTES:<\/span><\/u><\/b><\/p>\n<p class=\"v1MsoNormal\" style=\"text-align: justify;\"><span lang=\"ES\">Una vez que los docentes ingresen a la plataforma deber\u00e1n cumplir con los siguientes tr\u00e1mites y plazos, seg\u00fan el caso en que se encuentren:<\/span><\/p>\n<ol style=\"text-align: justify;\" start=\"1\" type=\"1\">\n<li class=\"v1MsoNormal\"><span lang=\"ES\">Aceptar la declaraci\u00f3n jurada que indique no haber recibido el pago de la asignaci\u00f3n que gener\u00f3 la deuda hist\u00f3rica.<\/span><\/li>\n<li class=\"v1MsoNormal\">Aceptar la declaraci\u00f3n jurada simple en que se indique la inexistencia de alguna demanda judicial en curso. En el caso de existir un juicio o reclamaci\u00f3n administrativa pendiente, podr\u00e1 adjuntar la copia de solicitud de desistimiento al tribunal respectivo, pero el pago solo se podr\u00e1 realizar cuando obtenga del tribunal la certificaci\u00f3n de que se encuentra firme y ejecutoriado el desistimiento total de las acciones, el que podr\u00e1 presentar\u00a0<b>hasta la fecha de corte para la entrega de informaci\u00f3n que permita ser considerado en el \u00faltimo per\u00edodo de pago (15 de junio de 2030).<\/b><\/li>\n<li class=\"v1MsoNormal\"><span lang=\"ES\">Aceptar la declaraci\u00f3n jurada de desistimiento de acciones judiciales futuras.<\/span><\/li>\n<\/ol>\n<p class=\"v1MsoNormal\" style=\"text-align: justify;\"><span lang=\"ES\">Estas declaraciones tendr\u00e1n un formato est\u00e1ndar y deber\u00e1n ser aceptadas en la misma plataforma. Una vez que ingresen los antecedentes, los docentes recibir\u00e1n en su correo electr\u00f3nico un\u00a0<b>certificado de finalizaci\u00f3n de la solicitud<\/b>.<\/span><\/p>\n<p class=\"v1MsoNormal\" style=\"text-align: justify;\"><b><u><span lang=\"ES\">DOCUMENTOS QUE DEBEN PRESENTAR QUIENES NO EST\u00c9N EN EL LISTADO DE DOCENTES TRASPASADOS DEL MINEDUC:<\/span><\/u><\/b><\/p>\n<p class=\"v1MsoNormal\" style=\"text-align: justify;\"><span lang=\"ES\">Aquellos docentes afectados que no sean parte del registro de docentes traspasados del Mineduc, adem\u00e1s de cumplir con los tr\u00e1mites anteriormente descritos, tendr\u00e1n que subir a la plataforma, en el formato y tama\u00f1o que ah\u00ed se indica, los antecedentes que tengan disponibles que permitan determinar que fueron parte del proceso de traspaso de las escuelas p\u00fablicas a la administraci\u00f3n municipal, en el per\u00edodo 1980-1987.<\/span><\/p>\n<p class=\"v1MsoNormal\" style=\"text-align: justify;\"><span lang=\"ES\">El Ministerio de Educaci\u00f3n, de todos modos, revisar\u00e1 en todas estas postulaciones su registro hist\u00f3rico de funcionarios, para realizar esta determinaci\u00f3n, por lo que contar con este tipo de antecedentes no es requisito para realizar esta postulaci\u00f3n.<\/span><\/p>\n<p class=\"v1MsoNormal\" style=\"text-align: justify;\"><b><u><span lang=\"ES\">PLAZOS DEL PAGO Y CUPOS<\/span><\/u><\/b><\/p>\n<p class=\"v1MsoNormal\" style=\"text-align: justify;\"><span lang=\"ES\">Los docentes tendr\u00e1n hasta el 31 de diciembre de 2026 para hacer entrega de la informaci\u00f3n requerida en la plataforma\u00a0<\/span><a href=\"https:\/\/soluciondeudahistorica.mineduc.cl\/\" target=\"_blank\" rel=\"noopener noreferrer\"><span lang=\"ES\">https:\/\/soluciondeudahistorica.mineduc.cl\/<\/span><\/a><span lang=\"ES\">: aportar su manifestaci\u00f3n de voluntad, presentar sus antecedentes y suscribir las declaraciones juradas.<\/span><\/p>\n<p class=\"v1MsoNormal\" style=\"text-align: justify;\"><span lang=\"ES\">Para el proceso de pago 2025, la fecha de corte para la entrega de los antecedentes requeridos es el 15 de junio de este a\u00f1o. Considerando quienes hayan entregado la informaci\u00f3n hasta dicha fecha, y en los casos de quienes cumplan con todos los requisitos, el Mineduc definir\u00e1 al primer grupo de pago, que ser\u00e1 de 15.560 docentes, los que se seleccionar\u00e1n considerando a los de mayor edad, de entre quienes queden habilitados como beneficiarios para recibir el pago.<\/span><\/p>\n<table class=\"v1Tablaconcuadrcula1\" border=\"1\" cellspacing=\"0\" cellpadding=\"0\">\n<tbody>\n<tr>\n<td valign=\"top\" width=\"158\">\n<p class=\"v1MsoNormal\"><span lang=\"ES\">Desde el 31 de marzo de 2025 hasta el 31 de diciembre de 2026<\/span><\/p>\n<\/td>\n<td valign=\"top\" width=\"443\">\n<p class=\"v1MsoNormal\"><span lang=\"ES\">Plazo para entregar su manifestaci\u00f3n de voluntad, presentar sus antecedentes y firmar las declaraciones en la plataforma\u00a0<b>soluciondeudahistorica.mineduc.cl<\/b><\/span><\/p>\n<\/td>\n<\/tr>\n<tr>\n<td valign=\"top\" width=\"158\">\n<p class=\"v1MsoNormal\"><span lang=\"ES\">15 de junio de 2025<\/span><\/p>\n<\/td>\n<td valign=\"top\" width=\"443\">\n<p class=\"v1MsoNormal\"><span lang=\"ES\">Fecha de corte de entrega de informaci\u00f3n por parte de docentes que puedan ser parte del proceso de pago 2025<\/span><\/p>\n<\/td>\n<\/tr>\n<tr>\n<td valign=\"top\" width=\"158\">\n<p class=\"v1MsoNormal\"><span lang=\"ES\">Octubre de 2025<\/span><\/p>\n<\/td>\n<td valign=\"top\" width=\"443\">\n<p class=\"v1MsoNormal\"><span lang=\"ES\">Pago de la primera cuota al primer grupo de pago por parte de la Tesorer\u00eda General de la Rep\u00fablica.<\/span><\/p>\n<\/td>\n<\/tr>\n<tr>\n<td valign=\"top\" width=\"158\">\n<p class=\"v1MsoNormal\"><span lang=\"ES\">Enero de 2026<\/span><\/p>\n<\/td>\n<td valign=\"top\" width=\"443\">\n<p class=\"v1MsoNormal\"><span lang=\"ES\">Pago de la segunda cuota al primer grupo de pago por parte de la Tesorer\u00eda General de la Rep\u00fablica<\/span><\/p>\n<\/td>\n<\/tr>\n<\/tbody>\n<\/table>\n<p class=\"v1MsoNormal\" style=\"text-align: justify;\"><span lang=\"ES\">Los cupos por cada a\u00f1o ser\u00e1n los siguientes, los que podr\u00e1n variar dependiendo de los antecedentes recibidos por el Mineduc:<\/span><\/p>\n<div style=\"text-align: justify;\" align=\"center\">\n<table class=\"v1Tablaconcuadrcula1\" border=\"1\" cellspacing=\"0\" cellpadding=\"0\">\n<tbody>\n<tr>\n<td rowspan=\"2\" width=\"141\">\n<p class=\"v1MsoNormal\" align=\"center\"><b><span lang=\"ES\">Periodos de pago<\/span><\/b><\/p>\n<p class=\"v1MsoNormal\" align=\"center\">\n<\/td>\n<td colspan=\"2\" valign=\"top\" width=\"169\">\n<p class=\"v1MsoNormal\" align=\"center\"><b><span lang=\"ES\">Fechas de pago<\/span><\/b><\/p>\n<\/td>\n<td rowspan=\"2\" width=\"217\">\n<p class=\"v1MsoNormal\" align=\"center\"><b><span lang=\"ES\">Cupos para profesionales de la educaci\u00f3n\u00a0<\/span><\/b><span lang=\"ES\">\u00a0<\/span><\/p>\n<p class=\"v1MsoNormal\" align=\"center\"><b><span lang=\"ES\">\u00a0<\/span><\/b><\/p>\n<\/td>\n<\/tr>\n<tr>\n<td valign=\"top\" width=\"85\">\n<p class=\"v1MsoNormal\" align=\"center\"><b><span lang=\"ES\">Cuota 1<\/span><\/b><\/p>\n<\/td>\n<td valign=\"top\" width=\"85\">\n<p class=\"v1MsoNormal\" align=\"center\"><b><span lang=\"ES\">Cuota 2<\/span><\/b><\/p>\n<\/td>\n<\/tr>\n<tr>\n<td valign=\"top\" width=\"141\">\n<p class=\"v1MsoNormal\" align=\"center\"><span lang=\"ES\">A\u00f1o 1 &#8211; 2025<\/span><\/p>\n<\/td>\n<td valign=\"top\" width=\"85\">\n<p class=\"v1MsoNormal\" align=\"center\"><span lang=\"ES\">Octubre 2025<\/span><\/p>\n<\/td>\n<td valign=\"top\" width=\"85\">\n<p class=\"v1MsoNormal\" align=\"center\"><span lang=\"ES\">Enero 2026<\/span><\/p>\n<\/td>\n<td valign=\"top\" width=\"217\">\n<p class=\"v1MsoNormal\" align=\"center\"><span lang=\"ES\">15.560<\/span><\/p>\n<\/td>\n<\/tr>\n<tr>\n<td valign=\"top\" width=\"141\">\n<p class=\"v1MsoNormal\" align=\"center\"><span lang=\"ES\">A\u00f1o 2 &#8211; 2026<\/span><\/p>\n<\/td>\n<td valign=\"top\" width=\"85\">\n<p class=\"v1MsoNormal\" align=\"center\"><span lang=\"ES\">Octubre 2026<\/span><\/p>\n<\/td>\n<td valign=\"top\" width=\"85\">\n<p class=\"v1MsoNormal\" align=\"center\"><span lang=\"ES\">Enero 2027<\/span><\/p>\n<\/td>\n<td valign=\"top\" width=\"217\">\n<p class=\"v1MsoNormal\" align=\"center\"><span lang=\"ES\">6.300<\/span><\/p>\n<\/td>\n<\/tr>\n<tr>\n<td valign=\"top\" width=\"141\">\n<p class=\"v1MsoNormal\" align=\"center\"><span lang=\"ES\">A\u00f1o 3 &#8211; 2027<\/span><\/p>\n<\/td>\n<td valign=\"top\" width=\"85\">\n<p class=\"v1MsoNormal\" align=\"center\"><span lang=\"ES\">Octubre 2027<\/span><\/p>\n<\/td>\n<td valign=\"top\" width=\"85\">\n<p class=\"v1MsoNormal\" align=\"center\"><span lang=\"ES\">Enero 2028<\/span><\/p>\n<\/td>\n<td valign=\"top\" width=\"217\">\n<p class=\"v1MsoNormal\" align=\"center\"><span lang=\"ES\">6.000<\/span><\/p>\n<\/td>\n<\/tr>\n<tr>\n<td valign=\"top\" width=\"141\">\n<p class=\"v1MsoNormal\" align=\"center\"><span lang=\"ES\">A\u00f1o 4 &#8211; 2028<\/span><\/p>\n<\/td>\n<td valign=\"top\" width=\"85\">\n<p class=\"v1MsoNormal\" align=\"center\"><span lang=\"ES\">Octubre 2028<\/span><\/p>\n<\/td>\n<td valign=\"top\" width=\"85\">\n<p class=\"v1MsoNormal\" align=\"center\"><span lang=\"ES\">Enero 2029<\/span><\/p>\n<\/td>\n<td valign=\"top\" width=\"217\">\n<p class=\"v1MsoNormal\" align=\"center\"><span lang=\"ES\">7.500<\/span><\/p>\n<\/td>\n<\/tr>\n<tr>\n<td valign=\"top\" width=\"141\">\n<p class=\"v1MsoNormal\" align=\"center\"><span lang=\"ES\">A\u00f1o 5 &#8211; 2029<\/span><\/p>\n<\/td>\n<td valign=\"top\" width=\"85\">\n<p class=\"v1MsoNormal\" align=\"center\"><span lang=\"ES\">Octubre 2029<\/span><\/p>\n<\/td>\n<td valign=\"top\" width=\"85\">\n<p class=\"v1MsoNormal\" align=\"center\"><span lang=\"ES\">Enero 2030<\/span><\/p>\n<\/td>\n<td valign=\"top\" width=\"217\">\n<p class=\"v1MsoNormal\" align=\"center\"><span lang=\"ES\">6.800<\/span><\/p>\n<\/td>\n<\/tr>\n<tr>\n<td valign=\"top\" width=\"141\">\n<p class=\"v1MsoNormal\" align=\"center\"><span lang=\"ES\">A\u00f1o 6 &#8211; 2030<\/span><\/p>\n<\/td>\n<td valign=\"top\" width=\"85\">\n<p class=\"v1MsoNormal\" align=\"center\"><span lang=\"ES\">Octubre 2030<\/span><\/p>\n<\/td>\n<td valign=\"top\" width=\"85\">\n<p class=\"v1MsoNormal\" align=\"center\"><span lang=\"ES\">Enero 2031<\/span><\/p>\n<\/td>\n<td valign=\"top\" width=\"217\">\n<p class=\"v1MsoNormal\" align=\"center\"><span lang=\"ES\">15.400<\/span><\/p>\n<\/td>\n<\/tr>\n<tr>\n<td valign=\"top\" width=\"141\">\n<p class=\"v1MsoNormal\" align=\"center\"><b><span lang=\"ES\">Total<\/span><\/b><\/p>\n<\/td>\n<td valign=\"top\" width=\"85\">\n<p class=\"v1MsoNormal\" align=\"center\">\n<\/td>\n<td valign=\"top\" width=\"85\">\n<p class=\"v1MsoNormal\" align=\"center\"><b><span lang=\"ES\">\u00a0<\/span><\/b><\/p>\n<\/td>\n<td valign=\"top\" width=\"217\">\n<p class=\"v1MsoNormal\" align=\"center\"><b><span lang=\"ES\">57.560<\/span><\/b><\/p>\n<\/td>\n<\/tr>\n<\/tbody>\n<\/table>\n<\/div>\n<p class=\"v1MsoNormal\" style=\"text-align: justify;\"><b><span lang=\"ES\">Revisar preguntas frecuentes en:<\/span><\/b><span lang=\"ES\">\u00a0<\/span><a href=\"https:\/\/soluciondeudahistorica.mineduc.cl\/preguntas-respuestas.html\" target=\"_blank\" rel=\"noopener noreferrer\"><span lang=\"ES\">https:\/\/soluciondeudahistorica.mineduc.cl\/preguntas-respuestas.html<\/span><\/a><\/p>\n<\/div><\/section><\/div><div  style='height:50px' class='hr hr-invisible   avia-builder-el-6  el_after_av_one_full  el_before_av_social_share '><span class='hr-inner ' ><span class='hr-inner-style'><\/span><\/span><\/div><\/p>\n<div  class='av-social-sharing-box  avia-builder-el-7  el_after_av_hr  el_before_av_hr  '><div class='av-share-box'><h5 class='av-share-link-description av-no-toc '>Compartir esta noticia<\/h5><ul class='av-share-box-list noLightbox'><li class='av-share-link av-social-link-facebook' ><a target=\"_blank\" aria-label=\"Compartir en Facebook\" href='https:\/\/www.facebook.com\/sharer.php?u=https:\/\/radiorevelacionfm.cl\/?p=53029&#038;t=Difunden%20plataforma%20en%20la%20que%20profesores%20deben%20entregar%20antecedentes%20para%20optar%20al%20pago%20de%20Deuda%20Hist%C3%B3rica' aria-hidden='false' data-av_icon='\ue8f3' data-av_iconfont='entypo-fontello' title='' data-avia-related-tooltip='Compartir en Facebook' rel=\"noopener\"><span class='avia_hidden_link_text'>Compartir en Facebook<\/span><\/a><\/li><li class='av-share-link av-social-link-twitter' ><a target=\"_blank\" aria-label=\"Compartir en Twitter\" href='https:\/\/twitter.com\/share?text=Difunden%20plataforma%20en%20la%20que%20profesores%20deben%20entregar%20antecedentes%20para%20optar%20al%20pago%20de%20Deuda%20Hist%C3%B3rica&#038;url=https:\/\/radiorevelacionfm.cl\/?p=53029' aria-hidden='false' data-av_icon='\ue8f1' data-av_iconfont='entypo-fontello' title='' data-avia-related-tooltip='Compartir en Twitter' rel=\"noopener\"><span class='avia_hidden_link_text'>Compartir en Twitter<\/span><\/a><\/li><li class='av-share-link av-social-link-whatsapp' ><a target=\"_blank\" aria-label=\"Compartir en Whatsapp\" href='https:\/\/api.whatsapp.com\/send?text=https:\/\/radiorevelacionfm.cl\/?p=53029' aria-hidden='false' data-av_icon='\uf232' data-av_iconfont='entypo-fontello' title='' data-avia-related-tooltip='Compartir en Whatsapp' rel=\"noopener\"><span class='avia_hidden_link_text'>Compartir en Whatsapp<\/span><\/a><\/li><li class='av-share-link av-social-link-linkedin' ><a target=\"_blank\" aria-label=\"Compartir en LinkedIn\" href='https:\/\/linkedin.com\/shareArticle?mini=true&#038;title=Difunden%20plataforma%20en%20la%20que%20profesores%20deben%20entregar%20antecedentes%20para%20optar%20al%20pago%20de%20Deuda%20Hist%C3%B3rica&#038;url=https:\/\/radiorevelacionfm.cl\/?p=53029' aria-hidden='false' data-av_icon='\ue8fc' data-av_iconfont='entypo-fontello' title='' data-avia-related-tooltip='Compartir en LinkedIn' rel=\"noopener\"><span class='avia_hidden_link_text'>Compartir en LinkedIn<\/span><\/a><\/li><li class='av-share-link av-social-link-mail' ><a  aria-label=\"Compartir por correo\" href='mailto:?subject=Difunden%20plataforma%20en%20la%20que%20profesores%20deben%20entregar%20antecedentes%20para%20optar%20al%20pago%20de%20Deuda%20Hist%C3%B3rica&#038;body=https:\/\/radiorevelacionfm.cl\/?p=53029' aria-hidden='false' data-av_icon='\ue805' data-av_iconfont='entypo-fontello' title='' data-avia-related-tooltip='Compartir por correo'><span class='avia_hidden_link_text'>Compartir por correo<\/span><\/a><\/li><\/ul><\/div><\/div>\n<div  style='height:50px' class='hr hr-invisible   avia-builder-el-8  el_after_av_social_share  el_before_av_comments_list '><span class='hr-inner ' ><span class='hr-inner-style'><\/span><\/span><\/div>\n<div  class='av-buildercomment  av-blog-meta-html-info-disabled av-blog-meta-tag-disabled  '><\/div>\n","protected":false},"excerpt":{"rendered":"","protected":false},"author":1,"featured_media":53030,"comment_status":"closed","ping_status":"closed","sticky":false,"template":"","format":"standard","meta":{"footnotes":""},"categories":[49],"tags":[],"class_list":["post-53029","post","type-post","status-publish","format-standard","has-post-thumbnail","hentry","category-educacion"],"jetpack_featured_media_url":"https:\/\/radiorevelacionfm.cl\/wp-content\/uploads\/2025\/04\/grupal-4-1-1.jpeg","_links":{"self":[{"href":"https:\/\/radiorevelacionfm.cl\/index.php?rest_route=\/wp\/v2\/posts\/53029","targetHints":{"allow":["GET"]}}],"collection":[{"href":"https:\/\/radiorevelacionfm.cl\/index.php?rest_route=\/wp\/v2\/posts"}],"about":[{"href":"https:\/\/radiorevelacionfm.cl\/index.php?rest_route=\/wp\/v2\/types\/post"}],"author":[{"embeddable":true,"href":"https:\/\/radiorevelacionfm.cl\/index.php?rest_route=\/wp\/v2\/users\/1"}],"replies":[{"embeddable":true,"href":"https:\/\/radiorevelacionfm.cl\/index.php?rest_route=%2Fwp%2Fv2%2Fcomments&post=53029"}],"version-history":[{"count":2,"href":"https:\/\/radiorevelacionfm.cl\/index.php?rest_route=\/wp\/v2\/posts\/53029\/revisions"}],"predecessor-version":[{"id":53046,"href":"https:\/\/radiorevelacionfm.cl\/index.php?rest_route=\/wp\/v2\/posts\/53029\/revisions\/53046"}],"wp:featuredmedia":[{"embeddable":true,"href":"https:\/\/radiorevelacionfm.cl\/index.php?rest_route=\/wp\/v2\/media\/53030"}],"wp:attachment":[{"href":"https:\/\/radiorevelacionfm.cl\/index.php?rest_route=%2Fwp%2Fv2%2Fmedia&parent=53029"}],"wp:term":[{"taxonomy":"category","embeddable":true,"href":"https:\/\/radiorevelacionfm.cl\/index.php?rest_route=%2Fwp%2Fv2%2Fcategories&post=53029"},{"taxonomy":"post_tag","embeddable":true,"href":"https:\/\/radiorevelacionfm.cl\/index.php?rest_route=%2Fwp%2Fv2%2Ftags&post=53029"}],"curies":[{"name":"wp","href":"https:\/\/api.w.org\/{rel}","templated":true}]}}