{"id":53025,"date":"2025-04-24T09:44:16","date_gmt":"2025-04-24T12:44:16","guid":{"rendered":"https:\/\/radiorevelacionfm.cl\/?p=53025"},"modified":"2025-04-24T09:44:16","modified_gmt":"2025-04-24T12:44:16","slug":"en-su-visita-a-la-region-de-aysen-directora-nacional-inauguro-dependencias-del-centro-de-reinsercion-juvenil","status":"publish","type":"post","link":"https:\/\/radiorevelacionfm.cl\/?p=53025","title":{"rendered":"En su visita a la regi\u00f3n de Ays\u00e9n Directora Nacional inaugur\u00f3 dependencias del Centro de Reinserci\u00f3n Juvenil"},"content":{"rendered":"<div class=\"flex_column av_one_full  flex_column_div av-zero-column-padding first  avia-builder-el-0  el_before_av_one_full  avia-builder-el-first  \" style='border-radius:0px; '><div  class='avia-image-container  av-styling-    avia-builder-el-1  avia-builder-el-no-sibling  avia-align-center '  itemprop=\"image\" itemscope=\"itemscope\" itemtype=\"https:\/\/schema.org\/ImageObject\"  ><div class='avia-image-container-inner'><div class='avia-image-overlay-wrap'><img decoding=\"async\" class='wp-image-53026 avia-img-lazy-loading-not-53026 avia_image' src=\"https:\/\/radiorevelacionfm.cl\/wp-content\/uploads\/2025\/04\/inauguraciOn-centro-1_optimized-1.jpg\" alt='' title='inauguraci\u00d3n-centro-(1)_optimized (1)' height=\"600\" width=\"883\"  itemprop=\"thumbnailUrl\" srcset=\"https:\/\/radiorevelacionfm.cl\/wp-content\/uploads\/2025\/04\/inauguraciOn-centro-1_optimized-1.jpg 883w, https:\/\/radiorevelacionfm.cl\/wp-content\/uploads\/2025\/04\/inauguraciOn-centro-1_optimized-1-300x204.jpg 300w, https:\/\/radiorevelacionfm.cl\/wp-content\/uploads\/2025\/04\/inauguraciOn-centro-1_optimized-1-768x522.jpg 768w, https:\/\/radiorevelacionfm.cl\/wp-content\/uploads\/2025\/04\/inauguraciOn-centro-1_optimized-1-705x479.jpg 705w, https:\/\/radiorevelacionfm.cl\/wp-content\/uploads\/2025\/04\/inauguraciOn-centro-1_optimized-1-450x306.jpg 450w, https:\/\/radiorevelacionfm.cl\/wp-content\/uploads\/2025\/04\/inauguraciOn-centro-1_optimized-1-600x408.jpg 600w\" sizes=\"(max-width: 883px) 100vw, 883px\" \/><\/div><\/div><\/div><\/div><div class=\"flex_column av_one_full  flex_column_div av-zero-column-padding first  avia-builder-el-2  el_after_av_one_full  el_before_av_one_full  column-top-margin\" style='border-radius:0px; '><section class=\"av_textblock_section \"  itemscope=\"itemscope\" itemtype=\"https:\/\/schema.org\/BlogPosting\" itemprop=\"blogPost\" ><div class='avia_textblock  '   itemprop=\"text\" ><p style=\"text-align: center;\"><strong><span style=\"font-size: 18pt;\">En su visita a la regi\u00f3n de Ays\u00e9n Directora Nacional inaugur\u00f3 dependencias del Centro de Reinserci\u00f3n Juvenil<\/span><\/strong><\/p>\n<div id=\"gtx-trans\" style=\"position: absolute; left: -50px; top: 4.31534px;\">\n<div class=\"gtx-trans-icon\"><\/div>\n<\/div>\n<\/div><\/section><\/div><div class=\"flex_column av_one_full  flex_column_div av-zero-column-padding first  avia-builder-el-4  el_after_av_one_full  el_before_av_hr  column-top-margin\" style='border-radius:0px; '><section class=\"av_textblock_section \"  itemscope=\"itemscope\" itemtype=\"https:\/\/schema.org\/BlogPosting\" itemprop=\"blogPost\" ><div class='avia_textblock  '   itemprop=\"text\" ><p style=\"text-align: justify;\">En el marco de su visita a la Regi\u00f3n de Ays\u00e9n, la directora nacional del Servicio Nacional de Reinserci\u00f3n Social Juvenil, Roc\u00edo Fa\u00fandez, encabez\u00f3 la inauguraci\u00f3n del nuevo centro destinado al cumplimiento de sanciones como Libertad Asistida Simple (LAS) y Libertad Asistida Especial (LAE), orientadas a j\u00f3venes infractores de ley, en proceso de reinserci\u00f3n.<\/p>\n<p style=\"text-align: justify;\">Este centro, administrado por Corporaci\u00f3n Opci\u00f3n, organismo acreditado, cuenta con la infraestructura adecuada para ofrecer una intervenci\u00f3n de calidad.<\/p>\n<p style=\"text-align: justify;\">Roc\u00edo Fa\u00fandez, destac\u00f3 que \u201cInaugurar este nuevo espacio, es la representaci\u00f3n f\u00edsica de los avances en el cambio del sistema de justicia juvenil en Chile, especialmente en el trabajo de la Corporaci\u00f3n Opci\u00f3n, ya que es la materializaci\u00f3n del cambio, no solo de un\u00a0 modelo de financiamiento, pasando de subvenciones a compra p\u00fablica, sino que esto permite centrarse en la calidad del trabajo t\u00e9cnico y el compromiso para con los j\u00f3venes, considerando que casi el 80% de ellos se encuentran cumpliendo sanciones o medidas en libertad y necesitan apoyo especializado para lograr una reinserci\u00f3n efectiva\u201d.<\/p>\n<p style=\"text-align: justify;\">En la actualidad, el n\u00famero de usuarios que se atienden en este espacio son 30 adolescentes y j\u00f3venes a nivel regional, proveniente de las localidades de Chile Chico, Cochrane, La Junta, Puerto Ays\u00e9n y Coyhaique.<\/p>\n<p style=\"text-align: justify;\">Andr\u00e9 Briand, director del centro, se\u00f1al\u00f3 que \u201cpara que dar respuesta a las demandas de las y los usuarios y, reconstruir el v\u00ednculo con su comunidad, ser\u00e1 clave el trabajo activo con el intersector\u201d. Relev\u00f3, adem\u00e1s, el modelo de intervenci\u00f3n especializado. \u201cEsto permite la incorporaci\u00f3n de profesionales espec\u00edficos, generales, sus supervisores cl\u00ednicos, gestores de caso, entre otros, permitiendo entregar una atenci\u00f3n e intervenci\u00f3n altamente especializada de acuerdo con los est\u00e1ndares del Servicio de Reinserci\u00f3n Juvenil.<\/p>\n<p style=\"text-align: justify;\">El director regional, Israel Villavicencio, destac\u00f3 que \u201ccontar con este inmueble refuerza el compromiso del servicio de mejorar continuamente las condiciones en que las y los j\u00f3venes son atendidos en su proceso de volver a insertarse en la comunidad\u201d.<\/p>\n<p style=\"text-align: justify;\">Este nuevo centro de cumplimiento cuenta con espacios distribuidos en 2 salas de atenci\u00f3n, sala de direcci\u00f3n, oficinas para profesionales, sala de espera, adem\u00e1s de espacios de uso com\u00fan. El equipo t\u00e9cnico est\u00e1 conformado por profesionales de \u00e1reas de trabajo social, psic\u00f3logo, terapeuta ocupacional, profesora y psicopedagoga.<\/p>\n<\/div><\/section><\/div><div  style='height:50px' class='hr hr-invisible   avia-builder-el-6  el_after_av_one_full  el_before_av_social_share '><span class='hr-inner ' ><span class='hr-inner-style'><\/span><\/span><\/div><\/p>\n<div  class='av-social-sharing-box  avia-builder-el-7  el_after_av_hr  el_before_av_hr  '><div class='av-share-box'><h5 class='av-share-link-description av-no-toc '>Compartir esta noticia<\/h5><ul class='av-share-box-list noLightbox'><li class='av-share-link av-social-link-facebook' ><a target=\"_blank\" aria-label=\"Compartir en Facebook\" href='https:\/\/www.facebook.com\/sharer.php?u=https:\/\/radiorevelacionfm.cl\/?p=53025&#038;t=En%20su%20visita%20a%20la%20regi%C3%B3n%20de%20Ays%C3%A9n%20Directora%20Nacional%20inaugur%C3%B3%20dependencias%20del%20Centro%20de%20Reinserci%C3%B3n%20Juvenil' aria-hidden='false' data-av_icon='\ue8f3' data-av_iconfont='entypo-fontello' title='' data-avia-related-tooltip='Compartir en Facebook' rel=\"noopener\"><span class='avia_hidden_link_text'>Compartir en Facebook<\/span><\/a><\/li><li class='av-share-link av-social-link-twitter' ><a target=\"_blank\" aria-label=\"Compartir en Twitter\" href='https:\/\/twitter.com\/share?text=En%20su%20visita%20a%20la%20regi%C3%B3n%20de%20Ays%C3%A9n%20Directora%20Nacional%20inaugur%C3%B3%20dependencias%20del%20Centro%20de%20Reinserci%C3%B3n%20Juvenil&#038;url=https:\/\/radiorevelacionfm.cl\/?p=53025' aria-hidden='false' data-av_icon='\ue8f1' data-av_iconfont='entypo-fontello' title='' data-avia-related-tooltip='Compartir en Twitter' rel=\"noopener\"><span class='avia_hidden_link_text'>Compartir en Twitter<\/span><\/a><\/li><li class='av-share-link av-social-link-whatsapp' ><a target=\"_blank\" aria-label=\"Compartir en Whatsapp\" href='https:\/\/api.whatsapp.com\/send?text=https:\/\/radiorevelacionfm.cl\/?p=53025' aria-hidden='false' data-av_icon='\uf232' data-av_iconfont='entypo-fontello' title='' data-avia-related-tooltip='Compartir en Whatsapp' rel=\"noopener\"><span class='avia_hidden_link_text'>Compartir en Whatsapp<\/span><\/a><\/li><li class='av-share-link av-social-link-linkedin' ><a target=\"_blank\" aria-label=\"Compartir en LinkedIn\" href='https:\/\/linkedin.com\/shareArticle?mini=true&#038;title=En%20su%20visita%20a%20la%20regi%C3%B3n%20de%20Ays%C3%A9n%20Directora%20Nacional%20inaugur%C3%B3%20dependencias%20del%20Centro%20de%20Reinserci%C3%B3n%20Juvenil&#038;url=https:\/\/radiorevelacionfm.cl\/?p=53025' aria-hidden='false' data-av_icon='\ue8fc' data-av_iconfont='entypo-fontello' title='' data-avia-related-tooltip='Compartir en LinkedIn' rel=\"noopener\"><span class='avia_hidden_link_text'>Compartir en LinkedIn<\/span><\/a><\/li><li class='av-share-link av-social-link-mail' ><a  aria-label=\"Compartir por correo\" href='mailto:?subject=En%20su%20visita%20a%20la%20regi%C3%B3n%20de%20Ays%C3%A9n%20Directora%20Nacional%20inaugur%C3%B3%20dependencias%20del%20Centro%20de%20Reinserci%C3%B3n%20Juvenil&#038;body=https:\/\/radiorevelacionfm.cl\/?p=53025' aria-hidden='false' data-av_icon='\ue805' data-av_iconfont='entypo-fontello' title='' data-avia-related-tooltip='Compartir por correo'><span class='avia_hidden_link_text'>Compartir por correo<\/span><\/a><\/li><\/ul><\/div><\/div>\n<div  style='height:50px' class='hr hr-invisible   avia-builder-el-8  el_after_av_social_share  el_before_av_comments_list '><span class='hr-inner ' ><span class='hr-inner-style'><\/span><\/span><\/div>\n<div  class='av-buildercomment  av-blog-meta-html-info-disabled av-blog-meta-tag-disabled  '><\/div>\n","protected":false},"excerpt":{"rendered":"","protected":false},"author":1,"featured_media":53026,"comment_status":"closed","ping_status":"closed","sticky":false,"template":"","format":"standard","meta":{"footnotes":""},"categories":[55],"tags":[],"class_list":["post-53025","post","type-post","status-publish","format-standard","has-post-thumbnail","hentry","category-justicia"],"jetpack_featured_media_url":"https:\/\/radiorevelacionfm.cl\/wp-content\/uploads\/2025\/04\/inauguraciOn-centro-1_optimized-1.jpg","_links":{"self":[{"href":"https:\/\/radiorevelacionfm.cl\/index.php?rest_route=\/wp\/v2\/posts\/53025","targetHints":{"allow":["GET"]}}],"collection":[{"href":"https:\/\/radiorevelacionfm.cl\/index.php?rest_route=\/wp\/v2\/posts"}],"about":[{"href":"https:\/\/radiorevelacionfm.cl\/index.php?rest_route=\/wp\/v2\/types\/post"}],"author":[{"embeddable":true,"href":"https:\/\/radiorevelacionfm.cl\/index.php?rest_route=\/wp\/v2\/users\/1"}],"replies":[{"embeddable":true,"href":"https:\/\/radiorevelacionfm.cl\/index.php?rest_route=%2Fwp%2Fv2%2Fcomments&post=53025"}],"version-history":[{"count":2,"href":"https:\/\/radiorevelacionfm.cl\/index.php?rest_route=\/wp\/v2\/posts\/53025\/revisions"}],"predecessor-version":[{"id":53045,"href":"https:\/\/radiorevelacionfm.cl\/index.php?rest_route=\/wp\/v2\/posts\/53025\/revisions\/53045"}],"wp:featuredmedia":[{"embeddable":true,"href":"https:\/\/radiorevelacionfm.cl\/index.php?rest_route=\/wp\/v2\/media\/53026"}],"wp:attachment":[{"href":"https:\/\/radiorevelacionfm.cl\/index.php?rest_route=%2Fwp%2Fv2%2Fmedia&parent=53025"}],"wp:term":[{"taxonomy":"category","embeddable":true,"href":"https:\/\/radiorevelacionfm.cl\/index.php?rest_route=%2Fwp%2Fv2%2Fcategories&post=53025"},{"taxonomy":"post_tag","embeddable":true,"href":"https:\/\/radiorevelacionfm.cl\/index.php?rest_route=%2Fwp%2Fv2%2Ftags&post=53025"}],"curies":[{"name":"wp","href":"https:\/\/api.w.org\/{rel}","templated":true}]}}