{"id":53022,"date":"2025-04-24T16:34:47","date_gmt":"2025-04-24T19:34:47","guid":{"rendered":"https:\/\/radiorevelacionfm.cl\/?p=53022"},"modified":"2025-04-24T16:34:47","modified_gmt":"2025-04-24T19:34:47","slug":"realizan-primera-reunion-de-la-mesa-de-coordinacion-interinstitucional-adn-codis","status":"publish","type":"post","link":"https:\/\/radiorevelacionfm.cl\/?p=53022","title":{"rendered":"Realizan primera reuni\u00f3n de la Mesa de Coordinaci\u00f3n Interinstitucional ADN CODIS"},"content":{"rendered":"<div class=\"flex_column av_one_full  flex_column_div av-zero-column-padding first  avia-builder-el-0  el_before_av_one_full  avia-builder-el-first  \" style='border-radius:0px; '><div  class='avia-image-container  av-styling-    avia-builder-el-1  avia-builder-el-no-sibling  avia-align-center '  itemprop=\"image\" itemscope=\"itemscope\" itemtype=\"https:\/\/schema.org\/ImageObject\"  ><div class='avia-image-container-inner'><div class='avia-image-overlay-wrap'><img decoding=\"async\" class='wp-image-53023 avia-img-lazy-loading-not-53023 avia_image' src=\"https:\/\/radiorevelacionfm.cl\/wp-content\/uploads\/2025\/04\/adn-2-1-1_optimized.jpg\" alt='' title='adn-2-(1)-(1)_optimized' height=\"600\" width=\"800\"  itemprop=\"thumbnailUrl\" srcset=\"https:\/\/radiorevelacionfm.cl\/wp-content\/uploads\/2025\/04\/adn-2-1-1_optimized.jpg 800w, https:\/\/radiorevelacionfm.cl\/wp-content\/uploads\/2025\/04\/adn-2-1-1_optimized-300x225.jpg 300w, https:\/\/radiorevelacionfm.cl\/wp-content\/uploads\/2025\/04\/adn-2-1-1_optimized-768x576.jpg 768w, https:\/\/radiorevelacionfm.cl\/wp-content\/uploads\/2025\/04\/adn-2-1-1_optimized-705x529.jpg 705w, https:\/\/radiorevelacionfm.cl\/wp-content\/uploads\/2025\/04\/adn-2-1-1_optimized-450x338.jpg 450w, https:\/\/radiorevelacionfm.cl\/wp-content\/uploads\/2025\/04\/adn-2-1-1_optimized-600x450.jpg 600w\" sizes=\"(max-width: 800px) 100vw, 800px\" \/><\/div><\/div><\/div><\/div><div class=\"flex_column av_one_full  flex_column_div av-zero-column-padding first  avia-builder-el-2  el_after_av_one_full  el_before_av_one_full  column-top-margin\" style='border-radius:0px; '><section class=\"av_textblock_section \"  itemscope=\"itemscope\" itemtype=\"https:\/\/schema.org\/BlogPosting\" itemprop=\"blogPost\" ><div class='avia_textblock  '   itemprop=\"text\" ><p style=\"text-align: center;\"><strong><span style=\"font-size: 18pt;\">Realizan primera reuni\u00f3n de la Mesa de Coordinaci\u00f3n Interinstitucional ADN CODIS<\/span><\/strong><\/p>\n<div id=\"gtx-trans\" style=\"position: absolute; left: -50px; top: 4.31534px;\">\n<div class=\"gtx-trans-icon\"><\/div>\n<\/div>\n<\/div><\/section><\/div><div class=\"flex_column av_one_full  flex_column_div av-zero-column-padding first  avia-builder-el-4  el_after_av_one_full  el_before_av_hr  column-top-margin\" style='border-radius:0px; '><section class=\"av_textblock_section \"  itemscope=\"itemscope\" itemtype=\"https:\/\/schema.org\/BlogPosting\" itemprop=\"blogPost\" ><div class='avia_textblock  '   itemprop=\"text\" ><p style=\"text-align: justify;\">Recientemente se llev\u00f3 a cabo la primera reuni\u00f3n de la Mesa de Coordinaci\u00f3n Interinstitucional de ADN CODIS y Verificaci\u00f3n de Identidad, instancia encabezada por el Seremi de Justicia y DD.HH Samuel Navarro y en la que participaron los\u00a0servicios vinculados al Sistema Nacional de Registro de ADN como\u00a0Servicio M\u00e9dico Legal (SML), Gendarmer\u00eda de Chile y el Servicio de Registro Civil e Identificaci\u00f3n.<\/p>\n<p style=\"text-align: justify;\">El prop\u00f3sito principal de la Mesa ADN CODIS es asegurar el correcto funcionamiento del Sistema de \u00cdndice Combinado de ADN a nivel regional. Esta herramienta, regulada por la Ley N\u00b019.970,\u00a0permite la creaci\u00f3n de una base de datos nacional que facilita las b\u00fasquedas gen\u00e9ticas masivas<strong>,<\/strong>\u00a0mejorando los procesos investigativos penales a trav\u00e9s de los distintos registros que conforman el Sistema Nacional de Registro de ADN.<\/p>\n<p style=\"text-align: justify;\">Tras la sesi\u00f3n, el seremi de Justicia y Derechos Humanos Samuel Navarro se\u00f1al\u00f3 que \u201cfue una reuni\u00f3n muy productiva donde se pudo hacer un balance de lo que ha sido esta materia en el a\u00f1o 2024, y proyectar lo que va a ser el trabajo para el a\u00f1o 2025, como en otras instancias es muy importante hacer este seguimiento para ver d\u00f3nde est\u00e1n las brechas, los nudos y donde pueda haber alguna complejidad y eso permite el intercambio entre los servicios, Servicio M\u00e9dico Legal, Gendarmer\u00eda de Chile y Registro Civil para ir adecuando procedimientos y reforzando algunas situaciones tanto de capacitaci\u00f3n que requieran nuevos funcionarios o funcionarias que se est\u00e1n integrando a las distintas instituciones, saber si se cuenta con todos los materiales e insumos y de haber alg\u00fan examen pendiente de resultado se pueda obtener a la brevedad para poder cumplir con el mandato legal de poder tener en la base de datos este registro de aquellas personas que han sido condenadas por ciertos delitos y que su registro de ADN debe estar oportunamente registrado y constar en esta base de datos para el futuro, y que sirva para la seguridad ciudadana y la persecuci\u00f3n criminal\u201d.<\/p>\n<p style=\"text-align: justify;\">Finalmente, cabe mencionar que los Sistemas de \u00cdndice Combinado de ADN o mecanismo CODIS, es un programa inform\u00e1tico que contiene bancos de datos locales, estatales y nacionales de perfiles de ADN de personas que han sido condenadas, adem\u00e1s de perfiles de las pruebas halladas en el lugar de los hechos y tambi\u00e9n, el ADN de personas desaparecidas.<\/p>\n<\/div><\/section><\/div><div  style='height:50px' class='hr hr-invisible   avia-builder-el-6  el_after_av_one_full  el_before_av_social_share '><span class='hr-inner ' ><span class='hr-inner-style'><\/span><\/span><\/div><\/p>\n<div  class='av-social-sharing-box  avia-builder-el-7  el_after_av_hr  el_before_av_hr  '><div class='av-share-box'><h5 class='av-share-link-description av-no-toc '>Compartir esta noticia<\/h5><ul class='av-share-box-list noLightbox'><li class='av-share-link av-social-link-facebook' ><a target=\"_blank\" aria-label=\"Compartir en Facebook\" href='https:\/\/www.facebook.com\/sharer.php?u=https:\/\/radiorevelacionfm.cl\/?p=53022&#038;t=Realizan%20primera%20reuni%C3%B3n%20de%20la%20Mesa%20de%20Coordinaci%C3%B3n%20Interinstitucional%20ADN%20CODIS' aria-hidden='false' data-av_icon='\ue8f3' data-av_iconfont='entypo-fontello' title='' data-avia-related-tooltip='Compartir en Facebook' rel=\"noopener\"><span class='avia_hidden_link_text'>Compartir en Facebook<\/span><\/a><\/li><li class='av-share-link av-social-link-twitter' ><a target=\"_blank\" aria-label=\"Compartir en Twitter\" href='https:\/\/twitter.com\/share?text=Realizan%20primera%20reuni%C3%B3n%20de%20la%20Mesa%20de%20Coordinaci%C3%B3n%20Interinstitucional%20ADN%20CODIS&#038;url=https:\/\/radiorevelacionfm.cl\/?p=53022' aria-hidden='false' data-av_icon='\ue8f1' data-av_iconfont='entypo-fontello' title='' data-avia-related-tooltip='Compartir en Twitter' rel=\"noopener\"><span class='avia_hidden_link_text'>Compartir en Twitter<\/span><\/a><\/li><li class='av-share-link av-social-link-whatsapp' ><a target=\"_blank\" aria-label=\"Compartir en Whatsapp\" href='https:\/\/api.whatsapp.com\/send?text=https:\/\/radiorevelacionfm.cl\/?p=53022' aria-hidden='false' data-av_icon='\uf232' data-av_iconfont='entypo-fontello' title='' data-avia-related-tooltip='Compartir en Whatsapp' rel=\"noopener\"><span class='avia_hidden_link_text'>Compartir en Whatsapp<\/span><\/a><\/li><li class='av-share-link av-social-link-linkedin' ><a target=\"_blank\" aria-label=\"Compartir en LinkedIn\" href='https:\/\/linkedin.com\/shareArticle?mini=true&#038;title=Realizan%20primera%20reuni%C3%B3n%20de%20la%20Mesa%20de%20Coordinaci%C3%B3n%20Interinstitucional%20ADN%20CODIS&#038;url=https:\/\/radiorevelacionfm.cl\/?p=53022' aria-hidden='false' data-av_icon='\ue8fc' data-av_iconfont='entypo-fontello' title='' data-avia-related-tooltip='Compartir en LinkedIn' rel=\"noopener\"><span class='avia_hidden_link_text'>Compartir en LinkedIn<\/span><\/a><\/li><li class='av-share-link av-social-link-mail' ><a  aria-label=\"Compartir por correo\" href='mailto:?subject=Realizan%20primera%20reuni%C3%B3n%20de%20la%20Mesa%20de%20Coordinaci%C3%B3n%20Interinstitucional%20ADN%20CODIS&#038;body=https:\/\/radiorevelacionfm.cl\/?p=53022' aria-hidden='false' data-av_icon='\ue805' data-av_iconfont='entypo-fontello' title='' data-avia-related-tooltip='Compartir por correo'><span class='avia_hidden_link_text'>Compartir por correo<\/span><\/a><\/li><\/ul><\/div><\/div>\n<div  style='height:50px' class='hr hr-invisible   avia-builder-el-8  el_after_av_social_share  el_before_av_comments_list '><span class='hr-inner ' ><span class='hr-inner-style'><\/span><\/span><\/div>\n<div  class='av-buildercomment  av-blog-meta-html-info-disabled av-blog-meta-tag-disabled  '><\/div>\n","protected":false},"excerpt":{"rendered":"","protected":false},"author":1,"featured_media":53023,"comment_status":"closed","ping_status":"closed","sticky":false,"template":"","format":"standard","meta":{"footnotes":""},"categories":[55],"tags":[],"class_list":["post-53022","post","type-post","status-publish","format-standard","has-post-thumbnail","hentry","category-justicia"],"jetpack_featured_media_url":"https:\/\/radiorevelacionfm.cl\/wp-content\/uploads\/2025\/04\/adn-2-1-1_optimized.jpg","_links":{"self":[{"href":"https:\/\/radiorevelacionfm.cl\/index.php?rest_route=\/wp\/v2\/posts\/53022","targetHints":{"allow":["GET"]}}],"collection":[{"href":"https:\/\/radiorevelacionfm.cl\/index.php?rest_route=\/wp\/v2\/posts"}],"about":[{"href":"https:\/\/radiorevelacionfm.cl\/index.php?rest_route=\/wp\/v2\/types\/post"}],"author":[{"embeddable":true,"href":"https:\/\/radiorevelacionfm.cl\/index.php?rest_route=\/wp\/v2\/users\/1"}],"replies":[{"embeddable":true,"href":"https:\/\/radiorevelacionfm.cl\/index.php?rest_route=%2Fwp%2Fv2%2Fcomments&post=53022"}],"version-history":[{"count":2,"href":"https:\/\/radiorevelacionfm.cl\/index.php?rest_route=\/wp\/v2\/posts\/53022\/revisions"}],"predecessor-version":[{"id":53069,"href":"https:\/\/radiorevelacionfm.cl\/index.php?rest_route=\/wp\/v2\/posts\/53022\/revisions\/53069"}],"wp:featuredmedia":[{"embeddable":true,"href":"https:\/\/radiorevelacionfm.cl\/index.php?rest_route=\/wp\/v2\/media\/53023"}],"wp:attachment":[{"href":"https:\/\/radiorevelacionfm.cl\/index.php?rest_route=%2Fwp%2Fv2%2Fmedia&parent=53022"}],"wp:term":[{"taxonomy":"category","embeddable":true,"href":"https:\/\/radiorevelacionfm.cl\/index.php?rest_route=%2Fwp%2Fv2%2Fcategories&post=53022"},{"taxonomy":"post_tag","embeddable":true,"href":"https:\/\/radiorevelacionfm.cl\/index.php?rest_route=%2Fwp%2Fv2%2Ftags&post=53022"}],"curies":[{"name":"wp","href":"https:\/\/api.w.org\/{rel}","templated":true}]}}