{"id":53010,"date":"2025-04-23T18:03:49","date_gmt":"2025-04-23T21:03:49","guid":{"rendered":"https:\/\/radiorevelacionfm.cl\/?p=53010"},"modified":"2025-04-23T18:03:49","modified_gmt":"2025-04-23T21:03:49","slug":"aysen-pdi-y-fiscalia-investigan-robo-en-establecimiento-educacional","status":"publish","type":"post","link":"https:\/\/radiorevelacionfm.cl\/?p=53010","title":{"rendered":"Ays\u00e9n: PDI y Fiscal\u00eda investigan robo en establecimiento educacional"},"content":{"rendered":"<div class=\"flex_column av_one_full  flex_column_div av-zero-column-padding first  avia-builder-el-0  el_before_av_one_full  avia-builder-el-first  \" style='border-radius:0px; '><div  class='avia-image-container  av-styling-    avia-builder-el-1  avia-builder-el-no-sibling  avia-align-center '  itemprop=\"image\" itemscope=\"itemscope\" itemtype=\"https:\/\/schema.org\/ImageObject\"  ><div class='avia-image-container-inner'><div class='avia-image-overlay-wrap'><img decoding=\"async\" class='wp-image-6368 avia-img-lazy-loading-not-6368 avia_image' src=\"https:\/\/radiorevelacionfm.cl\/wp-content\/uploads\/2021\/07\/PDI_AYSEN-1-1.jpg\" alt='' title='PDI_AYSEN (1) (1)' height=\"600\" width=\"802\"  itemprop=\"thumbnailUrl\" srcset=\"https:\/\/radiorevelacionfm.cl\/wp-content\/uploads\/2021\/07\/PDI_AYSEN-1-1.jpg 802w, https:\/\/radiorevelacionfm.cl\/wp-content\/uploads\/2021\/07\/PDI_AYSEN-1-1-300x224.jpg 300w, https:\/\/radiorevelacionfm.cl\/wp-content\/uploads\/2021\/07\/PDI_AYSEN-1-1-768x575.jpg 768w, https:\/\/radiorevelacionfm.cl\/wp-content\/uploads\/2021\/07\/PDI_AYSEN-1-1-705x527.jpg 705w, https:\/\/radiorevelacionfm.cl\/wp-content\/uploads\/2021\/07\/PDI_AYSEN-1-1-600x449.jpg 600w\" sizes=\"(max-width: 802px) 100vw, 802px\" \/><\/div><\/div><\/div><\/div><div class=\"flex_column av_one_full  flex_column_div av-zero-column-padding first  avia-builder-el-2  el_after_av_one_full  el_before_av_one_full  column-top-margin\" style='border-radius:0px; '><section class=\"av_textblock_section \"  itemscope=\"itemscope\" itemtype=\"https:\/\/schema.org\/BlogPosting\" itemprop=\"blogPost\" ><div class='avia_textblock  '   itemprop=\"text\" ><p style=\"text-align: center;\"><span style=\"font-size: 18pt;\"><strong>Ays\u00e9n: PDI y Fiscal\u00eda investigan robo en establecimiento educacional<\/strong><\/span><\/p>\n<div id=\"gtx-trans\" style=\"position: absolute; left: -50px; top: 4.31534px;\">\n<div class=\"gtx-trans-icon\"><\/div>\n<\/div>\n<\/div><\/section><\/div><div class=\"flex_column av_one_full  flex_column_div av-zero-column-padding first  avia-builder-el-4  el_after_av_one_full  el_before_av_hr  column-top-margin\" style='border-radius:0px; '><section class=\"av_textblock_section \"  itemscope=\"itemscope\" itemtype=\"https:\/\/schema.org\/BlogPosting\" itemprop=\"blogPost\" ><div class='avia_textblock  '   itemprop=\"text\" ><p style=\"text-align: justify;\">Tras una denuncia por el delito de robo que afect\u00f3 a un establecimiento educacional en la comuna de Ays\u00e9n, el Ministerio P\u00fablico eman\u00f3 una orden de investigar a la Brigada de Investigaci\u00f3n Criminal (BICRIM) Ays\u00e9n para esclarecer los \u00faltimos acontecimientos ocurridos en diferentes colegios de la ciudad puerto.<\/p>\n<p style=\"text-align: justify;\">Al respecto, el comisario Cristian Matamala Hern\u00e1ndez de la BICRIM Ays\u00e9n, se\u00f1al\u00f3 que \u201cconcurri\u00f3 personal de la Brigada de Investigaci\u00f3n Criminal Ays\u00e9n en compa\u00f1\u00eda del Laboratorio de Criminal\u00edstica Regional Coyhaique con la finalidad de efectuar el trabajo de inspecci\u00f3n del sitio del suceso, empadronamiento de testigos y levantamiento de evidencias que permitir\u00e1n establecer la criminodin\u00e1mica del hecho\u201d.<\/p>\n<p style=\"text-align: justify;\">De acuerdo a los antecedentes, \u201clas especies sustra\u00eddas en la Escuela Gabriela Mistral corresponden a elementos electr\u00f3nicos y alimentos almacenados en el casino del establecimiento\u201d, puntualiz\u00f3 el comisario Matamala.<\/p>\n<p style=\"text-align: justify;\">Dentro de las primeras diligencias desarrolladas, se ha levantado evidencia como las grabaciones de seguridad del establecimiento y tambi\u00e9n se est\u00e1n efectuando los empadronamientos de testigos a los vecinos del sector aleda\u00f1o al establecimiento educacional\u201d, agreg\u00f3 el oficial policial de la BICRIM Ays\u00e9n.<\/p>\n<p style=\"text-align: justify;\">En relaci\u00f3n a otros hechos de similares caracter\u00edsticas que habr\u00edan ocurrido en el \u00faltimo tiempo en la comuna de Ays\u00e9n, el comisario Matamala detall\u00f3 que \u201cel Ministerio P\u00fablico ha emanado una orden de investigar a la Brigada de Investigaci\u00f3n Criminal Ays\u00e9n con la finalidad de que se establezca de manera fehaciente la identidad y responsabilidad de los autores de estos hechos y dentro de las posibilidades, la recuperaci\u00f3n de las especies sustra\u00eddas\u201d.<\/p>\n<p style=\"text-align: justify;\">Gracias al trabajo de an\u00e1lisis criminal, se est\u00e1 trabajando en individualizar y posicionar a los responsables de los hechos que se est\u00e1n investigando.<\/p>\n<p style=\"text-align: justify;\">Finalmente, a modo de recomendaci\u00f3n, el detective enfatiz\u00f3 que \u201csiempre la primera barrera de seguridad somos nosotros mismos, los ciudadanos, y es por ello que tambi\u00e9n hay que mantener los resguardos. Si bien la ciudad mantiene bajos \u00edndices de criminalidad, tampoco hay que descuidarse\u201d.<\/p>\n<p style=\"text-align: justify;\">En ese mismo sentido, el comisario Matamala realiz\u00f3 un llamado a la ciudadan\u00eda, se\u00f1alando que \u201clas personas que adquieran o compren especies que son sustra\u00eddas mediante el delito de robo, cometen el delito de receptaci\u00f3n, ante lo cual, hacemos un llamado a la comunidad en caso que tengan informaci\u00f3n respecto de ello a informar a la polic\u00eda, ya que siempre la ciudadan\u00eda es un factor muy importante para colaborar en el esclarecimiento de los delitos\u201d.<\/p>\n<\/div><\/section><\/div><div  style='height:50px' class='hr hr-invisible   avia-builder-el-6  el_after_av_one_full  el_before_av_social_share '><span class='hr-inner ' ><span class='hr-inner-style'><\/span><\/span><\/div><\/p>\n<div  class='av-social-sharing-box  avia-builder-el-7  el_after_av_hr  el_before_av_hr  '><div class='av-share-box'><h5 class='av-share-link-description av-no-toc '>Compartir esta noticia<\/h5><ul class='av-share-box-list noLightbox'><li class='av-share-link av-social-link-facebook' ><a target=\"_blank\" aria-label=\"Compartir en Facebook\" href='https:\/\/www.facebook.com\/sharer.php?u=https:\/\/radiorevelacionfm.cl\/?p=53010&#038;t=Ays%C3%A9n%3A%20PDI%20y%20Fiscal%C3%ADa%20investigan%20robo%20en%20establecimiento%20educacional' aria-hidden='false' data-av_icon='\ue8f3' data-av_iconfont='entypo-fontello' title='' data-avia-related-tooltip='Compartir en Facebook' rel=\"noopener\"><span class='avia_hidden_link_text'>Compartir en Facebook<\/span><\/a><\/li><li class='av-share-link av-social-link-twitter' ><a target=\"_blank\" aria-label=\"Compartir en Twitter\" href='https:\/\/twitter.com\/share?text=Ays%C3%A9n%3A%20PDI%20y%20Fiscal%C3%ADa%20investigan%20robo%20en%20establecimiento%20educacional&#038;url=https:\/\/radiorevelacionfm.cl\/?p=53010' aria-hidden='false' data-av_icon='\ue8f1' data-av_iconfont='entypo-fontello' title='' data-avia-related-tooltip='Compartir en Twitter' rel=\"noopener\"><span class='avia_hidden_link_text'>Compartir en Twitter<\/span><\/a><\/li><li class='av-share-link av-social-link-whatsapp' ><a target=\"_blank\" aria-label=\"Compartir en Whatsapp\" href='https:\/\/api.whatsapp.com\/send?text=https:\/\/radiorevelacionfm.cl\/?p=53010' aria-hidden='false' data-av_icon='\uf232' data-av_iconfont='entypo-fontello' title='' data-avia-related-tooltip='Compartir en Whatsapp' rel=\"noopener\"><span class='avia_hidden_link_text'>Compartir en Whatsapp<\/span><\/a><\/li><li class='av-share-link av-social-link-linkedin' ><a target=\"_blank\" aria-label=\"Compartir en LinkedIn\" href='https:\/\/linkedin.com\/shareArticle?mini=true&#038;title=Ays%C3%A9n%3A%20PDI%20y%20Fiscal%C3%ADa%20investigan%20robo%20en%20establecimiento%20educacional&#038;url=https:\/\/radiorevelacionfm.cl\/?p=53010' aria-hidden='false' data-av_icon='\ue8fc' data-av_iconfont='entypo-fontello' title='' data-avia-related-tooltip='Compartir en LinkedIn' rel=\"noopener\"><span class='avia_hidden_link_text'>Compartir en LinkedIn<\/span><\/a><\/li><li class='av-share-link av-social-link-mail' ><a  aria-label=\"Compartir por correo\" href='mailto:?subject=Ays%C3%A9n%3A%20PDI%20y%20Fiscal%C3%ADa%20investigan%20robo%20en%20establecimiento%20educacional&#038;body=https:\/\/radiorevelacionfm.cl\/?p=53010' aria-hidden='false' data-av_icon='\ue805' data-av_iconfont='entypo-fontello' title='' data-avia-related-tooltip='Compartir por correo'><span class='avia_hidden_link_text'>Compartir por correo<\/span><\/a><\/li><\/ul><\/div><\/div>\n<div  style='height:50px' class='hr hr-invisible   avia-builder-el-8  el_after_av_social_share  el_before_av_comments_list '><span class='hr-inner ' ><span class='hr-inner-style'><\/span><\/span><\/div>\n<div  class='av-buildercomment  av-blog-meta-html-info-disabled av-blog-meta-tag-disabled  '><\/div>\n","protected":false},"excerpt":{"rendered":"","protected":false},"author":1,"featured_media":6368,"comment_status":"closed","ping_status":"closed","sticky":false,"template":"","format":"standard","meta":{"footnotes":""},"categories":[36],"tags":[],"class_list":["post-53010","post","type-post","status-publish","format-standard","has-post-thumbnail","hentry","category-policial"],"jetpack_featured_media_url":"https:\/\/radiorevelacionfm.cl\/wp-content\/uploads\/2021\/07\/PDI_AYSEN-1-1.jpg","_links":{"self":[{"href":"https:\/\/radiorevelacionfm.cl\/index.php?rest_route=\/wp\/v2\/posts\/53010","targetHints":{"allow":["GET"]}}],"collection":[{"href":"https:\/\/radiorevelacionfm.cl\/index.php?rest_route=\/wp\/v2\/posts"}],"about":[{"href":"https:\/\/radiorevelacionfm.cl\/index.php?rest_route=\/wp\/v2\/types\/post"}],"author":[{"embeddable":true,"href":"https:\/\/radiorevelacionfm.cl\/index.php?rest_route=\/wp\/v2\/users\/1"}],"replies":[{"embeddable":true,"href":"https:\/\/radiorevelacionfm.cl\/index.php?rest_route=%2Fwp%2Fv2%2Fcomments&post=53010"}],"version-history":[{"count":2,"href":"https:\/\/radiorevelacionfm.cl\/index.php?rest_route=\/wp\/v2\/posts\/53010\/revisions"}],"predecessor-version":[{"id":53012,"href":"https:\/\/radiorevelacionfm.cl\/index.php?rest_route=\/wp\/v2\/posts\/53010\/revisions\/53012"}],"wp:featuredmedia":[{"embeddable":true,"href":"https:\/\/radiorevelacionfm.cl\/index.php?rest_route=\/wp\/v2\/media\/6368"}],"wp:attachment":[{"href":"https:\/\/radiorevelacionfm.cl\/index.php?rest_route=%2Fwp%2Fv2%2Fmedia&parent=53010"}],"wp:term":[{"taxonomy":"category","embeddable":true,"href":"https:\/\/radiorevelacionfm.cl\/index.php?rest_route=%2Fwp%2Fv2%2Fcategories&post=53010"},{"taxonomy":"post_tag","embeddable":true,"href":"https:\/\/radiorevelacionfm.cl\/index.php?rest_route=%2Fwp%2Fv2%2Ftags&post=53010"}],"curies":[{"name":"wp","href":"https:\/\/api.w.org\/{rel}","templated":true}]}}