{"id":5301,"date":"2021-06-16T11:06:13","date_gmt":"2021-06-16T14:06:13","guid":{"rendered":"https:\/\/radiorevelacionfm.cl\/?p=5301"},"modified":"2021-06-16T11:06:13","modified_gmt":"2021-06-16T14:06:13","slug":"con-ceremonia-virtual-lanzan-programa-4-a-7-de-sernameg-en-comuna-de-aysen","status":"publish","type":"post","link":"https:\/\/radiorevelacionfm.cl\/?p=5301","title":{"rendered":"Con ceremonia virtual lanzan Programa 4 a 7 de SernamEG en comuna de Ays\u00e9n"},"content":{"rendered":"<div class=\"flex_column av_one_full  flex_column_div av-zero-column-padding first  avia-builder-el-0  el_before_av_one_full  avia-builder-el-first  \" style='border-radius:0px; '><div  class='avia-image-container  av-styling-    avia-builder-el-1  avia-builder-el-no-sibling  avia-align-center '  itemprop=\"image\" itemscope=\"itemscope\" itemtype=\"https:\/\/schema.org\/ImageObject\"  ><div class='avia-image-container-inner'><div class='avia-image-overlay-wrap'><img decoding=\"async\" class='wp-image-0 avia-img-lazy-loading-not-0 avia_image' src=\"https:\/\/radiorevelacionfm.cl\/wp-content\/uploads\/2021\/06\/lanzamiento-4-a-7_Aysen-3-1-1.jpg\" alt='' title=''   itemprop=\"thumbnailUrl\"  \/><\/div><\/div><\/div><\/div><div class=\"flex_column av_one_full  flex_column_div av-zero-column-padding first  avia-builder-el-2  el_after_av_one_full  el_before_av_one_full  column-top-margin\" style='border-radius:0px; '><section class=\"av_textblock_section \"  itemscope=\"itemscope\" itemtype=\"https:\/\/schema.org\/BlogPosting\" itemprop=\"blogPost\" ><div class='avia_textblock  '   itemprop=\"text\" ><p style=\"text-align: center;\"><strong><span style=\"font-size: 18pt;\">Con ceremonia virtual lanzan Programa 4 a 7 de SernamEG en comuna de Ays\u00e9n<\/span><\/strong><\/p>\n<div id=\"gtx-trans\" style=\"position: absolute; left: -50px; top: 4.31534px;\">\n<div class=\"gtx-trans-icon\"><\/div>\n<\/div>\n<\/div><\/section><\/div><div class=\"flex_column av_one_full  flex_column_div av-zero-column-padding first  avia-builder-el-4  el_after_av_one_full  el_before_av_hr  column-top-margin\" style='border-radius:0px; '><section class=\"av_textblock_section \"  itemscope=\"itemscope\" itemtype=\"https:\/\/schema.org\/BlogPosting\" itemprop=\"blogPost\" ><div class='avia_textblock  '   itemprop=\"text\" ><p style=\"font-weight: 400; text-align: justify;\">Fortalecer la autonom\u00eda econ\u00f3mica de las mujeres es el principal objetivo del Programa 4 a 7 del Servicio Nacional de la Mujer y la Equidad de G\u00e9nero, SernamEG, que se ejecuta en la comuna de Ays\u00e9n, v\u00eda convenio con el municipio local. Con la asistencia de las mujeres y ni\u00f1as\/os participantes se llev\u00f3 a cabo la ceremonia de bienvenida organizada por ambas instituciones y que marca un hito dentro de la implementaci\u00f3n del modelo program\u00e1tico; el que est\u00e1 orientado a contribuir el acceso y permanencia laboral de las mujeres, atendiendo un factor gravitante para ello, como es el cuidado y protecci\u00f3n de ni\u00f1as y ni\u00f1os de 6 a 13 a\u00f1os, que est\u00e9n a su cargo, despu\u00e9s de la jornada escolar.<\/p>\n<p style=\"font-weight: 400; text-align: justify;\">Durante su intervenci\u00f3n, la Directora Regional de SernamEG, Elizabeth Guti\u00e9rrez Eggers, dijo: \u201ccuando hablamos de las ideas que hacen avanzar el pa\u00eds, tenemos que resignificar la transformaci\u00f3n cultural, porque el Programa 4 a 7 no s\u00f3lo se trata del cuidado de las\/os ni\u00f1as\/os sino que de entregarle habilidades y competencias a las mujeres que quieren ingresar al mundo laboral o que est\u00e1n buscando una mejor oportunidad. Entonces, ellas se van con un malet\u00edn de herramientas para irse empoderando con este nuevo rol que queremos jugar y ese protagonismo es el que como SernamEG queremos seguir apoyando en el marco de las pol\u00edticas p\u00fablicas que se establecen por una l\u00ednea program\u00e1tica de Gobierno porque esto no es azaroso\u201d.<\/p>\n<p style=\"font-weight: 400; text-align: justify;\">Por su parte, el Alcalde de Puerto Ays\u00e9n, Luis Mart\u00ednez Gallardo, sostuvo que \u201cno puedo dejar destacar lo importante que es este Programa en la comuna, he visto c\u00f3mo se va desarrollando y c\u00f3mo lo pide la gente as\u00ed que es un Programa que sigue sirviendo. Nada m\u00e1s que agradecer y ojal\u00e1 lo puedan seguir implementando en la comuna porque es esperado por las mam\u00e1s y tambi\u00e9n est\u00e1 muy arraigado en los colegios donde se instaur\u00f3. Nuestro Municipio lo ha rendido muy bien con sus equipos y eso me deja muy tranquilo, porque si bien es un programa que viene del 2011 a m\u00ed me toc\u00f3 incorporar a otros colegios as\u00ed que estoy muy contento por ello\u201d.<\/p>\n<p style=\"font-weight: 400; text-align: justify;\">El trabajo con las ni\u00f1as y ni\u00f1os del Programa 4 a 7, se focaliza en el desarrollo de la creatividad a trav\u00e9s de \u201ctalleres tem\u00e1ticos\u201d y \u201ctalleres de organizaci\u00f3n escolar\u201d; as\u00ed como la \u201cGu\u00eda de talleres de desarrollo integral infantil\u201d material dise\u00f1ado por SernamEG para abordar derechos, prevenci\u00f3n de la violencia, inclusi\u00f3n, diversidad entre otros. Justamente en la ceremonia de lanzamiento, fue exhibido un video recopilatorio del trabajo que se realiza con las ni\u00f1as y ni\u00f1os que asisten a las escuelas Almirante Simpson (Puerto Chacabuco), Litoral Austral y Poetisa Gabriela Mistral (Puerto Ays\u00e9n). Una alumna de este \u00faltimo establecimiento educacional municipal, Monserrat Planzer B\u00f3rquez, recit\u00f3 un poema por el D\u00eda de la Madre.<\/p>\n<p style=\"font-weight: 400; text-align: justify;\">Finalmente, entreg\u00f3 su testimonio la participante del modelo program\u00e1tico, Catalina Gonz\u00e1lez Olavarr\u00eda. \u201cEl Programa es un apoyo gigantesco para las mujeres que formamos parte de este beneficio. Es una herramienta que no podemos desaprovechar ya que nos facilita la integraci\u00f3n al mundo laboral y continuidad en otros casos, ya que soluciona en gran medida uno de los problemas m\u00e1s importantes que tenemos como mam\u00e1s, quien cuida a nuestras\/os hijas\/os si nosotras trabajamos o el tema del horario, el c\u00f3mo compatibilizar ambos casos. Pese a la pandemia las monitoras y encargada siguen presentes buscando la forma de mantener la atenci\u00f3n en las actividades que organizan para ellas\/os\u201d.<\/p>\n<\/div><\/section><\/div><div  style='height:50px' class='hr hr-invisible   avia-builder-el-6  el_after_av_one_full  el_before_av_social_share '><span class='hr-inner ' ><span class='hr-inner-style'><\/span><\/span><\/div><\/p>\n<div  class='av-social-sharing-box  avia-builder-el-7  el_after_av_hr  el_before_av_hr  '><div class='av-share-box'><h5 class='av-share-link-description av-no-toc '>Compartir esta noticia<\/h5><ul class='av-share-box-list noLightbox'><li class='av-share-link av-social-link-facebook' ><a target=\"_blank\" aria-label=\"Compartir en Facebook\" href='https:\/\/www.facebook.com\/sharer.php?u=https:\/\/radiorevelacionfm.cl\/?p=5301&#038;t=Con%20ceremonia%20virtual%20lanzan%20Programa%204%20a%207%20de%20SernamEG%20en%20comuna%20de%20Ays%C3%A9n' aria-hidden='false' data-av_icon='\ue8f3' data-av_iconfont='entypo-fontello' title='' data-avia-related-tooltip='Compartir en Facebook' rel=\"noopener\"><span class='avia_hidden_link_text'>Compartir en Facebook<\/span><\/a><\/li><li class='av-share-link av-social-link-twitter' ><a target=\"_blank\" aria-label=\"Compartir en Twitter\" href='https:\/\/twitter.com\/share?text=Con%20ceremonia%20virtual%20lanzan%20Programa%204%20a%207%20de%20SernamEG%20en%20comuna%20de%20Ays%C3%A9n&#038;url=https:\/\/radiorevelacionfm.cl\/?p=5301' aria-hidden='false' data-av_icon='\ue8f1' data-av_iconfont='entypo-fontello' title='' data-avia-related-tooltip='Compartir en Twitter' rel=\"noopener\"><span class='avia_hidden_link_text'>Compartir en Twitter<\/span><\/a><\/li><li class='av-share-link av-social-link-whatsapp' ><a target=\"_blank\" aria-label=\"Compartir en Whatsapp\" href='https:\/\/api.whatsapp.com\/send?text=https:\/\/radiorevelacionfm.cl\/?p=5301' aria-hidden='false' data-av_icon='\uf232' data-av_iconfont='entypo-fontello' title='' data-avia-related-tooltip='Compartir en Whatsapp' rel=\"noopener\"><span class='avia_hidden_link_text'>Compartir en Whatsapp<\/span><\/a><\/li><li class='av-share-link av-social-link-linkedin' ><a target=\"_blank\" aria-label=\"Compartir en LinkedIn\" href='https:\/\/linkedin.com\/shareArticle?mini=true&#038;title=Con%20ceremonia%20virtual%20lanzan%20Programa%204%20a%207%20de%20SernamEG%20en%20comuna%20de%20Ays%C3%A9n&#038;url=https:\/\/radiorevelacionfm.cl\/?p=5301' aria-hidden='false' data-av_icon='\ue8fc' data-av_iconfont='entypo-fontello' title='' data-avia-related-tooltip='Compartir en LinkedIn' rel=\"noopener\"><span class='avia_hidden_link_text'>Compartir en LinkedIn<\/span><\/a><\/li><li class='av-share-link av-social-link-mail' ><a  aria-label=\"Compartir por correo\" href='mailto:?subject=Con%20ceremonia%20virtual%20lanzan%20Programa%204%20a%207%20de%20SernamEG%20en%20comuna%20de%20Ays%C3%A9n&#038;body=https:\/\/radiorevelacionfm.cl\/?p=5301' aria-hidden='false' data-av_icon='\ue805' data-av_iconfont='entypo-fontello' title='' data-avia-related-tooltip='Compartir por correo'><span class='avia_hidden_link_text'>Compartir por correo<\/span><\/a><\/li><\/ul><\/div><\/div>\n<div  style='height:50px' class='hr hr-invisible   avia-builder-el-8  el_after_av_social_share  el_before_av_comments_list '><span class='hr-inner ' ><span class='hr-inner-style'><\/span><\/span><\/div>\n<div  class='av-buildercomment  av-blog-meta-html-info-disabled av-blog-meta-tag-disabled  '><\/div>\n","protected":false},"excerpt":{"rendered":"","protected":false},"author":1,"featured_media":0,"comment_status":"open","ping_status":"open","sticky":false,"template":"","format":"standard","meta":{"footnotes":""},"categories":[38],"tags":[],"class_list":["post-5301","post","type-post","status-publish","format-standard","hentry","category-regional"],"jetpack_featured_media_url":"","_links":{"self":[{"href":"https:\/\/radiorevelacionfm.cl\/index.php?rest_route=\/wp\/v2\/posts\/5301","targetHints":{"allow":["GET"]}}],"collection":[{"href":"https:\/\/radiorevelacionfm.cl\/index.php?rest_route=\/wp\/v2\/posts"}],"about":[{"href":"https:\/\/radiorevelacionfm.cl\/index.php?rest_route=\/wp\/v2\/types\/post"}],"author":[{"embeddable":true,"href":"https:\/\/radiorevelacionfm.cl\/index.php?rest_route=\/wp\/v2\/users\/1"}],"replies":[{"embeddable":true,"href":"https:\/\/radiorevelacionfm.cl\/index.php?rest_route=%2Fwp%2Fv2%2Fcomments&post=5301"}],"version-history":[{"count":1,"href":"https:\/\/radiorevelacionfm.cl\/index.php?rest_route=\/wp\/v2\/posts\/5301\/revisions"}],"predecessor-version":[{"id":5303,"href":"https:\/\/radiorevelacionfm.cl\/index.php?rest_route=\/wp\/v2\/posts\/5301\/revisions\/5303"}],"wp:attachment":[{"href":"https:\/\/radiorevelacionfm.cl\/index.php?rest_route=%2Fwp%2Fv2%2Fmedia&parent=5301"}],"wp:term":[{"taxonomy":"category","embeddable":true,"href":"https:\/\/radiorevelacionfm.cl\/index.php?rest_route=%2Fwp%2Fv2%2Fcategories&post=5301"},{"taxonomy":"post_tag","embeddable":true,"href":"https:\/\/radiorevelacionfm.cl\/index.php?rest_route=%2Fwp%2Fv2%2Ftags&post=5301"}],"curies":[{"name":"wp","href":"https:\/\/api.w.org\/{rel}","templated":true}]}}