{"id":53007,"date":"2025-04-24T10:23:14","date_gmt":"2025-04-24T13:23:14","guid":{"rendered":"https:\/\/radiorevelacionfm.cl\/?p=53007"},"modified":"2025-04-24T10:23:14","modified_gmt":"2025-04-24T13:23:14","slug":"entre-los-meses-de-octubre-a-diciembre-2024-el-pib-en-la-region-de-aysen-presento-una-crecimiento-de-un-9-6-mientras-que-todo-el-ano-2024-la-actividad-disminuyo-02","status":"publish","type":"post","link":"https:\/\/radiorevelacionfm.cl\/?p=53007","title":{"rendered":"Entre los meses de octubre a diciembre 2024, el PIB en la Regi\u00f3n de Ays\u00e9n present\u00f3 una crecimiento de un 9. 6%, mientras que todo el a\u00f1o 2024 la actividad disminuy\u00f3 0,2%"},"content":{"rendered":"<div class=\"flex_column av_one_full  flex_column_div av-zero-column-padding first  avia-builder-el-0  el_before_av_one_full  avia-builder-el-first  \" style='border-radius:0px; '><div  class='avia-image-container  av-styling-    avia-builder-el-1  avia-builder-el-no-sibling  avia-align-center '  itemprop=\"image\" itemscope=\"itemscope\" itemtype=\"https:\/\/schema.org\/ImageObject\"  ><div class='avia-image-container-inner'><div class='avia-image-overlay-wrap'><img decoding=\"async\" class='wp-image-53008 avia-img-lazy-loading-not-53008 avia_image' src=\"https:\/\/radiorevelacionfm.cl\/wp-content\/uploads\/2025\/04\/Seremi-Economia-Aysen-1-1.jpg\" alt='' title='Seremi Economia Aysen (1) (1)' height=\"600\" width=\"950\"  itemprop=\"thumbnailUrl\" srcset=\"https:\/\/radiorevelacionfm.cl\/wp-content\/uploads\/2025\/04\/Seremi-Economia-Aysen-1-1.jpg 950w, https:\/\/radiorevelacionfm.cl\/wp-content\/uploads\/2025\/04\/Seremi-Economia-Aysen-1-1-300x189.jpg 300w, https:\/\/radiorevelacionfm.cl\/wp-content\/uploads\/2025\/04\/Seremi-Economia-Aysen-1-1-768x485.jpg 768w, https:\/\/radiorevelacionfm.cl\/wp-content\/uploads\/2025\/04\/Seremi-Economia-Aysen-1-1-705x445.jpg 705w, https:\/\/radiorevelacionfm.cl\/wp-content\/uploads\/2025\/04\/Seremi-Economia-Aysen-1-1-450x284.jpg 450w, https:\/\/radiorevelacionfm.cl\/wp-content\/uploads\/2025\/04\/Seremi-Economia-Aysen-1-1-600x379.jpg 600w\" sizes=\"(max-width: 950px) 100vw, 950px\" \/><\/div><\/div><\/div><\/div><div class=\"flex_column av_one_full  flex_column_div av-zero-column-padding first  avia-builder-el-2  el_after_av_one_full  el_before_av_one_full  column-top-margin\" style='border-radius:0px; '><section class=\"av_textblock_section \"  itemscope=\"itemscope\" itemtype=\"https:\/\/schema.org\/BlogPosting\" itemprop=\"blogPost\" ><div class='avia_textblock  '   itemprop=\"text\" ><p style=\"text-align: center;\"><strong><span style=\"font-size: 18pt;\">Entre los meses de octubre a diciembre 2024, el PIB en la Regi\u00f3n de Ays\u00e9n present\u00f3 una crecimiento de un 9. 6%, mientras que todo el a\u00f1o 2024 la actividad disminuy\u00f3 0,2%<\/span><\/strong><\/p>\n<div id=\"gtx-trans\" style=\"position: absolute; left: -50px; top: 4.31534px;\">\n<div class=\"gtx-trans-icon\"><\/div>\n<\/div>\n<\/div><\/section><\/div><div class=\"flex_column av_one_full  flex_column_div av-zero-column-padding first  avia-builder-el-4  el_after_av_one_full  el_before_av_hr  column-top-margin\" style='border-radius:0px; '><section class=\"av_textblock_section \"  itemscope=\"itemscope\" itemtype=\"https:\/\/schema.org\/BlogPosting\" itemprop=\"blogPost\" ><div class='avia_textblock  '   itemprop=\"text\" ><p style=\"text-align: justify;\"><em>El Producto Interno Bruto (PIB) se define como el valor total de la producci\u00f3n de bienes y servicios de una econom\u00eda, para un per\u00edodo determinado, realizada por agentes econ\u00f3micos (empresas, hogares, y gobierno) que residen dentro del territorio nacional. El PIB es uno de los principales indicadores de actividad econ\u00f3mica de un pa\u00eds, y se produce, t\u00edpicamente, en frecuencia trimestral<\/em><em>.<\/em><\/p>\n<p style=\"text-align: justify;\">En este contexto el Banco Central present\u00f3 las cifras correspondientes al cuarto trimestre 2024 y tambi\u00e9n las cifras anuales para el mismo a\u00f1o. La Regi\u00f3n de Ays\u00e9n en el trimestre que comprende octubre &#8211; diciembre, present\u00f3 un crecimiento de 9.6%, convirti\u00e9ndose en la cuarta regi\u00f3n con mayor crecimiento a nivel pa\u00eds. Esto \u00faltimo incidido positivamente por resto de bienes.<\/p>\n<p style=\"text-align: justify;\">Mientras que en la medici\u00f3n del a\u00f1o 2024 en su totalidad, nuestra regi\u00f3n present\u00f3 una leve ca\u00edda del 0.2%. Los sectores que incidieron positivamente durante todo el a\u00f1o fueron: servicios personales, construcci\u00f3n y administraci\u00f3n p\u00fablica. Mientras que los sectores con mayor incidencia en la disminuci\u00f3n fueron: pesca, miner\u00eda y servicios financieros.<\/p>\n<p style=\"text-align: justify;\">El Seremi de Econom\u00eda de la Regi\u00f3n de Ays\u00e9n Felipe Rojas, puso sobre relieve la importancia de la reactivaci\u00f3n econ\u00f3mica que se observa desde el segundo semestre del 2024 y que a la luz de las cifras del cuarto trimestre, se pueden proyectar un buen escenario para este primer semestre 2025: \u201c<em>Las cifras actualizadas del Banco Central nos permiten conocer la evoluci\u00f3n de la actividad econ\u00f3mica, de cada uno de los trimestres del a\u00f1o 2024. De estas cifras destaca el crecimiento en el tercer trimestre y especialmente en el cuarto trimestre, con un crecimiento de 9.6%. Mientras que el primer trimestre 2024, la actividad disminuy\u00f3 5.6% de acuerdo a cifras actualizadas del Banco Central. Por lo tanto, todo el a\u00f1o 2024 la actividad tuvo una leve disminuci\u00f3n de 0.2%, explicado por principalmente por la pesca y en espec\u00edfico acuicultura, sector que contribuy\u00f3 de manera importante al destacado crecimiento del cuarto trimestre\u201d.<\/em><\/p>\n<p style=\"text-align: justify;\">Por su parte el Delegado Presidencial Regional Jorge D\u00edaz Guzm\u00e1n, relev\u00f3 esta cifras y la importancia de la alianza p\u00fablico privada en la dinamizaci\u00f3n econ\u00f3mica territorial: <em>\u201cHoy se dieron a conocer detalladamente los indicadores del Producto Interno Bruto del pa\u00eds y tambi\u00e9n por regi\u00f3n. Quedando de manifiesto que nuestra econom\u00eda nacional se sigue recuperando y se confirma el 2.6% de crecimiento. No obstante nuestra regi\u00f3n tuvo un crecimiento importante en el \u00faltimo trimestre del 2024 con un 9,6%. Mientras\u00a0 que durante todo el a\u00f1o 2024 nuestra regi\u00f3n tuvo un decrecimiento del 0,2%, lo que nos motiva a seguir trabajando para la reactivaci\u00f3n econ\u00f3mica que vimos ya como una se\u00f1al clara en el \u00faltimo trimestre del 2024 con este 9.6%\u201d.<\/em><\/p>\n<p style=\"text-align: justify;\">De acuerdo al informe del Banco Central con la pol\u00edtica de revisiones establecida para el Producto Interno Bruto Regional, se presentan nuevas estimaciones para el PIB y el consumo de hogares, que incorporan los nuevos agregados nacionales 2022 &#8211; 2024 provenientes de las Cuentas Nacionales Anuales (CNA) y las nuevas cifras trimestrales publicadas el pasado 18 de marzo. Adicionalmente, se actualizaron los indicadores y registros administrativos utilizados para distribuir por regi\u00f3n los agregados nacionales, consistente con el m\u00e9todo descendente de estimaci\u00f3n. Por lo tanto, se incorporaron las actualizaciones del directorio de empresas, y se revisaron los procesos de depuraci\u00f3n de los registros administrativos y la asignaci\u00f3n regional de las unidades estad\u00edsticas. Los puntos anteriores implicaron revisiones para todos los periodos de las series que utilizan estas fuentes. Por lo tanto, para la Regi\u00f3n de Ays\u00e9n lo anterior signific\u00f3 que para el a\u00f1o 2023, la regi\u00f3n creci\u00f3 8.2%, siendo el territorio con mayor crecimiento de ese a\u00f1o. Mientras que para el primer trimestre 2024, la disminuci\u00f3n pas\u00f3 de\u00a0 -9.7% a -5.6%.<\/p>\n<p style=\"text-align: justify;\">Como Gobierno seguiremos trabajando por el desarrollo regional, avanzando en el proyecto de Ley de Permisos Sectoriales, acelerando la inversi\u00f3n privada en la regi\u00f3n, fortaleciendo la ejecuci\u00f3n en obras p\u00fablicas, avanzando en el PEDZE junto al Gobierno Regional, y las diferentes iniciativas municipales financiadas al alero de los recursos del Royalty Minero.<\/p>\n<\/div><\/section><\/div><div  style='height:50px' class='hr hr-invisible   avia-builder-el-6  el_after_av_one_full  el_before_av_social_share '><span class='hr-inner ' ><span class='hr-inner-style'><\/span><\/span><\/div><\/p>\n<div  class='av-social-sharing-box  avia-builder-el-7  el_after_av_hr  el_before_av_hr  '><div class='av-share-box'><h5 class='av-share-link-description av-no-toc '>Compartir esta noticia<\/h5><ul class='av-share-box-list noLightbox'><li class='av-share-link av-social-link-facebook' ><a target=\"_blank\" aria-label=\"Compartir en Facebook\" href='https:\/\/www.facebook.com\/sharer.php?u=https:\/\/radiorevelacionfm.cl\/?p=53007&#038;t=Entre%20los%20meses%20de%20octubre%20a%20diciembre%202024%2C%20el%20PIB%20en%20la%20Regi%C3%B3n%20de%20Ays%C3%A9n%20present%C3%B3%20una%20crecimiento%20de%20un%209.%206%25%2C%20mientras%20que%20todo%20el%20a%C3%B1o%202024%20la%20actividad%20disminuy%C3%B3%200%2C2%25' aria-hidden='false' data-av_icon='\ue8f3' data-av_iconfont='entypo-fontello' title='' data-avia-related-tooltip='Compartir en Facebook' rel=\"noopener\"><span class='avia_hidden_link_text'>Compartir en Facebook<\/span><\/a><\/li><li class='av-share-link av-social-link-twitter' ><a target=\"_blank\" aria-label=\"Compartir en Twitter\" href='https:\/\/twitter.com\/share?text=Entre%20los%20meses%20de%20octubre%20a%20diciembre%202024%2C%20el%20PIB%20en%20la%20Regi%C3%B3n%20de%20Ays%C3%A9n%20present%C3%B3%20una%20crecimiento%20de%20un%209.%206%25%2C%20mientras%20que%20todo%20el%20a%C3%B1o%202024%20la%20actividad%20disminuy%C3%B3%200%2C2%25&#038;url=https:\/\/radiorevelacionfm.cl\/?p=53007' aria-hidden='false' data-av_icon='\ue8f1' data-av_iconfont='entypo-fontello' title='' data-avia-related-tooltip='Compartir en Twitter' rel=\"noopener\"><span class='avia_hidden_link_text'>Compartir en Twitter<\/span><\/a><\/li><li class='av-share-link av-social-link-whatsapp' ><a target=\"_blank\" aria-label=\"Compartir en Whatsapp\" href='https:\/\/api.whatsapp.com\/send?text=https:\/\/radiorevelacionfm.cl\/?p=53007' aria-hidden='false' data-av_icon='\uf232' data-av_iconfont='entypo-fontello' title='' data-avia-related-tooltip='Compartir en Whatsapp' rel=\"noopener\"><span class='avia_hidden_link_text'>Compartir en Whatsapp<\/span><\/a><\/li><li class='av-share-link av-social-link-linkedin' ><a target=\"_blank\" aria-label=\"Compartir en LinkedIn\" href='https:\/\/linkedin.com\/shareArticle?mini=true&#038;title=Entre%20los%20meses%20de%20octubre%20a%20diciembre%202024%2C%20el%20PIB%20en%20la%20Regi%C3%B3n%20de%20Ays%C3%A9n%20present%C3%B3%20una%20crecimiento%20de%20un%209.%206%25%2C%20mientras%20que%20todo%20el%20a%C3%B1o%202024%20la%20actividad%20disminuy%C3%B3%200%2C2%25&#038;url=https:\/\/radiorevelacionfm.cl\/?p=53007' aria-hidden='false' data-av_icon='\ue8fc' data-av_iconfont='entypo-fontello' title='' data-avia-related-tooltip='Compartir en LinkedIn' rel=\"noopener\"><span class='avia_hidden_link_text'>Compartir en LinkedIn<\/span><\/a><\/li><li class='av-share-link av-social-link-mail' ><a  aria-label=\"Compartir por correo\" href='mailto:?subject=Entre%20los%20meses%20de%20octubre%20a%20diciembre%202024%2C%20el%20PIB%20en%20la%20Regi%C3%B3n%20de%20Ays%C3%A9n%20present%C3%B3%20una%20crecimiento%20de%20un%209.%206%25%2C%20mientras%20que%20todo%20el%20a%C3%B1o%202024%20la%20actividad%20disminuy%C3%B3%200%2C2%25&#038;body=https:\/\/radiorevelacionfm.cl\/?p=53007' aria-hidden='false' data-av_icon='\ue805' data-av_iconfont='entypo-fontello' title='' data-avia-related-tooltip='Compartir por correo'><span class='avia_hidden_link_text'>Compartir por correo<\/span><\/a><\/li><\/ul><\/div><\/div>\n<div  style='height:50px' class='hr hr-invisible   avia-builder-el-8  el_after_av_social_share  el_before_av_comments_list '><span class='hr-inner ' ><span class='hr-inner-style'><\/span><\/span><\/div>\n<div  class='av-buildercomment  av-blog-meta-html-info-disabled av-blog-meta-tag-disabled  '><\/div>\n","protected":false},"excerpt":{"rendered":"","protected":false},"author":1,"featured_media":53008,"comment_status":"closed","ping_status":"closed","sticky":false,"template":"","format":"standard","meta":{"footnotes":""},"categories":[38],"tags":[],"class_list":["post-53007","post","type-post","status-publish","format-standard","has-post-thumbnail","hentry","category-regional"],"jetpack_featured_media_url":"https:\/\/radiorevelacionfm.cl\/wp-content\/uploads\/2025\/04\/Seremi-Economia-Aysen-1-1.jpg","_links":{"self":[{"href":"https:\/\/radiorevelacionfm.cl\/index.php?rest_route=\/wp\/v2\/posts\/53007","targetHints":{"allow":["GET"]}}],"collection":[{"href":"https:\/\/radiorevelacionfm.cl\/index.php?rest_route=\/wp\/v2\/posts"}],"about":[{"href":"https:\/\/radiorevelacionfm.cl\/index.php?rest_route=\/wp\/v2\/types\/post"}],"author":[{"embeddable":true,"href":"https:\/\/radiorevelacionfm.cl\/index.php?rest_route=\/wp\/v2\/users\/1"}],"replies":[{"embeddable":true,"href":"https:\/\/radiorevelacionfm.cl\/index.php?rest_route=%2Fwp%2Fv2%2Fcomments&post=53007"}],"version-history":[{"count":2,"href":"https:\/\/radiorevelacionfm.cl\/index.php?rest_route=\/wp\/v2\/posts\/53007\/revisions"}],"predecessor-version":[{"id":53051,"href":"https:\/\/radiorevelacionfm.cl\/index.php?rest_route=\/wp\/v2\/posts\/53007\/revisions\/53051"}],"wp:featuredmedia":[{"embeddable":true,"href":"https:\/\/radiorevelacionfm.cl\/index.php?rest_route=\/wp\/v2\/media\/53008"}],"wp:attachment":[{"href":"https:\/\/radiorevelacionfm.cl\/index.php?rest_route=%2Fwp%2Fv2%2Fmedia&parent=53007"}],"wp:term":[{"taxonomy":"category","embeddable":true,"href":"https:\/\/radiorevelacionfm.cl\/index.php?rest_route=%2Fwp%2Fv2%2Fcategories&post=53007"},{"taxonomy":"post_tag","embeddable":true,"href":"https:\/\/radiorevelacionfm.cl\/index.php?rest_route=%2Fwp%2Fv2%2Ftags&post=53007"}],"curies":[{"name":"wp","href":"https:\/\/api.w.org\/{rel}","templated":true}]}}