{"id":53003,"date":"2025-04-23T18:33:53","date_gmt":"2025-04-23T21:33:53","guid":{"rendered":"https:\/\/radiorevelacionfm.cl\/?p=53003"},"modified":"2025-04-23T18:33:53","modified_gmt":"2025-04-23T21:33:53","slug":"municipio-aysenino-se-reune-con-vecinos-de-la-comuna-asentados-en-bahia-exploradores-y-compromete-apoyo","status":"publish","type":"post","link":"https:\/\/radiorevelacionfm.cl\/?p=53003","title":{"rendered":"Municipio aysenino se re\u00fane con vecinos de la comuna asentados en Bah\u00eda Exploradores y compromete apoyo"},"content":{"rendered":"<div class=\"flex_column av_one_full  flex_column_div av-zero-column-padding first  avia-builder-el-0  el_before_av_one_full  avia-builder-el-first  \" style='border-radius:0px; '><div  class='avia-image-container  av-styling-    avia-builder-el-1  avia-builder-el-no-sibling  avia-align-center '  itemprop=\"image\" itemscope=\"itemscope\" itemtype=\"https:\/\/schema.org\/ImageObject\"  ><div class='avia-image-container-inner'><div class='avia-image-overlay-wrap'><img decoding=\"async\" class='wp-image-53004 avia-img-lazy-loading-not-53004 avia_image' src=\"https:\/\/radiorevelacionfm.cl\/wp-content\/uploads\/2025\/04\/com2356-1_optimized.jpg\" alt='' title='_com2356-(1)_optimized' height=\"600\" width=\"898\"  itemprop=\"thumbnailUrl\" srcset=\"https:\/\/radiorevelacionfm.cl\/wp-content\/uploads\/2025\/04\/com2356-1_optimized.jpg 898w, https:\/\/radiorevelacionfm.cl\/wp-content\/uploads\/2025\/04\/com2356-1_optimized-300x200.jpg 300w, https:\/\/radiorevelacionfm.cl\/wp-content\/uploads\/2025\/04\/com2356-1_optimized-768x513.jpg 768w, https:\/\/radiorevelacionfm.cl\/wp-content\/uploads\/2025\/04\/com2356-1_optimized-705x471.jpg 705w, https:\/\/radiorevelacionfm.cl\/wp-content\/uploads\/2025\/04\/com2356-1_optimized-450x301.jpg 450w, https:\/\/radiorevelacionfm.cl\/wp-content\/uploads\/2025\/04\/com2356-1_optimized-600x401.jpg 600w\" sizes=\"(max-width: 898px) 100vw, 898px\" \/><\/div><\/div><\/div><\/div><div class=\"flex_column av_one_full  flex_column_div av-zero-column-padding first  avia-builder-el-2  el_after_av_one_full  el_before_av_one_full  column-top-margin\" style='border-radius:0px; '><section class=\"av_textblock_section \"  itemscope=\"itemscope\" itemtype=\"https:\/\/schema.org\/BlogPosting\" itemprop=\"blogPost\" ><div class='avia_textblock  '   itemprop=\"text\" ><p style=\"text-align: center;\"><strong><span style=\"font-size: 18pt;\">Municipio aysenino se re\u00fane con vecinos de la comuna asentados en Bah\u00eda Exploradores y compromete apoyo<\/span><\/strong><\/p>\n<div id=\"gtx-trans\" style=\"position: absolute; left: -50px; top: 4.31534px;\">\n<div class=\"gtx-trans-icon\"><\/div>\n<\/div>\n<\/div><\/section><\/div><div class=\"flex_column av_one_full  flex_column_div av-zero-column-padding first  avia-builder-el-4  el_after_av_one_full  el_before_av_hr  column-top-margin\" style='border-radius:0px; '><section class=\"av_textblock_section \"  itemscope=\"itemscope\" itemtype=\"https:\/\/schema.org\/BlogPosting\" itemprop=\"blogPost\" ><div class='avia_textblock  '   itemprop=\"text\" ><p style=\"text-align: justify;\"><em>En un hito que la comunidad agradeci\u00f3, dado que es primera vez que un alcalde aysenino arriba hasta este sector. Donde los principales compromisos adquiridos fueron gestionar la reposici\u00f3n del servicio de antena de la empresa Movistar con Transportes y Telecomunicaciones, reparaci\u00f3n y mantenci\u00f3n de camino en ruta X-728, y apoyar la instalaci\u00f3n de un ba\u00f1o para turistas, entre otros. <\/em><\/p>\n<p style=\"text-align: justify;\">Hasta Bah\u00eda Exploradores se traslad\u00f3 este martes el alcalde de Ays\u00e9n, Luis Mart\u00ednez, junto a su secretario comunal de Planificaci\u00f3n, Jos\u00e9 Gonz\u00e1lez. Esto, para reunirse con los vecinos que viven en este sector de la regi\u00f3n que, geogr\u00e1ficamente, pertenece a la comuna aysenina.<\/p>\n<p style=\"text-align: justify;\">Al respecto, es la primera vez que un edil de la comuna de Ays\u00e9n arriba hasta la localidad, con el objetivo de escuchar las inquietudes y requerimientos por parte de la comunidad quienes, principalmente, se dedican al rubro agr\u00edcola, y que conviven a diario con prestadores de servicios enfocados al \u00e1rea tur\u00edstica, por lo cual sus necesidades apuntan a los servicios b\u00e1sicos que permitan atender a los turistas y, de esta manera, realizar una actividad sustentable.<\/p>\n<p style=\"text-align: justify;\">\u201cLe damos las gracias al alcalde por haber venido y ojal\u00e1 nos sigamos reuniendo y solucionando problemas en este sector en pro del turismo y el beneficio de todos. Fue una reuni\u00f3n espectacular, llegamos a varios acuerdos, y en todos ellos nos apoyar\u00e1 el municipio aysenino. Reparar el camino y mantenerlo durante todo el a\u00f1o, no s\u00f3lo durante el verano; la habilitaci\u00f3n de un ba\u00f1o para los turistas, en que nos apoyar\u00e1 la empresa privada y el municipio, y ampliar el lugar para aparcar los veh\u00edculos, y que la forma de embarcar y desembarcar sea m\u00e1s segura, y el turista se sienta m\u00e1s c\u00f3modo\u201d, explic\u00f3 Braulio Molina, vecino del sector y transportista de turismo.<\/p>\n<p style=\"text-align: justify;\">Por su parte, Jaime Schienfeldt, poblador de la localidad, destac\u00f3 que esta es la primera vez que un edil aysenino visita esta zona, y que siempre son bienvenidas las reuniones con autoridades que quieran apoyar a las mejoras en la calidad de vida de este grupo de personas. \u201cTodas las reuniones que se hacen con autoridades, donde uno puede presentar puntos o temas, donde se puedan plantear las dudas para el bien de la gente del lugar es buen\u00edsimo. Que las autoridades se empapen de nuestras problem\u00e1ticas y puedan buscar soluciones, es excelente\u201d.<\/p>\n<p style=\"text-align: justify;\">Josefina San Juan, operadora tur\u00edstica del sector laguna San Rafael, manifest\u00f3 que \u201csoy parte del movimiento que hemos liderado esta visualizaci\u00f3n y proyecci\u00f3n de mejora en el sector, tanto terrestre como en todo lo que tiene que ver con la navegaci\u00f3n a laguna San Rafael desde Puerto R\u00edo Tranquilo. El objetivo era visibilizar el auge que tiene este sector, el aumento explosivo que ha tenido tur\u00edsticamente y tambi\u00e9n los desaf\u00edos, no s\u00f3lo en lo tur\u00edstico. Se dio una din\u00e1mica bastante positiva donde pudimos transparentar los problem\u00e1ticas y oportunidades, y llegar a acuerdos que esperamos puedan concretarse en el corto y mediano plazo\u201d.<\/p>\n<p style=\"text-align: justify;\">Finalmente, y tras una instancia de conversaci\u00f3n, que incluy\u00f3 una visita al muelle, as\u00ed como a otros puntos de la zona, junto a otras autoridades que arribaron hasta la localidad, a trav\u00e9s de la convocatoria realizada por la Junta de Vecinos N\u00b06 Puerto R\u00edo Tranquilo, la autoridad comunal, Luis Mart\u00ednez relev\u00f3 esta acci\u00f3n, indicando que a su retorno al municipio iniciar\u00e1 de inmediato las gestiones que sean necesarias en pos de dar cumplimiento a las solicitudes de los vecinos. Una de ellas y prioritarias es ver la situaci\u00f3n que acontece con la antena que administra la empresa Movistar bajo el programa \u201cChile Comunica\u201d, la cual se encuentra fuera de servicio desde el a\u00f1o 2022, por lo que se comprometi\u00f3 a gestionar a trav\u00e9s de Transportes y Telecomunicaciones en un \u00e1rea tan importante como es la conectividad.<\/p>\n<p style=\"text-align: justify;\">\u201cUna interesante reuni\u00f3n con los pobladores y con los prestadores de servicio de Bah\u00eda Exploradores que tienen muchas necesidades, pero la principal es que su municipio est\u00e9 presente. As\u00ed que nos vamos muy conformes y muy tranquilos porque la reuni\u00f3n fue muy amena, pero tambi\u00e9n teniendo claridad que tenemos una responsabilidad de seguir atendiendo como debemos a los vecinos ayseninos que viven en este lugar, ya que son nuestros vecinos; y esta administraci\u00f3n pretende llegar a todos los ayseninos, sin importar cu\u00e1n lejos est\u00e9n\u201d.<\/p>\n<\/div><\/section><\/div><div  style='height:50px' class='hr hr-invisible   avia-builder-el-6  el_after_av_one_full  el_before_av_social_share '><span class='hr-inner ' ><span class='hr-inner-style'><\/span><\/span><\/div><\/p>\n<div  class='av-social-sharing-box  avia-builder-el-7  el_after_av_hr  el_before_av_hr  '><div class='av-share-box'><h5 class='av-share-link-description av-no-toc '>Compartir esta noticia<\/h5><ul class='av-share-box-list noLightbox'><li class='av-share-link av-social-link-facebook' ><a target=\"_blank\" aria-label=\"Compartir en Facebook\" href='https:\/\/www.facebook.com\/sharer.php?u=https:\/\/radiorevelacionfm.cl\/?p=53003&#038;t=Municipio%20aysenino%20se%20re%C3%BAne%20con%20vecinos%20de%20la%20comuna%20asentados%20en%20Bah%C3%ADa%20Exploradores%20y%20compromete%20apoyo' aria-hidden='false' data-av_icon='\ue8f3' data-av_iconfont='entypo-fontello' title='' data-avia-related-tooltip='Compartir en Facebook' rel=\"noopener\"><span class='avia_hidden_link_text'>Compartir en Facebook<\/span><\/a><\/li><li class='av-share-link av-social-link-twitter' ><a target=\"_blank\" aria-label=\"Compartir en Twitter\" href='https:\/\/twitter.com\/share?text=Municipio%20aysenino%20se%20re%C3%BAne%20con%20vecinos%20de%20la%20comuna%20asentados%20en%20Bah%C3%ADa%20Exploradores%20y%20compromete%20apoyo&#038;url=https:\/\/radiorevelacionfm.cl\/?p=53003' aria-hidden='false' data-av_icon='\ue8f1' data-av_iconfont='entypo-fontello' title='' data-avia-related-tooltip='Compartir en Twitter' rel=\"noopener\"><span class='avia_hidden_link_text'>Compartir en Twitter<\/span><\/a><\/li><li class='av-share-link av-social-link-whatsapp' ><a target=\"_blank\" aria-label=\"Compartir en Whatsapp\" href='https:\/\/api.whatsapp.com\/send?text=https:\/\/radiorevelacionfm.cl\/?p=53003' aria-hidden='false' data-av_icon='\uf232' data-av_iconfont='entypo-fontello' title='' data-avia-related-tooltip='Compartir en Whatsapp' rel=\"noopener\"><span class='avia_hidden_link_text'>Compartir en Whatsapp<\/span><\/a><\/li><li class='av-share-link av-social-link-linkedin' ><a target=\"_blank\" aria-label=\"Compartir en LinkedIn\" href='https:\/\/linkedin.com\/shareArticle?mini=true&#038;title=Municipio%20aysenino%20se%20re%C3%BAne%20con%20vecinos%20de%20la%20comuna%20asentados%20en%20Bah%C3%ADa%20Exploradores%20y%20compromete%20apoyo&#038;url=https:\/\/radiorevelacionfm.cl\/?p=53003' aria-hidden='false' data-av_icon='\ue8fc' data-av_iconfont='entypo-fontello' title='' data-avia-related-tooltip='Compartir en LinkedIn' rel=\"noopener\"><span class='avia_hidden_link_text'>Compartir en LinkedIn<\/span><\/a><\/li><li class='av-share-link av-social-link-mail' ><a  aria-label=\"Compartir por correo\" href='mailto:?subject=Municipio%20aysenino%20se%20re%C3%BAne%20con%20vecinos%20de%20la%20comuna%20asentados%20en%20Bah%C3%ADa%20Exploradores%20y%20compromete%20apoyo&#038;body=https:\/\/radiorevelacionfm.cl\/?p=53003' aria-hidden='false' data-av_icon='\ue805' data-av_iconfont='entypo-fontello' title='' data-avia-related-tooltip='Compartir por correo'><span class='avia_hidden_link_text'>Compartir por correo<\/span><\/a><\/li><\/ul><\/div><\/div>\n<div  style='height:50px' class='hr hr-invisible   avia-builder-el-8  el_after_av_social_share  el_before_av_comments_list '><span class='hr-inner ' ><span class='hr-inner-style'><\/span><\/span><\/div>\n<div  class='av-buildercomment  av-blog-meta-html-info-disabled av-blog-meta-tag-disabled  '><\/div>\n","protected":false},"excerpt":{"rendered":"","protected":false},"author":1,"featured_media":53004,"comment_status":"closed","ping_status":"closed","sticky":false,"template":"","format":"standard","meta":{"footnotes":""},"categories":[38],"tags":[],"class_list":["post-53003","post","type-post","status-publish","format-standard","has-post-thumbnail","hentry","category-regional"],"jetpack_featured_media_url":"https:\/\/radiorevelacionfm.cl\/wp-content\/uploads\/2025\/04\/com2356-1_optimized.jpg","_links":{"self":[{"href":"https:\/\/radiorevelacionfm.cl\/index.php?rest_route=\/wp\/v2\/posts\/53003","targetHints":{"allow":["GET"]}}],"collection":[{"href":"https:\/\/radiorevelacionfm.cl\/index.php?rest_route=\/wp\/v2\/posts"}],"about":[{"href":"https:\/\/radiorevelacionfm.cl\/index.php?rest_route=\/wp\/v2\/types\/post"}],"author":[{"embeddable":true,"href":"https:\/\/radiorevelacionfm.cl\/index.php?rest_route=\/wp\/v2\/users\/1"}],"replies":[{"embeddable":true,"href":"https:\/\/radiorevelacionfm.cl\/index.php?rest_route=%2Fwp%2Fv2%2Fcomments&post=53003"}],"version-history":[{"count":2,"href":"https:\/\/radiorevelacionfm.cl\/index.php?rest_route=\/wp\/v2\/posts\/53003\/revisions"}],"predecessor-version":[{"id":53014,"href":"https:\/\/radiorevelacionfm.cl\/index.php?rest_route=\/wp\/v2\/posts\/53003\/revisions\/53014"}],"wp:featuredmedia":[{"embeddable":true,"href":"https:\/\/radiorevelacionfm.cl\/index.php?rest_route=\/wp\/v2\/media\/53004"}],"wp:attachment":[{"href":"https:\/\/radiorevelacionfm.cl\/index.php?rest_route=%2Fwp%2Fv2%2Fmedia&parent=53003"}],"wp:term":[{"taxonomy":"category","embeddable":true,"href":"https:\/\/radiorevelacionfm.cl\/index.php?rest_route=%2Fwp%2Fv2%2Fcategories&post=53003"},{"taxonomy":"post_tag","embeddable":true,"href":"https:\/\/radiorevelacionfm.cl\/index.php?rest_route=%2Fwp%2Fv2%2Ftags&post=53003"}],"curies":[{"name":"wp","href":"https:\/\/api.w.org\/{rel}","templated":true}]}}